{"id":595171,"date":"2025-12-12T15:45:33","date_gmt":"2025-12-12T15:45:33","guid":{"rendered":"https:\/\/www.europesays.com\/fr\/595171\/"},"modified":"2025-12-12T15:45:33","modified_gmt":"2025-12-12T15:45:33","slug":"lallemagne-accuse-la-russie-dune-cyberattaque-contre-la-securite-aerienne-et-dingerence-electorale-actualites","status":"publish","type":"post","link":"https:\/\/www.europesays.com\/fr\/595171\/","title":{"rendered":"L&rsquo;Allemagne accuse la Russie d&rsquo;une cyberattaque contre la s\u00e9curit\u00e9 a\u00e9rienne et d&rsquo;ing\u00e9rence \u00e9lectorale : Actualit\u00e9s"},"content":{"rendered":"<p class=\"lead \">L\u2019Allemagne a attribu\u00e9 vendredi \u00e0 la Russie une \u00ab\u00a0attaque informatique\u00a0\u00bb visant son syst\u00e8me de contr\u00f4le du trafic a\u00e9rien ainsi qu&rsquo;une \u00ab\u00a0campagne\u00a0\u00bb de d\u00e9stabilisation durant les derni\u00e8res l\u00e9gislatives allemandes, et convoqu\u00e9 l&rsquo;ambassadeur russe \u00e0 Berlin pour ces accusations.<\/p>\n<p class=\"lead \">\u00ab\u00a0Le service de renseignement militaire russe GRU est responsable de cette attaque\u00a0\u00bb informatique commise en ao\u00fbt 2024 contre la s\u00e9curit\u00e9 a\u00e9rienne allemande, que Berlin \u00ab\u00a0attribue clairement (&#8230;) au collectif de hackers APT28, \u00e9galement connu sous le nom de Fancy Bear\u00a0\u00bb, a d\u00e9clar\u00e9 un porte-parole du minist\u00e8re allemand des Affaires \u00e9trang\u00e8res lors d&rsquo;un point de presse r\u00e9gulier.<\/p>\n<p class=\"lead \">\u00ab\u00a0Deuxi\u00e8mement, nous pouvons aujourd&rsquo;hui affirmer de mani\u00e8re formelle que la Russie a tent\u00e9, \u00e0 travers la campagne Storm 1516, d&rsquo;influencer et de d\u00e9stabiliser tant la derni\u00e8re \u00e9lection au Bundestag (Parlement allemand, en f\u00e9vrier) que, de fa\u00e7on continue, les affaires int\u00e9rieures de la R\u00e9publique f\u00e9d\u00e9rale d&rsquo;Allemagne\u00a0\u00bb, a-t-il poursuivi.<\/p>\n<p class=\"lead \">Depuis l&rsquo;invasion russe de l&rsquo;Ukraine en f\u00e9vrier 2022, les pays europ\u00e9ens accusent la Russie de mener une guerre \u00ab\u00a0hybride\u00a0\u00bb contre eux \u2014 un m\u00e9lange de moyens non conventionnels qui peut inclure du sabotage et des campagnes de d\u00e9sinformation.<\/p>\n<p class=\"lead \">Berlin d\u00e9tient des \u00ab\u00a0preuves absolument solides\u00a0\u00bb de l&rsquo;implication de Moscou dans ces deux affaires, mais ne les d\u00e9taillera pas pour prot\u00e9ger le travail de ses services de renseignement, a affirm\u00e9 le porte-parole.<\/p>\n<p class=\"lead \">Contact\u00e9e vendredi par l&rsquo;AFP, l&rsquo;ambassade de Russie \u00e0 Berlin n&rsquo;a pas r\u00e9agi pour le moment.<\/p>\n<p class=\"lead \">Le porte-parole de la diplomatie allemande a annonc\u00e9, \u00ab\u00a0en \u00e9troite concertation avec nos partenaires europ\u00e9ens, une s\u00e9rie de mesures de r\u00e9torsion afin de faire payer \u00e0 la Russie le prix de ses attaques hybrides\u00a0\u00bb.<\/p>\n<p class=\"lead \">L&rsquo;Allemagne va \u00ab\u00a0soutenir de nouvelles sanctions individuelles contre des acteurs hybrides\u00a0\u00bb au niveau de l&rsquo;UE, qui impliqueront des \u00ab\u00a0interdictions d&rsquo;entr\u00e9e\u00a0\u00bb dans l&rsquo;UE, \u00ab\u00a0le gel de leurs avoirs et une interdiction d&rsquo;acc\u00e8s aux ressources \u00e9conomiques\u00a0\u00bb, a-t-il expliqu\u00e9.<\/p>\n<p class=\"lead \">Et \u00e0 partir de janvier, les d\u00e9placements transfrontaliers des diplomates russes dans l&rsquo;espace europ\u00e9en Schengen seront \u00e9galement contr\u00f4l\u00e9s, afin de \u00ab\u00a0minimiser les risques en mati\u00e8re de renseignement\u00a0\u00bb, tandis que d&rsquo;autres \u00ab\u00a0restrictions bilat\u00e9rales pour le personnel diplomatique russe\u00a0\u00bb sont aussi pr\u00e9vues, a-t-il pr\u00e9cis\u00e9.<\/p>\n<p class=\"lead \">Pour faire face \u00e0 ces menaces hybrides, Berlin pr\u00e9voit en outre la mise en place d&rsquo;une nouvelle plateforme de coordination interminist\u00e9rielle, a indiqu\u00e9 une porte-parole du minist\u00e8re de l&rsquo;Int\u00e9rieur.<\/p>\n<p class=\"lead \">&#8211; Menace \u00ab\u00a0tr\u00e8s concr\u00e8te\u00a0\u00bb &#8211;<\/p>\n<p class=\"lead \">Ces derniers mois, Berlin a aussi sonn\u00e9 la mobilisation pour renforcer sa d\u00e9fense contre les drones afin de r\u00e9pliquer aux multiples incursions de ce type d&rsquo;appareils sur des sites strat\u00e9giques, des a\u00e9roports aux terrains industriels, dont il soup\u00e7onne Moscou d&rsquo;\u00eatre responsable.<\/p>\n<p class=\"lead \">Le gouvernement du chancelier Friedrich Merz a d\u00e9j\u00e0 renforc\u00e9 les pouvoirs de la police en lui permettant d&rsquo;abattre des drones, et a adopt\u00e9 un projet de loi qui doit permettre \u00e0 l&rsquo;arm\u00e9e d&rsquo;intervenir contre les drones non autoris\u00e9s dans l&rsquo;espace a\u00e9rien national.<\/p>\n<p class=\"lead \">Premier soutien de l&rsquo;Ukraine en Europe et plateforme logistique cl\u00e9 pour l&rsquo;Otan, l&rsquo;Allemagne se consid\u00e8re comme une cible centrale de ces attaques.<\/p>\n<p class=\"lead \">Berlin observe \u00ab\u00a0depuis un certain temps une augmentation massive des activit\u00e9s hybrides mena\u00e7antes de la part de la Russie\u00a0\u00bb, qui vont \u00ab\u00a0des campagnes de d\u00e9sinformation \u00e0 l\u2019espionnage et aux cyberattaques, jusqu&rsquo;aux tentatives de sabotage\u00a0\u00bb, a soulign\u00e9 vendredi le m\u00eame porte-parole du minist\u00e8re des Affaires \u00e9trang\u00e8res.<\/p>\n<p class=\"lead \">Moscou menace \u00ab\u00a0de fa\u00e7on tr\u00e8s concr\u00e8te notre s\u00e9curit\u00e9\u00a0\u00bb en cherchant \u00e0 \u00ab\u00a0diviser la soci\u00e9t\u00e9, semer la m\u00e9fiance, susciter le rejet et affaiblir la confiance dans les institutions d\u00e9mocratiques\u00a0\u00bb, a-t-il d\u00e9nonc\u00e9.<\/p>\n<p class=\"lead \">Ces op\u00e9rations pourraient s&rsquo;accro\u00eetre \u00e0 l&rsquo;occasion d&rsquo;une s\u00e9rie d&rsquo;\u00e9lections r\u00e9gionales en Allemagne en 2026, a estim\u00e9 lundi le chef du renseignement int\u00e9rieur allemand.<\/p>\n<p class=\"lead \">Le parti d&rsquo;extr\u00eame droite AfD, prorusse et antimigrants, peut esp\u00e9rer des gains consid\u00e9rables dans ces cinq r\u00e9gions, voire prendre le contr\u00f4le de certaines.<\/p>\n<p class=\"lead \">Principale force d&rsquo;opposition dans le pays apr\u00e8s une deuxi\u00e8me place historique au scrutin l\u00e9gislatif de f\u00e9vrier, l&rsquo;AfD est suspect\u00e9 par les autres partis de r\u00e9colter des informations sensibles sur les infrastructures allemandes pour les transmettre \u00e0 Moscou.<\/p>\n<p class=\"small font-weight-bold text-gray3 \"> publi\u00e9 le 12 d\u00e9cembre \u00e0 16h25, AFP<\/p>\n<p>                             Partager<\/p>\n","protected":false},"excerpt":{"rendered":"L\u2019Allemagne a attribu\u00e9 vendredi \u00e0 la Russie une \u00ab\u00a0attaque informatique\u00a0\u00bb visant son syst\u00e8me de contr\u00f4le du trafic a\u00e9rien&hellip;\n","protected":false},"author":2,"featured_media":595172,"comment_status":"","ping_status":"","sticky":false,"template":"","format":"standard","meta":{"footnotes":""},"categories":[1591],"tags":[11910,11,672,7182,2120,24373,312,1887,311,12,1885,1886,132,42,2803,220],"class_list":{"0":"post-595171","1":"post","2":"type-post","3":"status-publish","4":"format-standard","5":"has-post-thumbnail","7":"category-russie","8":"tag-lections","9":"tag-actualites","10":"tag-allemagne","11":"tag-aviation","12":"tag-conflit","13":"tag-cyberscurit","14":"tag-diplomatie","15":"tag-federation-de-russie","16":"tag-informatique","17":"tag-news","18":"tag-russia","19":"tag-russian-federation","20":"tag-russie","21":"tag-technologies","22":"tag-transport","23":"tag-ukraine"},"share_on_mastodon":{"url":"https:\/\/pubeurope.com\/@fr\/115707374746857171","error":""},"_links":{"self":[{"href":"https:\/\/www.europesays.com\/fr\/wp-json\/wp\/v2\/posts\/595171","targetHints":{"allow":["GET"]}}],"collection":[{"href":"https:\/\/www.europesays.com\/fr\/wp-json\/wp\/v2\/posts"}],"about":[{"href":"https:\/\/www.europesays.com\/fr\/wp-json\/wp\/v2\/types\/post"}],"author":[{"embeddable":true,"href":"https:\/\/www.europesays.com\/fr\/wp-json\/wp\/v2\/users\/2"}],"replies":[{"embeddable":true,"href":"https:\/\/www.europesays.com\/fr\/wp-json\/wp\/v2\/comments?post=595171"}],"version-history":[{"count":0,"href":"https:\/\/www.europesays.com\/fr\/wp-json\/wp\/v2\/posts\/595171\/revisions"}],"wp:featuredmedia":[{"embeddable":true,"href":"https:\/\/www.europesays.com\/fr\/wp-json\/wp\/v2\/media\/595172"}],"wp:attachment":[{"href":"https:\/\/www.europesays.com\/fr\/wp-json\/wp\/v2\/media?parent=595171"}],"wp:term":[{"taxonomy":"category","embeddable":true,"href":"https:\/\/www.europesays.com\/fr\/wp-json\/wp\/v2\/categories?post=595171"},{"taxonomy":"post_tag","embeddable":true,"href":"https:\/\/www.europesays.com\/fr\/wp-json\/wp\/v2\/tags?post=595171"}],"curies":[{"name":"wp","href":"https:\/\/api.w.org\/{rel}","templated":true}]}}