{"id":595196,"date":"2025-12-12T15:58:12","date_gmt":"2025-12-12T15:58:12","guid":{"rendered":"https:\/\/www.europesays.com\/fr\/595196\/"},"modified":"2025-12-12T15:58:12","modified_gmt":"2025-12-12T15:58:12","slug":"atp-rick-macci-a-la-question-djokovic-peut-il-remporter-un-grand-chelem-en-2026-la-reponse-est-oui-a-deux-conditions","status":"publish","type":"post","link":"https:\/\/www.europesays.com\/fr\/595196\/","title":{"rendered":"ATP > Rick Macci : \u00ab\u00a0\u00c0 la question &lsquo;Djokovic peut-il remporter un Grand Chelem en 2026&rsquo;, la r\u00e9ponse est oui, \u00e0 deux conditions\u00a0\u00bb"},"content":{"rendered":"<p>Le forma\u00adteur de Serena et Venus Williams, Rick Macci, a r\u00e9pondu \u00e0 la ques\u00adtion que tout le monde se pose sur Novak Djokovic avant le d\u00e9but de saison 2026.\u00a0<\/p>\n<blockquote class=\"twitter-tweet\">\n<p lang=\"en\" dir=\"ltr\">Asked if the Joker can win a slam in 2026 . YES. 1.If Sinner\/ Alcaraz get upset or get injured. 2. If he does not have 5 set street fights and has time to recover. Can the Serbian Sniper the Rubber Band man win another Slam\u202f? YES because he has been there done that\u202f! <a href=\"https:\/\/twitter.com\/DjokerNole?ref_src=twsrc%5Etfw\" data-wpel-link=\"external\" target=\"_blank\" rel=\"nofollow external noopener\">@DjokerNole<\/a><\/p>\n<p>\u2014 Rick Macci (@RickMacci) <a href=\"https:\/\/twitter.com\/RickMacci\/status\/1998818191829774736?ref_src=twsrc%5Etfw\" data-wpel-link=\"external\" target=\"_blank\" rel=\"nofollow external noopener\">December 10,\u00a02025<\/a><\/p><\/blockquote>\n<p><strong>\u00ab\u202f\u00c0 la ques\u00adtion \u2018Le Joker peut\u2010il remporter un Grand Chelem en 2026 ?\u2019, la r\u00e9ponse est OUI. 1. Si Sinner et Alcaraz sont battus ou bless\u00e9s. 2. S\u2019il n\u2019a pas \u00e0 disputer cinq sets acharn\u00e9s et qu\u2019il a le temps de r\u00e9cu\u00adp\u00e9rer. Le sniper serbe, l\u2019homme \u00e9las\u00adtique, peut\u2010il remporter un autre Grand Chelem\u202f?\u00a0Oui\u202f\u00bb<\/strong><\/p>\n<p class=\"post-published-date\" style=\"color: silver; font-size: 75%; text-align: left;\">Publi\u00e9 le vendredi 12 d\u00e9cembre 2025 \u00e0 13:44<\/p>\n<p><script async src=\"https:\/\/platform.twitter.com\/widgets.js\" charset=\"utf-8\"><\/script><\/p>\n","protected":false},"excerpt":{"rendered":"Le forma\u00adteur de Serena et Venus Williams, Rick Macci, a r\u00e9pondu \u00e0 la ques\u00adtion que tout le monde&hellip;\n","protected":false},"author":2,"featured_media":363313,"comment_status":"","ping_status":"","sticky":false,"template":"","format":"standard","meta":{"footnotes":""},"categories":[1415],"tags":[1744,105,1011,27,2201,2127,60,1467],"class_list":{"0":"post-595196","1":"post","2":"type-post","3":"status-publish","4":"format-standard","5":"has-post-thumbnail","7":"category-tennis","8":"tag-alcaraz","9":"tag-djokovic","10":"tag-fr","11":"tag-france","12":"tag-serena-williams","13":"tag-sinner","14":"tag-sports","15":"tag-tennis"},"share_on_mastodon":{"url":"https:\/\/pubeurope.com\/@fr\/115707425781607099","error":""},"_links":{"self":[{"href":"https:\/\/www.europesays.com\/fr\/wp-json\/wp\/v2\/posts\/595196","targetHints":{"allow":["GET"]}}],"collection":[{"href":"https:\/\/www.europesays.com\/fr\/wp-json\/wp\/v2\/posts"}],"about":[{"href":"https:\/\/www.europesays.com\/fr\/wp-json\/wp\/v2\/types\/post"}],"author":[{"embeddable":true,"href":"https:\/\/www.europesays.com\/fr\/wp-json\/wp\/v2\/users\/2"}],"replies":[{"embeddable":true,"href":"https:\/\/www.europesays.com\/fr\/wp-json\/wp\/v2\/comments?post=595196"}],"version-history":[{"count":0,"href":"https:\/\/www.europesays.com\/fr\/wp-json\/wp\/v2\/posts\/595196\/revisions"}],"wp:featuredmedia":[{"embeddable":true,"href":"https:\/\/www.europesays.com\/fr\/wp-json\/wp\/v2\/media\/363313"}],"wp:attachment":[{"href":"https:\/\/www.europesays.com\/fr\/wp-json\/wp\/v2\/media?parent=595196"}],"wp:term":[{"taxonomy":"category","embeddable":true,"href":"https:\/\/www.europesays.com\/fr\/wp-json\/wp\/v2\/categories?post=595196"},{"taxonomy":"post_tag","embeddable":true,"href":"https:\/\/www.europesays.com\/fr\/wp-json\/wp\/v2\/tags?post=595196"}],"curies":[{"name":"wp","href":"https:\/\/api.w.org\/{rel}","templated":true}]}}