{"id":595197,"date":"2025-12-12T16:02:12","date_gmt":"2025-12-12T16:02:12","guid":{"rendered":"https:\/\/www.europesays.com\/fr\/595197\/"},"modified":"2025-12-12T16:02:12","modified_gmt":"2025-12-12T16:02:12","slug":"st-michel-preference-home-auber-93-recrute-aux-etats-unis-actualite","status":"publish","type":"post","link":"https:\/\/www.europesays.com\/fr\/595197\/","title":{"rendered":"St-Michel-Preference Home-Auber 93 recrute aux Etats-Unis &#8211; Actualit\u00e9"},"content":{"rendered":"<p style=\"text-align: justify;\">L&rsquo;\u00e9quipe f\u00e9minine de St-Michel-Preference Home-Auber 93 annonce une nouvelle recrue pour la saison 2026. Il s&rsquo;agit de l&rsquo;Am\u00e9ricaine <strong><a href=\"https:\/\/www.directvelo.com\/coureur\/23503\/heidi-franz\" target=\"_blank\" rel=\"noopener\">Heidi Franz<\/a><\/strong>, qui d\u00e9barque en provenance de Cynisca.<\/p>\n<p style=\"text-align: justify;\">L&rsquo;athl\u00e8te de 30 ans n&rsquo;a pas toujours \u00e9t\u00e9 en r\u00e9ussite dans ses choix d&rsquo;\u00e9quipes ces derni\u00e8res ann\u00e9es puisqu&rsquo;elle s&rsquo;est notamment retrouv\u00e9e chez ZAAF Cycling puis du c\u00f4t\u00e9 de Lifeplus Wahoo, deux \u00e9quipes qui ont mis la clef sous la porte. Auparavant, elle avait port\u00e9 plusieurs saisons le maillot de la Rally Cycling Team.<\/p>\n<p>En 2025, <strong><a href=\"https:\/\/www.directvelo.com\/epreuve\/46913\/etape\/46915\/tour-du-portugal-feminin-etape-2\" target=\"_blank\" rel=\"noopener\">Heidi Franz\u00a0a remport\u00e9 une \u00e9tape du Tour du Portugal<\/a><\/strong>, en Classe 2, devant la Su\u00e9doise Emilia Fahlin (Ark\u00e9a-B&amp;B H\u00f4tels). Tr\u00e8s r\u00e9guli\u00e8re tout au long de la semaine, elle s&rsquo;\u00e9tait d&rsquo;ailleurs class\u00e9e 3e du classement g\u00e9n\u00e9ral final. Heid Franz a aussi pris la 9e place de la P\u00e9rigord Ladies (1.1) en juillet dernier.\u00a0<\/p>\n<p>Retrouvez<strong>\u00a0<\/strong>tous les transferts de l&rsquo;intersaison 2025-2026<strong>\u00a0<strong><a href=\"https:\/\/www.directvelo.com\/mutations\/2026#teams-pro\" target=\"_blank\" rel=\"noopener\">en cliquant ici<\/a><\/strong>.<\/strong><\/p>\n","protected":false},"excerpt":{"rendered":"L&rsquo;\u00e9quipe f\u00e9minine de St-Michel-Preference Home-Auber 93 annonce une nouvelle recrue pour la saison 2026. Il s&rsquo;agit de l&rsquo;Am\u00e9ricaine&hellip;\n","protected":false},"author":2,"featured_media":595198,"comment_status":"","ping_status":"","sticky":false,"template":"","format":"standard","meta":{"footnotes":""},"categories":[1411],"tags":[834,828,836,829,837,827,83,826,824,823,1154,207,814,817,815,816,822,821,832,211,839,1011,27,820,818,819,835,831,830,833,838,60,212,208,825],"class_list":{"0":"post-595197","1":"post","2":"type-post","3":"status-publish","4":"format-standard","5":"has-post-thumbnail","7":"category-cyclisme","8":"tag-attaque","9":"tag-belgique","10":"tag-braquet","11":"tag-bretagne","12":"tag-chute","13":"tag-competition","14":"tag-coupe-de-france","15":"tag-coureur","16":"tag-course-cyclisme","17":"tag-course-cycliste","18":"tag-cycling","19":"tag-cyclisme","20":"tag-direct","21":"tag-direct-velo","22":"tag-directvelo","23":"tag-directvelo-com","24":"tag-epreuve","25":"tag-epreuve-cycliste","26":"tag-federation-francaise-de-cyclisme","27":"tag-ffc","28":"tag-flandres","29":"tag-fr","30":"tag-france","31":"tag-live","32":"tag-live-course","33":"tag-live-epreuve","34":"tag-peloton","35":"tag-radio-peloton","36":"tag-radio-tour","37":"tag-ravitaillement","38":"tag-relance","39":"tag-sports","40":"tag-uci","41":"tag-velo","42":"tag-velos"},"share_on_mastodon":{"url":"https:\/\/pubeurope.com\/@fr\/115707441650464278","error":""},"_links":{"self":[{"href":"https:\/\/www.europesays.com\/fr\/wp-json\/wp\/v2\/posts\/595197","targetHints":{"allow":["GET"]}}],"collection":[{"href":"https:\/\/www.europesays.com\/fr\/wp-json\/wp\/v2\/posts"}],"about":[{"href":"https:\/\/www.europesays.com\/fr\/wp-json\/wp\/v2\/types\/post"}],"author":[{"embeddable":true,"href":"https:\/\/www.europesays.com\/fr\/wp-json\/wp\/v2\/users\/2"}],"replies":[{"embeddable":true,"href":"https:\/\/www.europesays.com\/fr\/wp-json\/wp\/v2\/comments?post=595197"}],"version-history":[{"count":0,"href":"https:\/\/www.europesays.com\/fr\/wp-json\/wp\/v2\/posts\/595197\/revisions"}],"wp:featuredmedia":[{"embeddable":true,"href":"https:\/\/www.europesays.com\/fr\/wp-json\/wp\/v2\/media\/595198"}],"wp:attachment":[{"href":"https:\/\/www.europesays.com\/fr\/wp-json\/wp\/v2\/media?parent=595197"}],"wp:term":[{"taxonomy":"category","embeddable":true,"href":"https:\/\/www.europesays.com\/fr\/wp-json\/wp\/v2\/categories?post=595197"},{"taxonomy":"post_tag","embeddable":true,"href":"https:\/\/www.europesays.com\/fr\/wp-json\/wp\/v2\/tags?post=595197"}],"curies":[{"name":"wp","href":"https:\/\/api.w.org\/{rel}","templated":true}]}}