{"id":595203,"date":"2025-12-12T16:05:14","date_gmt":"2025-12-12T16:05:14","guid":{"rendered":"https:\/\/www.europesays.com\/fr\/595203\/"},"modified":"2025-12-12T16:05:14","modified_gmt":"2025-12-12T16:05:14","slug":"madame-la-presidente-du-musee-du-louvre-il-est-temps-de-demissionner","status":"publish","type":"post","link":"https:\/\/www.europesays.com\/fr\/595203\/","title":{"rendered":"\u00abMadame la pr\u00e9sidente du mus\u00e9e du Louvre, il est temps de d\u00e9missionner\u00bb"},"content":{"rendered":"<p>\n    <strong>TRIBUNE &#8211; <\/strong>Alors que l\u2019enqu\u00eate ouverte apr\u00e8s le braquage du mus\u00e9e du Louvres a rendu ses conclusions le 10 d\u00e9cembre, Max Brisson, vice-pr\u00e9sident LR de la commission de la culture du S\u00e9nat, adresse une lettre ouverte \u00e0 Laurence des Cars dans laquelle il l\u2019appelle \u00e0 prendre ses responsabilit\u00e9s.<\/p>\n<p class=\"fig-paragraph\">Max Brisson est s\u00e9nateur LR des Pyr\u00e9n\u00e9es-Atlantiques et vice-pr\u00e9sident de la commission de la culture du S\u00e9nat.\u00a0<\/p>\n<p class=\"fig-paragraph\">Madame la pr\u00e9sidente, directrice g\u00e9n\u00e9rale,<\/p>\n<p class=\"fig-paragraph\">La nuit du 15 au 16 d\u00e9cembre 1976, dans la galerie Apollon du mus\u00e9e du Louvre, trois malfaiteurs, usant d\u2019un \u00e9chafaudage, p\u00e9n\u00e8trent dans la galerie d\u2019Apollon, blessent et ligotent deux gardiens du mus\u00e9e, s\u2019emparent de\u00a0<a href=\"http:\/\/www.lefigaro.fr\/histoire\/charles-x-a-reims-le-sacre-en-technicolor-d-un-anti-guepard-20250410\" data-fig-type=\"Article\" data-gtm-custom-categorie=\"navigation\" data-gtm-custom-action=\"crossclick\" data-gtm-custom-label=\"Contextuel\" data-gtm-event=\"customEventSPE\" data-fig-domain=\"LEFIGARO\" target=\"_blank\" rel=\"noopener\">l\u2019\u00e9p\u00e9e de Charles X<\/a>\u00a0et parviennent \u00e0 s\u2019enfuir avec leur butin. Nous sommes le 12 d\u00e9cembre 2025, l\u2019\u00e9p\u00e9e n\u2019a jamais \u00e9t\u00e9 retrouv\u00e9e.<\/p>\n<p class=\"fig-paragraph\">Dans la matin\u00e9e du 19 octobre 2025, dans\u00a0<a href=\"http:\/\/www.lefigaro.fr\/culture\/patrimoine\/vol-au-louvre-la-galerie-d-apollon-n-etait-pas-un-point-de-vigilance-selon-laurence-des-cars-20251201\" data-fig-type=\"NewsFlash\" data-gtm-custom-categorie=\"navigation\" data-gtm-custom-action=\"crossclick\" data-gtm-custom-label=\"Contextuel\" data-gtm-event=\"customEventSPE\" data-fig-domain=\"LEFIGARO\" target=\"_blank\" rel=\"noopener\">cette m\u00eame galerie Apollon<\/a>\u00a0du mus\u00e9e du Louvre, un monte-charge et deux scooters se garent sur le trottoir du quai Fran\u00e7ois-Mitterrand, en contresens de la circulation, sur le c\u00f4t\u00e9 sud du mus\u00e9e. Gr\u00e2ce au bras t\u00e9lescopique, deux malfaiteurs, v\u00eatus de gilets de haute visibilit\u00e9, s\u2019\u00e9l\u00e8vent jusqu\u2019au balcon de la galerie. Le visage encagoul\u00e9, ils p\u00e9n\u00e8trent \u00e0 l\u2019int\u00e9rieur en brisant le carreau d\u2019une fen\u00eatre, menacent les agents de s\u00e9curit\u00e9, cassent les vitrines, s\u2019emparent\u2026<\/p>\n<p class=\"fig-premium-paywall__infos\">\n        Cet article est r\u00e9serv\u00e9 aux abonn\u00e9s.        Il vous reste 86% \u00e0 d\u00e9couvrir.\n    <\/p>\n<p>                <img  data- alt=\"Le Figaro\" class=\"fig-img--complete fig-img\"\/><\/p>\n<p class=\"fig-premium-paywall__title\">Vente Flash<\/p>\n<p class=\"fig-premium-paywall__subtitle\">-50% sur l&rsquo;abonnement num\u00e9rique<\/p>\n<p class=\"fig-premium-paywall__connect\">\n                D\u00e9j\u00e0 abonn\u00e9\u00a0?                <a class=\"fig-premium-paywall__connect-link\" href=\"https:\/\/connect.lefigaro.fr\/login?client=horizon_web&amp;type=main&amp;redirect_uri=https%3A%2F%2Fwww.lefigaro.fr%2Fvox%2Fculture%2Fmadame-la-presidente-du-musee-du-louvre-il-est-temps-de-demissionner-20251212\" data-js-gtm=\"{&quot;customCategorie&quot;: &quot;conversion&quot;, &quot;customAction&quot;: &quot;before_Landing_Connexion_paywall_auto&quot;, &quot;customLabel&quot;: &quot;bGVmaWdhcm8uZnJfXzFmMGQ3NDZiLWE0NGQtNjJkMi04M2E2LTA3MWUwNjljNjVhYl9fQXJ0aWNsZQ==_\u00abMadame la pr\u00e9sidente du mus\u00e9e du Louvre, il est temps de d\u00e9missionner\u00bb_500&quot;, &quot;customIDSPE&quot;: &quot;bGVmaWdhcm8uZnJfXzFmMGQ3NDZiLWE0NGQtNjJkMi04M2E2LTA3MWUwNjljNjVhYl9fQXJ0aWNsZQ==&quot;, &quot;event&quot;: &quot;customEventSPE&quot;}\" target=\"_blank\" rel=\"noopener\"><br \/>\n                    Connectez-vous<br \/>\n                <\/a>\n            <\/p>\n","protected":false},"excerpt":{"rendered":"TRIBUNE &#8211; Alors que l\u2019enqu\u00eate ouverte apr\u00e8s le braquage du mus\u00e9e du Louvres a rendu ses conclusions le&hellip;\n","protected":false},"author":2,"featured_media":595204,"comment_status":"","ping_status":"","sticky":false,"template":"","format":"standard","meta":{"footnotes":""},"categories":[1358],"tags":[1348,1384,1385,1386,58,59,1011,27,49532,11274,1175],"class_list":{"0":"post-595203","1":"post","2":"type-post","3":"status-publish","4":"format-standard","5":"has-post-thumbnail","7":"category-arts-et-design","8":"tag-arts","9":"tag-arts-and-design","10":"tag-arts-et-design","11":"tag-design","12":"tag-divertissement","13":"tag-entertainment","14":"tag-fr","15":"tag-france","16":"tag-laurence-des-cars","17":"tag-louvre","18":"tag-vol"},"share_on_mastodon":{"url":"https:\/\/pubeurope.com\/@fr\/115707453328366361","error":""},"_links":{"self":[{"href":"https:\/\/www.europesays.com\/fr\/wp-json\/wp\/v2\/posts\/595203","targetHints":{"allow":["GET"]}}],"collection":[{"href":"https:\/\/www.europesays.com\/fr\/wp-json\/wp\/v2\/posts"}],"about":[{"href":"https:\/\/www.europesays.com\/fr\/wp-json\/wp\/v2\/types\/post"}],"author":[{"embeddable":true,"href":"https:\/\/www.europesays.com\/fr\/wp-json\/wp\/v2\/users\/2"}],"replies":[{"embeddable":true,"href":"https:\/\/www.europesays.com\/fr\/wp-json\/wp\/v2\/comments?post=595203"}],"version-history":[{"count":0,"href":"https:\/\/www.europesays.com\/fr\/wp-json\/wp\/v2\/posts\/595203\/revisions"}],"wp:featuredmedia":[{"embeddable":true,"href":"https:\/\/www.europesays.com\/fr\/wp-json\/wp\/v2\/media\/595204"}],"wp:attachment":[{"href":"https:\/\/www.europesays.com\/fr\/wp-json\/wp\/v2\/media?parent=595203"}],"wp:term":[{"taxonomy":"category","embeddable":true,"href":"https:\/\/www.europesays.com\/fr\/wp-json\/wp\/v2\/categories?post=595203"},{"taxonomy":"post_tag","embeddable":true,"href":"https:\/\/www.europesays.com\/fr\/wp-json\/wp\/v2\/tags?post=595203"}],"curies":[{"name":"wp","href":"https:\/\/api.w.org\/{rel}","templated":true}]}}