{"id":595211,"date":"2025-12-12T16:10:17","date_gmt":"2025-12-12T16:10:17","guid":{"rendered":"https:\/\/www.europesays.com\/fr\/595211\/"},"modified":"2025-12-12T16:10:17","modified_gmt":"2025-12-12T16:10:17","slug":"nous-vivons-toujours-plus-vieux-mais-pas-forcement-en-bonne-sante-alerte-loms","status":"publish","type":"post","link":"https:\/\/www.europesays.com\/fr\/595211\/","title":{"rendered":"Nous vivons toujours plus vieux, mais pas forc\u00e9ment en bonne sant\u00e9, alerte l&rsquo;OMS"},"content":{"rendered":"<p>L&rsquo;Organisation mondiale de la sant\u00e9 (OMS) souligne une tendance pr\u00e9occupante : bien que l&rsquo;esp\u00e9rance de vie globale augmente, l&rsquo;esp\u00e9rance de vie en bonne sant\u00e9 ne progresse pas au m\u00eame rythme. Cette divergence sugg\u00e8re que les individus vivent plus longtemps, mais passent une proportion croissante de leurs ann\u00e9es suppl\u00e9mentaires avec des probl\u00e8mes de sant\u00e9 ou des incapacit\u00e9s.<\/p>\n<p> Une augmentation de l&rsquo;esp\u00e9rance de vie globale<\/p>\n<p>Depuis le d\u00e9but du XXI\u1d49 si\u00e8cle, l&rsquo;esp\u00e9rance de vie mondiale a connu une progression notable. Par exemple, entre 2000 et 2015, l&rsquo;esp\u00e9rance de vie a augment\u00e9 de cinq ans, passant de 66,5 \u00e0 71,5 ans. Cette am\u00e9lioration est attribu\u00e9e \u00e0 divers facteurs, notamment les avanc\u00e9es m\u00e9dicales, l&rsquo;am\u00e9lioration des conditions de vie et une meilleure pr\u00e9vention des maladies infectieuses.<\/p>\n<p> Un \u00e9cart croissant avec l&rsquo;esp\u00e9rance de vie en bonne sant\u00e9<\/p>\n<p>Cependant, l&rsquo;esp\u00e9rance de vie en bonne sant\u00e9, c&rsquo;est-\u00e0-dire le nombre d&rsquo;ann\u00e9es qu&rsquo;une personne peut s&rsquo;attendre \u00e0 vivre sans limitations majeures dues \u00e0 des probl\u00e8mes de sant\u00e9, n&rsquo;a pas suivi la m\u00eame progression. En 2015, cette esp\u00e9rance \u00e9tait estim\u00e9e \u00e0 63,1 ans au niveau mondial, soit une augmentation de seulement 3,8 ans par rapport \u00e0 2000. Cette diff\u00e9rence indique que les ann\u00e9es de vie suppl\u00e9mentaires sont souvent marqu\u00e9es par des maladies chroniques ou des incapacit\u00e9s.<\/p>\n<p><img loading=\"lazy\" decoding=\"async\" width=\"1024\" height=\"683\" class=\"wp-image-14513\" src=\"data:image\/svg+xml,%3Csvg%20xmlns=\" http:=\"\" alt=\"espe\u0301rance de vie\" data-lazy- data-lazy- data-lazy-src=\"https:\/\/www.europesays.com\/fr\/wp-content\/uploads\/2025\/12\/esperance-de-vie-1024x683.jpg\"\/><br \/>\n\u00a9 iStock<br \/>\nSource: DR<\/p>\n<p> Les implications pour les syst\u00e8mes de sant\u00e9<\/p>\n<p>Cette tendance pose des d\u00e9fis majeurs pour les syst\u00e8mes de sant\u00e9 mondiaux. Une population vieillissante avec une pr\u00e9valence accrue de maladies chroniques n\u00e9cessite des ressources m\u00e9dicales et sociales consid\u00e9rables. Les infrastructures de sant\u00e9 doivent s&rsquo;adapter pour fournir des soins appropri\u00e9s aux personnes \u00e2g\u00e9es, tout en mettant l&rsquo;accent sur la pr\u00e9vention et la gestion des maladies chroniques afin d&rsquo;am\u00e9liorer la qualit\u00e9 de vie durant les ann\u00e9es suppl\u00e9mentaires.<\/p>\n<p> Les disparit\u00e9s r\u00e9gionales<\/p>\n<p>Il est important de noter que ces tendances varient selon les r\u00e9gions. Par exemple, en Afrique, l&rsquo;esp\u00e9rance de vie en bonne sant\u00e9 a augment\u00e9 de pr\u00e8s de dix ans entre 2000 et 2019, passant de 46 \u00e0 56 ans. Malgr\u00e9 cette progression, elle reste inf\u00e9rieure \u00e0 la moyenne mondiale, soulignant la n\u00e9cessit\u00e9 de renforcer les syst\u00e8mes de sant\u00e9 dans ces r\u00e9gions pour combler l&rsquo;\u00e9cart.<\/p>\n<p> Vers une vieillesse en meilleure sant\u00e9<\/p>\n<p>Pour inverser cette tendance, l&rsquo;OMS recommande plusieurs actions :<\/p>\n<ul>\n<li><strong>Promotion de modes de vie sains<\/strong> : encourager une alimentation \u00e9quilibr\u00e9e, l&rsquo;activit\u00e9 physique r\u00e9guli\u00e8re et la r\u00e9duction des comportements \u00e0 risque tels que le tabagisme et la consommation excessive d&rsquo;alcool.<\/li>\n<li><strong>Acc\u00e8s \u00e9quitable aux soins de sant\u00e9<\/strong> : garantir que toutes les populations, ind\u00e9pendamment de leur statut socio-\u00e9conomique, aient acc\u00e8s \u00e0 des services de sant\u00e9 de qualit\u00e9.<\/li>\n<li><strong>Pr\u00e9vention et gestion des maladies chroniques<\/strong> : mettre en place des programmes efficaces pour pr\u00e9venir, d\u00e9tecter et traiter les maladies chroniques d\u00e8s les premiers stades.<\/li>\n<li><strong>Soutien aux personnes \u00e2g\u00e9es<\/strong> : d\u00e9velopper des politiques sociales qui soutiennent le bien-\u00eatre des personnes \u00e2g\u00e9es, y compris des services de soins \u00e0 domicile et des infrastructures adapt\u00e9es.<\/li>\n<\/ul>\n<p><strong>En mettant l&rsquo;accent sur ces domaines, il est possible d&rsquo;am\u00e9liorer l&rsquo;esp\u00e9rance de vie en bonne sant\u00e9, permettant ainsi aux individus de profiter pleinement de leurs ann\u00e9es suppl\u00e9mentaires avec une meilleure qualit\u00e9 de vie.<\/strong><\/p>\n","protected":false},"excerpt":{"rendered":"L&rsquo;Organisation mondiale de la sant\u00e9 (OMS) souligne une tendance pr\u00e9occupante : bien que l&rsquo;esp\u00e9rance de vie globale augmente,&hellip;\n","protected":false},"author":2,"featured_media":595212,"comment_status":"","ping_status":"","sticky":false,"template":"","format":"standard","meta":{"footnotes":""},"categories":[10],"tags":[13643,13748,1011,27,72,56,71],"class_list":{"0":"post-595211","1":"post","2":"type-post","3":"status-publish","4":"format-standard","5":"has-post-thumbnail","7":"category-sante","8":"tag-autonomie","9":"tag-dependance","10":"tag-fr","11":"tag-france","12":"tag-health","13":"tag-push","14":"tag-sante"},"share_on_mastodon":{"url":"https:\/\/pubeurope.com\/@fr\/115707473169015214","error":""},"_links":{"self":[{"href":"https:\/\/www.europesays.com\/fr\/wp-json\/wp\/v2\/posts\/595211","targetHints":{"allow":["GET"]}}],"collection":[{"href":"https:\/\/www.europesays.com\/fr\/wp-json\/wp\/v2\/posts"}],"about":[{"href":"https:\/\/www.europesays.com\/fr\/wp-json\/wp\/v2\/types\/post"}],"author":[{"embeddable":true,"href":"https:\/\/www.europesays.com\/fr\/wp-json\/wp\/v2\/users\/2"}],"replies":[{"embeddable":true,"href":"https:\/\/www.europesays.com\/fr\/wp-json\/wp\/v2\/comments?post=595211"}],"version-history":[{"count":0,"href":"https:\/\/www.europesays.com\/fr\/wp-json\/wp\/v2\/posts\/595211\/revisions"}],"wp:featuredmedia":[{"embeddable":true,"href":"https:\/\/www.europesays.com\/fr\/wp-json\/wp\/v2\/media\/595212"}],"wp:attachment":[{"href":"https:\/\/www.europesays.com\/fr\/wp-json\/wp\/v2\/media?parent=595211"}],"wp:term":[{"taxonomy":"category","embeddable":true,"href":"https:\/\/www.europesays.com\/fr\/wp-json\/wp\/v2\/categories?post=595211"},{"taxonomy":"post_tag","embeddable":true,"href":"https:\/\/www.europesays.com\/fr\/wp-json\/wp\/v2\/tags?post=595211"}],"curies":[{"name":"wp","href":"https:\/\/api.w.org\/{rel}","templated":true}]}}