{"id":595215,"date":"2025-12-12T16:12:28","date_gmt":"2025-12-12T16:12:28","guid":{"rendered":"https:\/\/www.europesays.com\/fr\/595215\/"},"modified":"2025-12-12T16:12:28","modified_gmt":"2025-12-12T16:12:28","slug":"des-nouvelles-rassurantes-son-adieu-a-ses-cordes-vocales","status":"publish","type":"post","link":"https:\/\/www.europesays.com\/fr\/595215\/","title":{"rendered":"des nouvelles rassurantes, son adieu \u00e0 ses cordes vocales"},"content":{"rendered":"<p class=\"intro\">Hospitalis\u00e9 \u00e0 la clinique Hartmann de Neuilly-sur-Seine, l&rsquo;humoriste Olivier Lejeune a perdu sa voix mais pas sa joie de vivre. Sur son compte Facebook, il tient un journal de bord pour rassurer ses fans. <\/p>\n<p>Le 19\u00a0novembre dernier, Olivier Lejeune annon\u00e7ait sur Facebook la triste nouvelle\u00a0: sa voix qui lui a apport\u00e9 tant de bonheur le quittait. Suite \u00e0 une radioth\u00e9rapie en 2018 pour cancer aux amygdales, \u00ab\u00a0(s) a voix a commenc\u00e9 \u00e0 faiblir il y a deux ans. Gr\u00e2ce \u00e0 des \u00ab\u00a0traitements de choc, acide hyaluronique, cortisone, chirurgies au laser, le merveilleux docteur Jean Abitbol &#8211; l\u2019Einstein de la voix &#8211; r\u00e9ussit \u00e0 stabiliser et m\u00eame \u00e0 am\u00e9liorer (son) volume sonore, expliquait Olivier Lejeune. Mais h\u00e9las, l\u2019op\u00e9ration \u00e9tait in\u00e9luctable &#8211; son pronostic vital \u00e9tait m\u00eame engag\u00e9 si rien n\u2019\u00e9tait fait. Il a donc subi le 9\u00a0d\u00e9cembre dernier une laryngectomie et une trach\u00e9otomie et a fait ses \u00ab\u00a0adieux \u00e0 ses cordes vocales\u00a0\u00bb.<\/p>\n<p>\u00ab\u00a0Tout va pour le mieux\u2026 un moral d\u2019acier\u2026 aucune douleur\u00a0\u00bb<\/p>\n<p>Mais le moral reste bon, comme il le t\u00e9moigne sur son compte Facebook. Il peut compter sur ses amis &#8211; notamment <a href=\"https:\/\/www.parismatch.com\/bio\/chantal-ladesou\" target=\"_blank\" rel=\"noopener\">Chantal Ladesou<\/a> &#8211; et sur ses fans qui lui \u00e9crivent de nombreux t\u00e9moignages. \u00ab\u00a0Je me sens oblig\u00e9 de r\u00e9pondre \u00e0 chacun de vous\u2026 et comme vous \u00eates des milliers\u2026 les 12 travaux d\u2019Hercule\u00a0!\u00a0\u00bb, confie-t-il ce vendredi. \u00ab\u00a0Tout va pour le mieux\u2026 un moral d\u2019acier\u2026 aucune douleur, c\u2019est le challenge r\u00e9ussi de cette clinique Hartmann \u00e0 Neuilly\u2026 un ballet incessant de praticiens comp\u00e9tents, des soins toutes les 2\/3 heures\u2026 je mesure ma chance d\u2019\u00eatre dans cette Rolls m\u00e9dicale.\u00a0\u00bb, confie-t-il, avec son fameux sens de la formule.<\/p>\n<p>    La suite apr\u00e8s cette publicit\u00e9<\/p>\n<p>Il ajoute, ensuite, avec humour, avoir \u00ab\u00a0encore quelques r\u00e9flexes \u00e0 vouloir parle\u00a0\u00bb. \u00ab\u00a0On me pose une question et\u2026 grrr tu r\u00e9alises que ton tuyau est vide. Une cage d\u2019ascenseur sans ascenseur\u00a0!\u00a0\u00bb, explique aussi Olivier Lejeune, qui va devoir \u00ab\u00a0apprendre la langue des signes\u00a0\u00bb. L\u2019ancien trublion de \u00ab\u00a0La Classe\u00a0\u00bb ne s\u2019apitoie pas sur son sort. \u00ab\u00a0Le trou de la trach\u00e9otomie\u00a0? Moins important que celui de la s\u00e9curit\u00e9 sociale\u00a0!\u00a0\u00bb, lance-t-il, avant de conclure que \u00ab\u00a0tout doit \u00eatre une joie. Mon temp\u00e9rament.\u00a0\u00bb<\/p>\n","protected":false},"excerpt":{"rendered":"Hospitalis\u00e9 \u00e0 la clinique Hartmann de Neuilly-sur-Seine, l&rsquo;humoriste Olivier Lejeune a perdu sa voix mais pas sa joie&hellip;\n","protected":false},"author":2,"featured_media":595216,"comment_status":"","ping_status":"","sticky":false,"template":"","format":"standard","meta":{"footnotes":""},"categories":[8],"tags":[58,59,1011,27],"class_list":{"0":"post-595215","1":"post","2":"type-post","3":"status-publish","4":"format-standard","5":"has-post-thumbnail","7":"category-divertissement","8":"tag-divertissement","9":"tag-entertainment","10":"tag-fr","11":"tag-france"},"share_on_mastodon":{"url":"https:\/\/pubeurope.com\/@fr\/115707480767267198","error":""},"_links":{"self":[{"href":"https:\/\/www.europesays.com\/fr\/wp-json\/wp\/v2\/posts\/595215","targetHints":{"allow":["GET"]}}],"collection":[{"href":"https:\/\/www.europesays.com\/fr\/wp-json\/wp\/v2\/posts"}],"about":[{"href":"https:\/\/www.europesays.com\/fr\/wp-json\/wp\/v2\/types\/post"}],"author":[{"embeddable":true,"href":"https:\/\/www.europesays.com\/fr\/wp-json\/wp\/v2\/users\/2"}],"replies":[{"embeddable":true,"href":"https:\/\/www.europesays.com\/fr\/wp-json\/wp\/v2\/comments?post=595215"}],"version-history":[{"count":0,"href":"https:\/\/www.europesays.com\/fr\/wp-json\/wp\/v2\/posts\/595215\/revisions"}],"wp:featuredmedia":[{"embeddable":true,"href":"https:\/\/www.europesays.com\/fr\/wp-json\/wp\/v2\/media\/595216"}],"wp:attachment":[{"href":"https:\/\/www.europesays.com\/fr\/wp-json\/wp\/v2\/media?parent=595215"}],"wp:term":[{"taxonomy":"category","embeddable":true,"href":"https:\/\/www.europesays.com\/fr\/wp-json\/wp\/v2\/categories?post=595215"},{"taxonomy":"post_tag","embeddable":true,"href":"https:\/\/www.europesays.com\/fr\/wp-json\/wp\/v2\/tags?post=595215"}],"curies":[{"name":"wp","href":"https:\/\/api.w.org\/{rel}","templated":true}]}}