{"id":595220,"date":"2025-12-12T16:16:23","date_gmt":"2025-12-12T16:16:23","guid":{"rendered":"https:\/\/www.europesays.com\/fr\/595220\/"},"modified":"2025-12-12T16:16:23","modified_gmt":"2025-12-12T16:16:23","slug":"narges-mohammadi-la-prix-nobel-de-la-paix-2023-a-ete-violemment-arretee-en-iran","status":"publish","type":"post","link":"https:\/\/www.europesays.com\/fr\/595220\/","title":{"rendered":"Narges Mohammadi, la prix Nobel de la paix 2023, a \u00e9t\u00e9 \u00ab\u00a0violemment arr\u00eat\u00e9e\u00a0\u00bb en Iran"},"content":{"rendered":"<p>        <img decoding=\"async\" loading=\"lazy\" src=\"https:\/\/www.europesays.com\/fr\/wp-content\/uploads\/2025\/12\/bd279f5_1696583369754-000-33x928h.jpg\"  width=\"728\" height=\"409\" alt=\"La laur\u00e9ate iranienne du prix Nobel de la paix Narges Mohammadi a \u00e9t\u00e9 arr\u00eat\u00e9e, a fait savoir son comit\u00e9 de soutien (image d\u2019illustration).\"\/>  <\/p>\n<p>&#8211; \/ AFP<\/p>\n<p>La laur\u00e9ate iranienne du prix Nobel de la paix Narges Mohammadi a \u00e9t\u00e9 arr\u00eat\u00e9e, a fait savoir son comit\u00e9 de soutien (image d\u2019illustration).<\/p>\n<p class=\"asset asset-text\">La laur\u00e9ate du prix Nobel de la paix Narges Mohammadi a \u00e9t\u00e9 \u00ab\u00a0violemment arr\u00eat\u00e9e\u00a0\u00bb en Iran, a fait savoir son comit\u00e9 de soutien, la Fondation Narges Mohammadi, ce vendredi 12\u00a0d\u00e9cembre aux alentours de 14h. Dans des messages <a href=\"https:\/\/narges.foundation\/breaking-news-narges-mohammadi-has-been-violently-arrested-at-khosrow-alikordis-memorial\/\" target=\"_blank\" rel=\"noopener\" title=\"Nouvelle fen\u00eatre\">sur son site<\/a> et sur son compte X, l\u2019association assure que l\u2019Iranienne de 53\u00a0ans a \u00e9t\u00e9 \u00ab\u00a0violemment interpell\u00e9e par les forces de s\u00e9curit\u00e9 et de police\u00a0\u00bb.<\/p>\n<p class=\"asset asset-text\">Elle assistait \u00e0 une \u00ab\u00a0c\u00e9r\u00e9monie comm\u00e9morative\u00a0\u00bb organis\u00e9e en l\u2019honneur de Khosrow Alikordi, un avocat \u00ab\u00a0r\u00e9cemment retrouv\u00e9 mort [\u2026] dans des circonstances obscures\u00a0\u00bb. La journaliste militante, opposante assum\u00e9e du r\u00e9gime des mollahs, \u00e9tait <a href=\"https:\/\/www.huffingtonpost.fr\/international\/article\/narges-mohammadi-prix-nobel-de-la-paix-iranienne-liberee-temporairement-de-prison-pour-raison-medicale_243127.html\" target=\"_blank\" rel=\"noopener\">en libert\u00e9 provisoire depuis fin 2024<\/a>\u00a0pour raisons m\u00e9dicales. Son arrestation a \u00e9t\u00e9 confirm\u00e9e \u00e0 l\u2019AFP par son avocate fran\u00e7aise, Me Chirine Ardakani.<\/p>\n<p class=\"asset asset-text\">La Narges Foundation pr\u00e9cise dans son communiqu\u00e9 que \u00ab\u00a0selon plusieurs sources fiables, plusieurs autres militants des droits humains bien connus [\u2026] ont \u00e9galement \u00e9t\u00e9 arr\u00eat\u00e9s\u00a0\u00bb. Faisant part de sa \u00ab\u00a0profonde inqui\u00e9tude\u00a0\u00bb, le groupe de soutien assure suivre \u00ab\u00a0de pr\u00e8s l\u2019\u00e9volution de la situation\u00a0\u00bb et \u00ab\u00a0demande la lib\u00e9ration imm\u00e9diate et inconditionnelle de toutes les personnes d\u00e9tenues\u00a0\u00bb qui assistaient \u00e0 la c\u00e9r\u00e9monie. \u00ab\u00a0Leur arrestation constitue une grave violation des libert\u00e9s fondamentales\u00a0\u00bb.<\/p>\n<p>    Sur le toit d\u2019un v\u00e9hicule    <\/p>\n<p class=\"asset asset-text\">Narges Mohammadi, maintes fois condamn\u00e9e et emprisonn\u00e9e, a \u00e9t\u00e9 r\u00e9compens\u00e9e en 2023 pour \u00ab\u00a0son combat contre l\u2019oppression des femmes en Iran et pour la promotion des droits de l\u2019homme et de la libert\u00e9 pour tous\u00a0\u00bb.<\/p>\n<p class=\"asset asset-text\">Khosrow Alikordi, 45\u00a0ans, \u00e9tait un avocat qui avait notamment d\u00e9fendu des personnes arr\u00eat\u00e9es lors de la r\u00e9pression des manifestations de 2022. Son corps a \u00e9t\u00e9 retrouv\u00e9 le 5\u00a0d\u00e9cembre, et des groupes de d\u00e9fense des droits ont r\u00e9clam\u00e9 une enqu\u00eate sur sa mort, l\u2019ONG Iran Human Rights, bas\u00e9e en Norv\u00e8ge, affirmant qu\u2019il y avait \u00ab\u00a0de tr\u00e8s s\u00e9rieux soup\u00e7ons d\u2019un meurtre d\u2019\u00c9tat\u00a0\u00bb.<\/p>\n<p class=\"asset asset-text\">L\u2019ONG Human Rights Activists News Agency (HRANA), bas\u00e9e aux \u00c9tats-Unis, a publi\u00e9 des images de Narges Mohammadi assistant \u00e0 la c\u00e9r\u00e9monie aux c\u00f4t\u00e9s d\u2019une foule d\u2019autres soutiens, sans porter le voile obligatoire pour les femmes dans l\u2019espace public en Iran.<\/p>\n<p class=\"asset asset-text\">HRANA a indiqu\u00e9 qu\u2019ils scandaient des slogans tels que \u00ab\u00a0Vive l\u2019Iran\u00a0\u00bb, \u00ab\u00a0Nous luttons, nous mourons, nous n\u2019acceptons aucune humiliation\u00a0\u00bb et \u00ab\u00a0Mort au dictateur\u00a0\u00bb, lors de la c\u00e9r\u00e9monie qui, conform\u00e9ment \u00e0 la tradition islamique, marquait sept jours depuis la mort de Khosrow Alikordi.<\/p>\n<p class=\"asset asset-text\">D\u2019autres images diffus\u00e9es par des cha\u00eenes de t\u00e9l\u00e9vision en langue persane bas\u00e9es hors d\u2019Iran ont montr\u00e9 Narges Mohammadi grimpant sur un v\u00e9hicule et encourageant les gens \u00e0 scander des slogans.<\/p>\n","protected":false},"excerpt":{"rendered":"&#8211; \/ AFP La laur\u00e9ate iranienne du prix Nobel de la paix Narges Mohammadi a \u00e9t\u00e9 arr\u00eat\u00e9e, a&hellip;\n","protected":false},"author":2,"featured_media":595221,"comment_status":"","ping_status":"","sticky":false,"template":"","format":"standard","meta":{"footnotes":""},"categories":[5],"tags":[11,1011,27,14,3019,12,41938,28],"class_list":{"0":"post-595220","1":"post","2":"type-post","3":"status-publish","4":"format-standard","5":"has-post-thumbnail","7":"category-international","8":"tag-actualites","9":"tag-fr","10":"tag-france","11":"tag-international","12":"tag-iran","13":"tag-news","14":"tag-prix-nobel-de-la-paix","15":"tag-world"},"share_on_mastodon":{"url":"https:\/\/pubeurope.com\/@fr\/115707497593569289","error":""},"_links":{"self":[{"href":"https:\/\/www.europesays.com\/fr\/wp-json\/wp\/v2\/posts\/595220","targetHints":{"allow":["GET"]}}],"collection":[{"href":"https:\/\/www.europesays.com\/fr\/wp-json\/wp\/v2\/posts"}],"about":[{"href":"https:\/\/www.europesays.com\/fr\/wp-json\/wp\/v2\/types\/post"}],"author":[{"embeddable":true,"href":"https:\/\/www.europesays.com\/fr\/wp-json\/wp\/v2\/users\/2"}],"replies":[{"embeddable":true,"href":"https:\/\/www.europesays.com\/fr\/wp-json\/wp\/v2\/comments?post=595220"}],"version-history":[{"count":0,"href":"https:\/\/www.europesays.com\/fr\/wp-json\/wp\/v2\/posts\/595220\/revisions"}],"wp:featuredmedia":[{"embeddable":true,"href":"https:\/\/www.europesays.com\/fr\/wp-json\/wp\/v2\/media\/595221"}],"wp:attachment":[{"href":"https:\/\/www.europesays.com\/fr\/wp-json\/wp\/v2\/media?parent=595220"}],"wp:term":[{"taxonomy":"category","embeddable":true,"href":"https:\/\/www.europesays.com\/fr\/wp-json\/wp\/v2\/categories?post=595220"},{"taxonomy":"post_tag","embeddable":true,"href":"https:\/\/www.europesays.com\/fr\/wp-json\/wp\/v2\/tags?post=595220"}],"curies":[{"name":"wp","href":"https:\/\/api.w.org\/{rel}","templated":true}]}}