{"id":595222,"date":"2025-12-12T16:17:13","date_gmt":"2025-12-12T16:17:13","guid":{"rendered":"https:\/\/www.europesays.com\/fr\/595222\/"},"modified":"2025-12-12T16:17:13","modified_gmt":"2025-12-12T16:17:13","slug":"frederic-pechier-laveu-lourd-de-sens-je-naurais-pas-du","status":"publish","type":"post","link":"https:\/\/www.europesays.com\/fr\/595222\/","title":{"rendered":"Fr\u00e9d\u00e9ric P\u00e9chier, l&rsquo;aveu lourd de sens : \u00ab\u00a0Je n&rsquo;aurais pas d\u00fb&#8230;\u00a0\u00bb"},"content":{"rendered":"<p>C\u2019est l\u2019un des plus grands proc\u00e8s de cette fin d\u2019ann\u00e9e 2025.<br \/>\nDepuis le 8 septembre 2025, <strong>Fr\u00e9d\u00e9ric P\u00e9chier,<\/strong> 53<br \/>\nans, est jug\u00e9 pour l&#8217;empoisonnement volontaire de 30 de ses<br \/>\npatients, dont 12 mortellement. L\u2019anesth\u00e9siste originaire de<br \/>\n<a href=\"https:\/\/www.closermag.fr\/vecu\/besancon-elle-se-fait-virer-a-cause-dun-emoji-puis-retourne-la-situation-a-son-avantage-3487988\" target=\"_blank\" rel=\"noopener\"><br \/>\nBesan\u00e7on<\/a> est <strong>soup\u00e7onn\u00e9 d\u2019avoir intoxiqu\u00e9 les poches de<br \/>\nperfusions des malades,<\/strong> \u00e2g\u00e9s de 4 \u00e0 89 ans, provoquant des<br \/>\narr\u00eats cardiaques et d\u2019autres graves complications.<\/p>\n<p>\u00c0 une semaine du verdict, l\u2019accus\u00e9 nie l\u2019ensemble des faits qui<br \/>\nlui sont reproch\u00e9s. N\u00e9anmoins, <strong>il reconna\u00eet avoir commis au<br \/>\nmoins une erreur<\/strong> lors de l\u2019exercice de sa profession.<br \/>\nVendredi 14 novembre dernier, alors qu\u2019il \u00e9tait interrog\u00e9 pour la<br \/>\ndouzi\u00e8me fois par la pr\u00e9sidente de la cour d&rsquo;assises, Fr\u00e9d\u00e9ric<br \/>\nP\u00e9chier a <strong>admis avoir inject\u00e9 de trop fortes doses<br \/>\nd\u2019adr\u00e9naline<\/strong> \u00e0 Sylviane Baugey, diminuant de fait ses<br \/>\nchances d&rsquo;\u00eatre r\u00e9anim\u00e9e. \u00c2g\u00e9e de 57 ans, Baugey est l\u2019une des douze<br \/>\npatients d\u00e9c\u00e9d\u00e9s cit\u00e9s dans le dossier.<\/p>\n<p>Fr\u00e9d\u00e9ric P\u00e9chier\u00a0: \u00ab\u00a0J\u2019\u00e9tais pris dans<br \/>\nl\u2019urgence\u00a0\u00bb<\/p>\n<p>\u00c0 la barre, Fr\u00e9d\u00e9ric P\u00e9chier a reconnu avoir h\u00e9sit\u00e9 sur le<br \/>\ndiagnostic au moment de l\u2019arr\u00eat cardiaque de sa patiente, le 20<br \/>\navril 2015. Soup\u00e7onnant cette derni\u00e8re de faire une allergie aux<br \/>\nanesth\u00e9siques locaux utilis\u00e9s lors de l\u2019intervention,<br \/>\nl\u2019anesth\u00e9siste a d\u00e9cid\u00e9 de lui injecter des intra-lipides. Un bon<br \/>\nr\u00e9flexe, qu\u2019il a toutefois accompagn\u00e9 de tr\u00e8s &#8211; trop &#8211; fortes doses<br \/>\nd&rsquo;adr\u00e9naline, ce <strong>qui a r\u00e9duit drastiquement les chances de<br \/>\nr\u00e9animer la patiente.<\/strong> Apr\u00e8s 50 minutes d\u2019arr\u00eat<br \/>\ncardio-respiratoire, Sylviane Baugey a \u00e9t\u00e9 transf\u00e9r\u00e9e au CHU, o\u00f9<br \/>\nelle a fini par succomber.<\/p>\n<p><strong>\u00ab\u00a0J\u2019\u00e9tais pris dans l\u2019urgence\u00a0\u00bb<\/strong> a<br \/>\nd\u00e9clar\u00e9 l\u2019anesth\u00e9siste \u00e0 la barre, reconnaissant avoir commis une<br \/>\nerreur en administrant l\u2019adr\u00e9naline. \u00ab\u00a0J&rsquo;ai mis en place une<br \/>\nr\u00e9animation massive\u00a0\u00bb, <strong>\u00ab\u00a0je n&rsquo;aurais pas d\u00fb\u00a0\u00bb.<\/strong><br \/>\nEt d\u2019ajouter, rappelant qu\u2019il n\u2019\u00e9tait pas le seul d\u00e9cisionnaire au<br \/>\nmoment de l\u2019injection, trois autres m\u00e9decins \u00e9tant pr\u00e9sents.<br \/>\n\u00ab\u00a0Personne n\u2019a dit \u00ab\u00a0P\u00e9chier stop, tu fais n\u2019importe quoi<br \/>\n!'\u00a0\u00bb, s\u2019est-t-il exclam\u00e9.<\/p>\n<p>Une erreur difficile \u00e0 imaginer pour<br \/>\nl\u2019accusation<\/p>\n<p>Si l\u2019anesth\u00e9siste affirme avoir commis cette erreur dans la<br \/>\npanique, <strong>l\u2019accusation a du mal \u00e0 y croire.<\/strong> En<br \/>\neffet, pour l\u2019avocate g\u00e9n\u00e9rale Th\u00e9r\u00e8se Brunisso comme pour beaucoup<br \/>\nd\u2019autre, Fr\u00e9d\u00e9ric P\u00e9chier \u00e9tait un excellent anesth\u00e9siste. Habitu\u00e9<br \/>\naux situations d\u2019urgence, il savait tr\u00e8s bien ce qu\u2019il faisait.<\/p>\n<p>Comme Sylviane Baugey, <strong>onze autres patients sont<br \/>\nd\u00e9c\u00e9d\u00e9s<\/strong> alors qu\u2019ils \u00e9taient sous la surveillance de<br \/>\n<a href=\"https:\/\/www.closermag.fr\/vecu\/frederic-pechier-le-coup-de-theatre-pour-lanesthesiste-la-question-financiere-3604270?mrfhud=true\" target=\"_blank\" rel=\"noopener\"><br \/>\nFr\u00e9d\u00e9ric P\u00e9chier, leur anesth\u00e9siste<\/a>. Pour les actes dont il est<br \/>\nsoup\u00e7onn\u00e9, l\u2019anesth\u00e9siste encourt la r\u00e9clusion criminelle \u00e0<br \/>\nperp\u00e9tuit\u00e9. Le verdict est attendu le 19 d\u00e9cembre prochain devant<br \/>\nla cour d\u2019assises du Doubs.<\/p>\n","protected":false},"excerpt":{"rendered":"C\u2019est l\u2019un des plus grands proc\u00e8s de cette fin d\u2019ann\u00e9e 2025. Depuis le 8 septembre 2025, Fr\u00e9d\u00e9ric P\u00e9chier,&hellip;\n","protected":false},"author":2,"featured_media":595223,"comment_status":"","ping_status":"","sticky":false,"template":"","format":"standard","meta":{"footnotes":""},"categories":[4],"tags":[11,21303,1011,27,70202,12,25,65861],"class_list":{"0":"post-595222","1":"post","2":"type-post","3":"status-publish","4":"format-standard","5":"has-post-thumbnail","7":"category-france","8":"tag-actualites","9":"tag-buzz_nonli","10":"tag-fr","11":"tag-france","12":"tag-marfeel_connexes","13":"tag-news","14":"tag-republique-francaise","15":"tag-trend"},"share_on_mastodon":{"url":"https:\/\/pubeurope.com\/@fr\/115707500619605389","error":""},"_links":{"self":[{"href":"https:\/\/www.europesays.com\/fr\/wp-json\/wp\/v2\/posts\/595222","targetHints":{"allow":["GET"]}}],"collection":[{"href":"https:\/\/www.europesays.com\/fr\/wp-json\/wp\/v2\/posts"}],"about":[{"href":"https:\/\/www.europesays.com\/fr\/wp-json\/wp\/v2\/types\/post"}],"author":[{"embeddable":true,"href":"https:\/\/www.europesays.com\/fr\/wp-json\/wp\/v2\/users\/2"}],"replies":[{"embeddable":true,"href":"https:\/\/www.europesays.com\/fr\/wp-json\/wp\/v2\/comments?post=595222"}],"version-history":[{"count":0,"href":"https:\/\/www.europesays.com\/fr\/wp-json\/wp\/v2\/posts\/595222\/revisions"}],"wp:featuredmedia":[{"embeddable":true,"href":"https:\/\/www.europesays.com\/fr\/wp-json\/wp\/v2\/media\/595223"}],"wp:attachment":[{"href":"https:\/\/www.europesays.com\/fr\/wp-json\/wp\/v2\/media?parent=595222"}],"wp:term":[{"taxonomy":"category","embeddable":true,"href":"https:\/\/www.europesays.com\/fr\/wp-json\/wp\/v2\/categories?post=595222"},{"taxonomy":"post_tag","embeddable":true,"href":"https:\/\/www.europesays.com\/fr\/wp-json\/wp\/v2\/tags?post=595222"}],"curies":[{"name":"wp","href":"https:\/\/api.w.org\/{rel}","templated":true}]}}