{"id":595228,"date":"2025-12-12T16:22:17","date_gmt":"2025-12-12T16:22:17","guid":{"rendered":"https:\/\/www.europesays.com\/fr\/595228\/"},"modified":"2025-12-12T16:22:17","modified_gmt":"2025-12-12T16:22:17","slug":"pas-de-repos-pour-avoine-beaumont-qui-recoit-saint-etienne","status":"publish","type":"post","link":"https:\/\/www.europesays.com\/fr\/595228\/","title":{"rendered":"pas de repos pour Avoine-Beaumont, qui re\u00e7oit Saint-\u00c9tienne"},"content":{"rendered":"<p><strong>Avoine-Beaumont\u00a0&#8211; Saint-\u00c9tienne<\/strong><\/p>\n<p>Les villes s\u2019illuminent. Les foyers se parent de leurs habits de f\u00eate. Et l\u2019impatience ne cesse de cro\u00eetre, alors que se profilent les r\u00e9jouissances de fin d\u2019ann\u00e9e. Mais si les enfants attendent avec f\u00e9brilit\u00e9 le passage du P\u00e8re No\u00ebl, les gymnastes d\u2019Avoine-Beaumont, elles, aspirent avant tout \u00e0 un peu de r\u00e9pit. Car les comp\u00e9titions s\u2019encha\u00eenent \u00e0 un rythme effr\u00e9n\u00e9, en particulier pour Elena Colas et Perla Denech\u00e8re. Il y a eu les championnats du monde juniors, dont elles sont revenues avec, notamment, <a target=\"_self\" href=\"https:\/\/www.lanouvellerepublique.fr\/indre-et-loire\/commune\/avoine\/gymnastique-un-premier-titre-mondial-pour-l-avoinaise-elena-colas-et-l-equipe-de-france-juniors-1763734973\" rel=\"noopener\">le titre par \u00e9quipes<\/a>, fin novembre. Puis un premier match de Top\u00a012, la semaine pass\u00e9e. Et voil\u00e0 qu\u2019un deuxi\u00e8me se pr\u00e9sente, sollicitant \u00e0 nouveau les deux p\u00e9pites v\u00e9ronaises, ce samedi 13\u00a0d\u00e9cembre 2025 face \u00e0 Saint-\u00c9tienne&#8230;. <\/p>\n<p>    Cet article a \u00e9t\u00e9 tronqu\u00e9. Abonnez-vous pour lire l&rsquo;article complet sur notre site.<\/p>\n<p style=\"margin: 0 !important; padding: 0 !important; font-size: 12px !important;\">Cet article a \u00e9t\u00e9 tronqu\u00e9. Abonnez-vous pour lire l&rsquo;article complet.<\/p>\n<p>    <a href=\"https:\/\/www.lanouvellerepublique.fr\/abonnements\" style=\"display: inline-block; margin-top: 5px !important; padding: 6px 12px !important; background: #cb1c27; color: white; text-decoration: none; border-radius: 4px; font-size: 12px !important;\" target=\"_blank\" rel=\"noopener\"><br \/>\n      S&rsquo;abonner<br \/>\n    <\/a><\/p>\n","protected":false},"excerpt":{"rendered":"Avoine-Beaumont\u00a0&#8211; Saint-\u00c9tienne Les villes s\u2019illuminent. Les foyers se parent de leurs habits de f\u00eate. Et l\u2019impatience ne cesse&hellip;\n","protected":false},"author":2,"featured_media":595229,"comment_status":"","ping_status":"","sticky":false,"template":"","format":"standard","meta":{"footnotes":""},"categories":[9653],"tags":[1392,1111,11,2430,52318,70796,1777,674,1011,27,15465,1387,12,25,4001,60],"class_list":{"0":"post-595228","1":"post","2":"type-post","3":"status-publish","4":"format-standard","5":"has-post-thumbnail","7":"category-saint-etienne","8":"tag-a-la-une-local","9":"tag-actu","10":"tag-actualites","11":"tag-auvergne-rhone-alpes","12":"tag-avoine","13":"tag-beaumont-en-veron","14":"tag-eu","15":"tag-europe","16":"tag-fr","17":"tag-france","18":"tag-gymnastique","19":"tag-indre-et-loire","20":"tag-news","21":"tag-republique-francaise","22":"tag-saint-etienne","23":"tag-sports"},"share_on_mastodon":{"url":"https:\/\/pubeurope.com\/@fr\/115707520341419960","error":""},"_links":{"self":[{"href":"https:\/\/www.europesays.com\/fr\/wp-json\/wp\/v2\/posts\/595228","targetHints":{"allow":["GET"]}}],"collection":[{"href":"https:\/\/www.europesays.com\/fr\/wp-json\/wp\/v2\/posts"}],"about":[{"href":"https:\/\/www.europesays.com\/fr\/wp-json\/wp\/v2\/types\/post"}],"author":[{"embeddable":true,"href":"https:\/\/www.europesays.com\/fr\/wp-json\/wp\/v2\/users\/2"}],"replies":[{"embeddable":true,"href":"https:\/\/www.europesays.com\/fr\/wp-json\/wp\/v2\/comments?post=595228"}],"version-history":[{"count":0,"href":"https:\/\/www.europesays.com\/fr\/wp-json\/wp\/v2\/posts\/595228\/revisions"}],"wp:featuredmedia":[{"embeddable":true,"href":"https:\/\/www.europesays.com\/fr\/wp-json\/wp\/v2\/media\/595229"}],"wp:attachment":[{"href":"https:\/\/www.europesays.com\/fr\/wp-json\/wp\/v2\/media?parent=595228"}],"wp:term":[{"taxonomy":"category","embeddable":true,"href":"https:\/\/www.europesays.com\/fr\/wp-json\/wp\/v2\/categories?post=595228"},{"taxonomy":"post_tag","embeddable":true,"href":"https:\/\/www.europesays.com\/fr\/wp-json\/wp\/v2\/tags?post=595228"}],"curies":[{"name":"wp","href":"https:\/\/api.w.org\/{rel}","templated":true}]}}