{"id":595230,"date":"2025-12-12T16:23:21","date_gmt":"2025-12-12T16:23:21","guid":{"rendered":"https:\/\/www.europesays.com\/fr\/595230\/"},"modified":"2025-12-12T16:23:21","modified_gmt":"2025-12-12T16:23:21","slug":"des-centaines-des-motards-deguises-en-pere-noel-vont-defiler-ce-samedi-voici-ou","status":"publish","type":"post","link":"https:\/\/www.europesays.com\/fr\/595230\/","title":{"rendered":"des centaines des motards d\u00e9guis\u00e9s en p\u00e8re No\u00ebl vont d\u00e9filer ce samedi, voici o\u00f9"},"content":{"rendered":"<p>                    Par<br \/>\n        <strong><br \/>\n            <a href=\"https:\/\/actu.fr\/auteur\/pierre-emile-bouchy-actu-fr\" title=\"Consulter tous les articles de Paul-Emile Bouchy\" target=\"_blank\" rel=\"noopener\">Paul-Emile Bouchy<\/a><br \/>\n                    <\/strong><\/p>\n<p>        Publi\u00e9 le<\/p>\n<p>            12 d\u00e9c. 2025 \u00e0 17h11        <\/p>\n<p>Les motards se mobilisent \u00e0 l\u2019approche de <a href=\"https:\/\/actu.fr\/tag\/noe\" target=\"_blank\" rel=\"noopener\">No\u00ebl<\/a> ce <strong>samedi 13\u00a0d\u00e9cembre<\/strong> pour faire leur traditionnelle grande parade \u00e0 proximit\u00e9 de <a href=\"https:\/\/actu.fr\/grand-est\/nancy_54395\" target=\"_blank\" rel=\"noopener\">Nancy<\/a>.<\/p>\n<p class=\" wall-content\">Comme depuis 2023, le cort\u00e8ge ne traversera pas le centre-ville de la cit\u00e9 ducale. <a href=\"https:\/\/actu.fr\/grand-est\/nancy_54395\" target=\"_blank\" rel=\"noopener\">On vous dit o\u00f9 et quand les apercevoir<\/a>.<\/p>\n<p>Plus de 500 motards en route vers Lun\u00e9ville<\/p>\n<p class=\" wall-content\">Le rendez-vous est donn\u00e9 <strong>au parc des Expositions de Vand\u0153uvre-l\u00e8s-Nancy pour un d\u00e9part \u00e0 13h<\/strong>. Les motards traverseront les communes suivantes\u2009:<\/p>\n<ul class=\" wall-content\">\n<li>Jarville-la-Malgrange\u2009;<\/li>\n<li>Laneuveville-devant-Nancy\u2009;<\/li>\n<li>Saint-Nicolas-de-Port\u2009;<\/li>\n<li>Varang\u00e9ville\u2009;<\/li>\n<li>Dombasle-sur-Meurthe (o\u00f9 une pause aura lieu)\u2009;<\/li>\n<li>Damelevi\u00e8res\u2009:<\/li>\n<li>Blainville-sur-l\u2019Eau\u2009;<\/li>\n<li>Lun\u00e9ville.<\/li>\n<\/ul>\n<p class=\" wall-content\">L\u2019organisateur de l\u2019\u00e9v\u00e8nement, Didier Charles, esp\u00e8re, au vu de la m\u00e9t\u00e9o, <strong>plus de monde que l\u2019an dernier o\u00f9 550 motards \u00e9taient pr\u00e9sents<\/strong>.<\/p>\n<p>Des dons pour les enfants hospitalis\u00e9s du CHRU de Nancy<\/p>\n<p class=\" wall-content\">Ce rassemblement est avant tout un \u00e9v\u00e8nement caritatif, comme le rappelle l\u2019organisateur\u2009: \u00ab<strong>\u2009Chaque motard, au d\u00e9part, doit mettre au minimum 2\u00a0euros dans une urne scell\u00e9e.<\/strong> Des dons pourront aussi \u00eatre faits lors de la pause \u00e0 Dombasle ou \u00e0 l\u2019arriv\u00e9e au ch\u00e2teau de Lun\u00e9ville.\u2009\u00bb<\/p>\n<p class=\" wall-content\">La somme r\u00e9colt\u00e9e est ensuite <strong>revers\u00e9e \u00e0 l\u2019association R\u00e9cr\u00e9ation<\/strong> qui soutient les enfants hospitalis\u00e9s du <a href=\"https:\/\/actu.fr\/tag\/chru-de-nancy\" target=\"_blank\" rel=\"noopener\">CHRU de Nancy<\/a>.<\/p>\n<p class=\" wall-content\">Personnalisez votre actualit\u00e9 en ajoutant vos villes et m\u00e9dias en favori avec <a href=\"https:\/\/moncompte.actu.fr\" title=\"D\u00e9couvez Mon Actu\" rel=\"nofollow noopener\" data-trk=\"{&quot;cta&quot;:{&quot;action&quot;:&quot;https:\\\/\\\/moncompte.actu.fr&quot;,&quot;category&quot;:&quot;mon compte&quot;,&quot;from&quot;:&quot;article footer&quot;,&quot;name&quot;:&quot;Mon actu&quot;,&quot;type&quot;:&quot;cta&quot;}}\" target=\"_blank\">Mon Actu<\/a>.<\/p>\n","protected":false},"excerpt":{"rendered":"Par Paul-Emile Bouchy Publi\u00e9 le 12 d\u00e9c. 2025 \u00e0 17h11 Les motards se mobilisent \u00e0 l\u2019approche de No\u00ebl&hellip;\n","protected":false},"author":2,"featured_media":595231,"comment_status":"","ping_status":"","sticky":false,"template":"","format":"standard","meta":{"footnotes":""},"categories":[9635],"tags":[1111,11,1777,674,1011,27,775,1457,1702,12,15830,25,104],"class_list":{"0":"post-595230","1":"post","2":"type-post","3":"status-publish","4":"format-standard","5":"has-post-thumbnail","7":"category-nancy","8":"tag-actu","9":"tag-actualites","10":"tag-eu","11":"tag-europe","12":"tag-fr","13":"tag-france","14":"tag-grand-est","15":"tag-moto","16":"tag-nancy","17":"tag-news","18":"tag-noel","19":"tag-republique-francaise","20":"tag-societe"},"share_on_mastodon":{"url":"https:\/\/pubeurope.com\/@fr\/115707524154524982","error":""},"_links":{"self":[{"href":"https:\/\/www.europesays.com\/fr\/wp-json\/wp\/v2\/posts\/595230","targetHints":{"allow":["GET"]}}],"collection":[{"href":"https:\/\/www.europesays.com\/fr\/wp-json\/wp\/v2\/posts"}],"about":[{"href":"https:\/\/www.europesays.com\/fr\/wp-json\/wp\/v2\/types\/post"}],"author":[{"embeddable":true,"href":"https:\/\/www.europesays.com\/fr\/wp-json\/wp\/v2\/users\/2"}],"replies":[{"embeddable":true,"href":"https:\/\/www.europesays.com\/fr\/wp-json\/wp\/v2\/comments?post=595230"}],"version-history":[{"count":0,"href":"https:\/\/www.europesays.com\/fr\/wp-json\/wp\/v2\/posts\/595230\/revisions"}],"wp:featuredmedia":[{"embeddable":true,"href":"https:\/\/www.europesays.com\/fr\/wp-json\/wp\/v2\/media\/595231"}],"wp:attachment":[{"href":"https:\/\/www.europesays.com\/fr\/wp-json\/wp\/v2\/media?parent=595230"}],"wp:term":[{"taxonomy":"category","embeddable":true,"href":"https:\/\/www.europesays.com\/fr\/wp-json\/wp\/v2\/categories?post=595230"},{"taxonomy":"post_tag","embeddable":true,"href":"https:\/\/www.europesays.com\/fr\/wp-json\/wp\/v2\/tags?post=595230"}],"curies":[{"name":"wp","href":"https:\/\/api.w.org\/{rel}","templated":true}]}}