{"id":595234,"date":"2025-12-12T16:28:12","date_gmt":"2025-12-12T16:28:12","guid":{"rendered":"https:\/\/www.europesays.com\/fr\/595234\/"},"modified":"2025-12-12T16:28:12","modified_gmt":"2025-12-12T16:28:12","slug":"la-fregate-guepratte-de-retour-a-toulon-apres-un-deploiement-de-deux-mois-au-proche-orient","status":"publish","type":"post","link":"https:\/\/www.europesays.com\/fr\/595234\/","title":{"rendered":"La fr\u00e9gate Gu\u00e9pratte de retour \u00e0 Toulon apr\u00e8s un d\u00e9ploiement de deux mois au Proche-Orient"},"content":{"rendered":"<p class=\"fs-5 \">Pour la fr\u00e9gate l\u00e9g\u00e8re furtive Gu\u00e9pratte, la M\u00e9diterran\u00e9e orientale est un peu comme une r\u00e9sidence secondaire, tant elle y encha\u00eene les missions. De retour \u00e0 Toulon ce vendredi 12 d\u00e9cembre apr\u00e8s deux mois de navigation dans cette zone particuli\u00e8rement instable, la derni\u00e8re des cinq fr\u00e9gates de la classe La Fayette y avait en effet d\u00e9j\u00e0 patrouill\u00e9 en juin-juillet dernier. En r\u00e9alit\u00e9, la France assure une pr\u00e9sence quasi permanente en M\u00e9diterran\u00e9e orientale. Et quand bien m\u00eame il faudra attendre le mois de janvier 2026 pour que l\u2019une des deux fr\u00e9gates de d\u00e9fense a\u00e9rienne prenne la rel\u00e8ve, il n\u2019est pas impossible qu\u2019un sous-marin nucl\u00e9aire d\u2019attaque tra\u00eene actuellement dans les parages\u2026<\/p>\n<p>                                                                                Une pr\u00e9sence russe plus discr\u00e8te<\/p>\n<p class=\"fs-5 \">Dans un Proche-Orient en crise perp\u00e9tuelle depuis des ann\u00e9es &#8211; les frappes isra\u00e9liennes men\u00e9es, ce vendredi au Liban, contre le Hezbollah en t\u00e9moignent &#8211; la France souhaite garder une autonomie d\u2019appr\u00e9ciation de la situation. \u00ab Chaque mission en M\u00e9diterran\u00e9e orientale est diff\u00e9rente. La r\u00e9gion \u00e9volue tr\u00e8s vite, c\u2019est pourquoi on prend le pouls de la zone en permanence \u00bb, explique le capitaine de fr\u00e9gate Rapha\u00ebl Villermet, commandant du Gu\u00e9pratte.<\/p>\n<p class=\"fs-5 \">Cet officier n\u2019en est pas \u00e0 sa premi\u00e8re mission en M\u00e9diterran\u00e9e orientale et conna\u00eet tr\u00e8s bien cette r\u00e9gion jug\u00e9e strat\u00e9gique. Si les Russes sont encore pr\u00e9sents, leur activit\u00e9 militaire n\u2019a plus rien de comparable avec ce qu\u2019elle \u00e9tait en 2014-2015 lorsqu\u2019ils soutenaient le r\u00e9gime de Bachar el-Assad. \u00ab Ils ont encore quelques a\u00e9ronefs en Syrie et on a pu observer des mouvements logistiques escort\u00e9s \u00bb, t\u00e9moigne le commandant du Gu\u00e9pratte. Quant \u00e0 Isra\u00ebl, avec lequel la fr\u00e9gate fran\u00e7aise n\u2019a eu aucune interaction, \u00ab comme tout pays riverain, il surveille activement son pr\u00e9 carr\u00e9 \u00bb.<\/p>\n<p>                                                                                Un exercice Medusa d\u2019une intensit\u00e9 in\u00e9dite<\/p>\n<p class=\"fs-5 \">Ces deux mois de navigation auront aussi \u00e9t\u00e9 l\u2019occasion de consolider les partenariats m\u00e9diterran\u00e9ens. En la mati\u00e8re, le Gu\u00e9pratte n\u2019a pas ch\u00f4m\u00e9. Comme les pavillons hiss\u00e9s dans sa m\u00e2ture le d\u00e9voilent, la fr\u00e9gate fran\u00e7aise a effectu\u00e9 des escales au Liban, \u00e0 Chypre, en \u00c9gypte et en Turquie. Et \u00e0 chaque fois, cela a d\u00e9bouch\u00e9 sur des coop\u00e9rations op\u00e9rationnelles avec les pays h\u00f4tes.<\/p>\n<p class=\"fs-5 \">Avec une mention particuli\u00e8re pour l\u2019\u00c9gypte \u00e0 qui revenait, cette ann\u00e9e, la t\u00e2che d\u2019organiser l\u2019exercice Medusa. Un exercice multinational d\u2019une intensit\u00e9 in\u00e9dite. Outre la fr\u00e9gate fran\u00e7aise, une bonne dizaine de navires de guerre, parmi lesquels le porte-h\u00e9licopt\u00e8res amphibie Anouar-el-Sadate, une fr\u00e9gate saoudienne, plusieurs unit\u00e9s grecques dont un sous-marin, y ont en effet particip\u00e9.<\/p>\n<p class=\"fs-5 \">De retour \u00e0 Toulon, l\u2019\u00e9quipage du Gu\u00e9pratte, accueilli ce vendredi matin par quelques familles, va pouvoir go\u00fbter \u00e0 quelques jours de permission \u00e0 l\u2019occasion des f\u00eates de fin d\u2019ann\u00e9e. La fr\u00e9gate devrait reprendre la mer le 8 janvier prochain en compagnie de ses quatre sister-ships. \u00ab Une sortie en mer pour f\u00eater les 30 ans de la classe La Fayette \u00bb, confie le commandant Villermet.<\/p>\n","protected":false},"excerpt":{"rendered":"Pour la fr\u00e9gate l\u00e9g\u00e8re furtive Gu\u00e9pratte, la M\u00e9diterran\u00e9e orientale est un peu comme une r\u00e9sidence secondaire, tant elle&hellip;\n","protected":false},"author":2,"featured_media":595235,"comment_status":"","ping_status":"","sticky":false,"template":"","format":"standard","meta":{"footnotes":""},"categories":[9619],"tags":[1111,11,1777,674,1011,27,6128,12,882,25,2310],"class_list":{"0":"post-595234","1":"post","2":"type-post","3":"status-publish","4":"format-standard","5":"has-post-thumbnail","7":"category-toulon","8":"tag-actu","9":"tag-actualites","10":"tag-eu","11":"tag-europe","12":"tag-fr","13":"tag-france","14":"tag-marine","15":"tag-news","16":"tag-provence-alpes-cote-dazur","17":"tag-republique-francaise","18":"tag-toulon"},"share_on_mastodon":{"url":"https:\/\/pubeurope.com\/@fr\/115707543961117347","error":""},"_links":{"self":[{"href":"https:\/\/www.europesays.com\/fr\/wp-json\/wp\/v2\/posts\/595234","targetHints":{"allow":["GET"]}}],"collection":[{"href":"https:\/\/www.europesays.com\/fr\/wp-json\/wp\/v2\/posts"}],"about":[{"href":"https:\/\/www.europesays.com\/fr\/wp-json\/wp\/v2\/types\/post"}],"author":[{"embeddable":true,"href":"https:\/\/www.europesays.com\/fr\/wp-json\/wp\/v2\/users\/2"}],"replies":[{"embeddable":true,"href":"https:\/\/www.europesays.com\/fr\/wp-json\/wp\/v2\/comments?post=595234"}],"version-history":[{"count":0,"href":"https:\/\/www.europesays.com\/fr\/wp-json\/wp\/v2\/posts\/595234\/revisions"}],"wp:featuredmedia":[{"embeddable":true,"href":"https:\/\/www.europesays.com\/fr\/wp-json\/wp\/v2\/media\/595235"}],"wp:attachment":[{"href":"https:\/\/www.europesays.com\/fr\/wp-json\/wp\/v2\/media?parent=595234"}],"wp:term":[{"taxonomy":"category","embeddable":true,"href":"https:\/\/www.europesays.com\/fr\/wp-json\/wp\/v2\/categories?post=595234"},{"taxonomy":"post_tag","embeddable":true,"href":"https:\/\/www.europesays.com\/fr\/wp-json\/wp\/v2\/tags?post=595234"}],"curies":[{"name":"wp","href":"https:\/\/api.w.org\/{rel}","templated":true}]}}