{"id":595246,"date":"2025-12-12T16:35:16","date_gmt":"2025-12-12T16:35:16","guid":{"rendered":"https:\/\/www.europesays.com\/fr\/595246\/"},"modified":"2025-12-12T16:35:16","modified_gmt":"2025-12-12T16:35:16","slug":"gieres-la-magnifique-piece-votre-maman-en-represenatation-unique-ce-dimanche","status":"publish","type":"post","link":"https:\/\/www.europesays.com\/fr\/595246\/","title":{"rendered":"Gieres. La magnifique pi\u00e8ce Votre maman, en repr\u00e9senatation unique ce dimanche"},"content":{"rendered":"<p>Les Sc\u00e8nes en Sc\u00e8ne reviennent pour une repr\u00e9sentation unique de Votre maman , pi\u00e8ce de Jean-Claude Grumberg, sur l\u2019invitation de l\u2019association des Mercredistes.<\/p>\n<p>C\u2019est l\u2019histoire de cette fille qui chaque jour rend visite \u00e0 sa maman qui perd la m\u00e9moire mais pas son sens de l\u2019humour. Situations cocasses et tendres. Gilles Arbona est ce directeur d\u2019Ehpad bourru, d\u00e9pass\u00e9 par les mis\u00e8res que lui fait subir Claudie Laurent, la maman espi\u00e8gle. Jean Caune rejoint \u00e9galement le casting aux c\u00f4t\u00e9s d\u2019H\u00e9l\u00e8ne Thielens \u00e9galement metteuse en sc\u00e8ne et porteuse de ce projet.<\/p>\n<p class=\"note\">Dimanche 14\u00a0d\u00e9cembre \u00e0 17\u00a0h, salle des f\u00eates de Gi\u00e8res. R\u00e9servation : 06\u00a064\u00a083\u00a006\u00a042 ou sur helloasso.com\/associations\/les-scenes-en-scene\/evenements\/votre-maman-1<\/p>\n","protected":false},"excerpt":{"rendered":"Les Sc\u00e8nes en Sc\u00e8ne reviennent pour une repr\u00e9sentation unique de Votre maman , pi\u00e8ce de Jean-Claude Grumberg, sur&hellip;\n","protected":false},"author":2,"featured_media":595247,"comment_status":"","ping_status":"","sticky":false,"template":"","format":"standard","meta":{"footnotes":""},"categories":[9566],"tags":[1111,11,2430,1687,112,1777,674,1011,27,2731,2732,12,25,3140],"class_list":{"0":"post-595246","1":"post","2":"type-post","3":"status-publish","4":"format-standard","5":"has-post-thumbnail","7":"category-grenoble","8":"tag-actu","9":"tag-actualites","10":"tag-auvergne-rhone-alpes","11":"tag-culture-loisirs","12":"tag-edition-grenoble-agglomeration","13":"tag-eu","14":"tag-europe","15":"tag-fr","16":"tag-france","17":"tag-grenoble","18":"tag-grenoble-bassin","19":"tag-news","20":"tag-republique-francaise","21":"tag-spectacle"},"share_on_mastodon":{"url":"https:\/\/pubeurope.com\/@fr\/115707571359066889","error":""},"_links":{"self":[{"href":"https:\/\/www.europesays.com\/fr\/wp-json\/wp\/v2\/posts\/595246","targetHints":{"allow":["GET"]}}],"collection":[{"href":"https:\/\/www.europesays.com\/fr\/wp-json\/wp\/v2\/posts"}],"about":[{"href":"https:\/\/www.europesays.com\/fr\/wp-json\/wp\/v2\/types\/post"}],"author":[{"embeddable":true,"href":"https:\/\/www.europesays.com\/fr\/wp-json\/wp\/v2\/users\/2"}],"replies":[{"embeddable":true,"href":"https:\/\/www.europesays.com\/fr\/wp-json\/wp\/v2\/comments?post=595246"}],"version-history":[{"count":0,"href":"https:\/\/www.europesays.com\/fr\/wp-json\/wp\/v2\/posts\/595246\/revisions"}],"wp:featuredmedia":[{"embeddable":true,"href":"https:\/\/www.europesays.com\/fr\/wp-json\/wp\/v2\/media\/595247"}],"wp:attachment":[{"href":"https:\/\/www.europesays.com\/fr\/wp-json\/wp\/v2\/media?parent=595246"}],"wp:term":[{"taxonomy":"category","embeddable":true,"href":"https:\/\/www.europesays.com\/fr\/wp-json\/wp\/v2\/categories?post=595246"},{"taxonomy":"post_tag","embeddable":true,"href":"https:\/\/www.europesays.com\/fr\/wp-json\/wp\/v2\/tags?post=595246"}],"curies":[{"name":"wp","href":"https:\/\/api.w.org\/{rel}","templated":true}]}}