{"id":595260,"date":"2025-12-12T16:42:14","date_gmt":"2025-12-12T16:42:14","guid":{"rendered":"https:\/\/www.europesays.com\/fr\/595260\/"},"modified":"2025-12-12T16:42:14","modified_gmt":"2025-12-12T16:42:14","slug":"jean-pierre-rivere-revient-sur-la-gestion-de-logc-nice-en-pleine-crise-par-fabrice-bocquet","status":"publish","type":"post","link":"https:\/\/www.europesays.com\/fr\/595260\/","title":{"rendered":"Jean-Pierre Riv\u00e8re revient sur la gestion de l\u2019OGC Nice, en pleine crise, par Fabrice Bocquet"},"content":{"rendered":"<p class=\"fs-5 \">Jean-Pierre Riv\u00e8re\u00a0a quitt\u00e9 l\u2019OGC Nice, <strong>apr\u00e8s 14\u00a0ann\u00e9es \u00e0 la t\u00eate du club<\/strong>, l\u2019\u00e9t\u00e9 dernier. Le Gym s\u2019appr\u00eatait \u00e0 disputer les barrages de la Ligue des champions contre Benfica.<\/p>\n<p class=\"fs-5 \">Cinq mois plus tard, le club vient de <strong>battre son record historique de d\u00e9faites cons\u00e9cutives<\/strong> (8), en 120\u00a0ans d\u2019histoire et dispute ses matchs dans un stade d\u00e9sert\u00e9 par des supporters qui ont annonc\u00e9 un boycott.<\/p>\n<p class=\"fs-5 \">Une crise d\u2019une rare intensit\u00e9. Riv\u00e8re Pr\u00e9sident aurait-il pu \u00e9viter tout cela\u00a0?<\/p>\n<p class=\"fs-5 \">\u00ab\u00a0Je consid\u00e8re que les chemins qui sont pris ne sont pas ceux que j\u2019aurais pris, je ne veux pas critiquer, mais je ne l\u2019aurais pas g\u00e9r\u00e9 de la m\u00eame fa\u00e7on\u00a0\u00bb, a-t-il expliqu\u00e9 jeudi au micro d\u2019Azur Politiques sur BFM Nice, en partenariat avec Nice-Matin.<\/p>\n<p>        <img src=\"https:\/\/www.europesays.com\/fr\/wp-content\/uploads\/2025\/12\/249c92d_upload-1-nhhppsgasmha-image-spo12q663-dm-foot-nice-braga-small.jpg\"   loading=\"lazy\" decoding=\"async\" alt=\"Les Ni\u00e7ois ont encha\u00een\u00e9 une huiti\u00e8me d\u00e9faite dans un stade d\u00e9sert\u00e9. \" class=\"img-fluid position-absolute w-100 object-fit-cover rounded-2\" width=\"600\" height=\"400\"\/><\/p>\n<p>                                                                                \u00ab\u00a0Dans les moments difficiles, il faut taper du poing sur la table\u00a0\u00bb<\/p>\n<p class=\"fs-5 \">Avant d\u2019encha\u00eener sur le retour mouvement\u00e9 v\u00e9cu par la d\u00e9l\u00e9gation ni\u00e7oise <strong>apr\u00e8s la d\u00e9faite \u00e0 Lorient<\/strong>, le 30\u00a0novembre. \u00ab\u00a0Les violences, par principe, elles sont inacceptables. \u00c7a fait un petit moment qu\u2019il y a du flottement\u00a0\u00bb, encha\u00eene-t-il.<\/p>\n<p class=\"fs-5 \">\u00ab Quand vous sentez que \u00e7a part, soit vous laissez partir et vous arrivez l\u00e0 o\u00f9 on en est arriv\u00e9, soit vous redressez la barre avant. Je pense qu\u2019il aurait fallu anticiper tout \u00e7a, pas le samedi pour le dimanche. Quand j\u2019\u00e9tais pr\u00e9sident, il y a eu de tr\u00e8s beaux moments, mais aussi des moments difficiles. Dans les moments difficiles, il faut taper du poing sur la table, il faut aligner tout le monde pour \u00e9viter ce qu\u2019il se passe aujourd\u2019hui. Avec nos supporters notamment, quand \u00e7a a \u00e9t\u00e9 dur, on s\u2019est oppos\u00e9 mais il y a toujours eu un dialogue\u00a0\u00bb.<\/p>\n","protected":false},"excerpt":{"rendered":"Jean-Pierre Riv\u00e8re\u00a0a quitt\u00e9 l\u2019OGC Nice, apr\u00e8s 14\u00a0ann\u00e9es \u00e0 la t\u00eate du club, l\u2019\u00e9t\u00e9 dernier. Le Gym s\u2019appr\u00eatait \u00e0&hellip;\n","protected":false},"author":2,"featured_media":595261,"comment_status":"","ping_status":"","sticky":false,"template":"","format":"standard","meta":{"footnotes":""},"categories":[2819],"tags":[1111,11,1777,674,1011,27,12,2401,54521,882,25],"class_list":{"0":"post-595260","1":"post","2":"type-post","3":"status-publish","4":"format-standard","5":"has-post-thumbnail","7":"category-nice","8":"tag-actu","9":"tag-actualites","10":"tag-eu","11":"tag-europe","12":"tag-fr","13":"tag-france","14":"tag-news","15":"tag-nice","16":"tag-ogcnice","17":"tag-provence-alpes-cote-dazur","18":"tag-republique-francaise"},"share_on_mastodon":{"url":"https:\/\/pubeurope.com\/@fr\/115707600292256821","error":""},"_links":{"self":[{"href":"https:\/\/www.europesays.com\/fr\/wp-json\/wp\/v2\/posts\/595260","targetHints":{"allow":["GET"]}}],"collection":[{"href":"https:\/\/www.europesays.com\/fr\/wp-json\/wp\/v2\/posts"}],"about":[{"href":"https:\/\/www.europesays.com\/fr\/wp-json\/wp\/v2\/types\/post"}],"author":[{"embeddable":true,"href":"https:\/\/www.europesays.com\/fr\/wp-json\/wp\/v2\/users\/2"}],"replies":[{"embeddable":true,"href":"https:\/\/www.europesays.com\/fr\/wp-json\/wp\/v2\/comments?post=595260"}],"version-history":[{"count":0,"href":"https:\/\/www.europesays.com\/fr\/wp-json\/wp\/v2\/posts\/595260\/revisions"}],"wp:featuredmedia":[{"embeddable":true,"href":"https:\/\/www.europesays.com\/fr\/wp-json\/wp\/v2\/media\/595261"}],"wp:attachment":[{"href":"https:\/\/www.europesays.com\/fr\/wp-json\/wp\/v2\/media?parent=595260"}],"wp:term":[{"taxonomy":"category","embeddable":true,"href":"https:\/\/www.europesays.com\/fr\/wp-json\/wp\/v2\/categories?post=595260"},{"taxonomy":"post_tag","embeddable":true,"href":"https:\/\/www.europesays.com\/fr\/wp-json\/wp\/v2\/tags?post=595260"}],"curies":[{"name":"wp","href":"https:\/\/api.w.org\/{rel}","templated":true}]}}