{"id":595270,"date":"2025-12-12T16:48:13","date_gmt":"2025-12-12T16:48:13","guid":{"rendered":"https:\/\/www.europesays.com\/fr\/595270\/"},"modified":"2025-12-12T16:48:13","modified_gmt":"2025-12-12T16:48:13","slug":"noel-pour-tous-plus-dun-million-de-cadeaux-distribues-aux-familles-en-situation-de-precarite-toulouse-sur-la-liste-du-pere-noel","status":"publish","type":"post","link":"https:\/\/www.europesays.com\/fr\/595270\/","title":{"rendered":"\u00ab\u00a0No\u00ebl pour Tous\u00a0\u00bb : plus d\u2019un million de cadeaux distribu\u00e9s aux familles en situation de pr\u00e9carit\u00e9, Toulouse sur la liste du P\u00e8re No\u00ebl"},"content":{"rendered":"<p>Devenez le P\u00e8re No\u00ebl de quelqu&rsquo;un. Dons Solidaires lance sa\u00a0<strong>16\u1d49 \u00e9dition de \u00ab\u00a0No\u00ebl pour Tous\u00a0\u00bb<\/strong>, une op\u00e9ration\u00a0embl\u00e9matique et nationale qui vise \u00e0 offrir un moment de joie aux familles les plus fragilis\u00e9es et isol\u00e9es. Cette ann\u00e9e, l\u2019association bat un nouveau record avec <strong>plus d\u2019un million de cadeaux collect\u00e9s<\/strong> et distribu\u00e9s via <strong>600 associations partenaires<\/strong> partout en France, dont Toulouse.<\/p>\n<p>Une mobilisation d\u2019entreprises exceptionnelle et record<\/p>\n<p>L\u2019op\u00e9ration \u00ab\u00a0No\u00ebl pou Tous\u00a0\u00bb\u00a0repose sur l\u2019engagement de plus de <strong>40 entreprises partenaires<\/strong>\u00a0&#8211;\u00a0parmi lesquelles <strong>LEGO, le Groupe FNAC, Yves Rocher, Sephora<\/strong> et bien d\u2019autres &#8211;\u00a0qui font don de produits neufs\u00a0: <strong>jouets, jeux cr\u00e9atifs, parfums, soins, ou encore accessoires\u2026<\/strong><\/p>\n<p>Ces milliers d\u2019articles collect\u00e9s tout au long de l\u2019ann\u00e9e permettent de cr\u00e9er des instants de joie et d\u2019espoir \u00e0 travers tout le pays.<\/p>\n<blockquote>\n<p>\u00ab\u00a0Nous sommes profond\u00e9ment reconnaissants de l\u2019engagement des entreprises partenaires qui, chaque ann\u00e9e, rendent cette grande collecte possible. Gr\u00e2ce \u00e0 leurs dons, nous pouvons offrir un No\u00ebl solidaire \u00e0 ceux qui en ont le plus besoin, un cadeau de r\u00e9confort et d\u2019espoir.\u00a0\u00bb, confie\u00a0Dominique Besan\u00e7on, D\u00e9l\u00e9gu\u00e9e G\u00e9n\u00e9rale de Dons Solidaires<\/p>\n<\/blockquote>\n<p>Gr\u00e2ce \u00e0 la g\u00e9n\u00e9rosit\u00e9 d\u2019une quarantaine d\u2019entreprises et au soutien du grand public, <strong>400\u00a0000 personnes<\/strong> vivant dans la pr\u00e9carit\u00e9 pourront recevoir, cette ann\u00e9e, un pr\u00e9sent en d\u00e9cembre, et profiter d\u2019un No\u00ebl plus chaleureux.<\/p>\n<p>Toulouse parmi les 500 \u00e9v\u00e9nements solidaires\u00a0<\/p>\n<p>Pour remettre tous ces cadeaux qui se comptent par million (1,3 million ont \u00e9t\u00e9 r\u00e9colt\u00e9s), 600 associations locales organisent <strong>des\u00a0\u00e9v\u00e9nements conviviaux<\/strong> dans tout l\u2019Hexagone, du 3 au 24 d\u00e9cembre\u00a0: go\u00fbters, spectacles, ateliers cr\u00e9atifs, animations musicales, visites du P\u00e8re No\u00ebl, s\u00e9ances photo\u2026<\/p>\n<p>\u00c0 Toulouse, l\u2019\u00e9v\u00e9nement in\u00e9dit, festif et familial aura lieu le\u00a0<strong>lundi 15\u00a0d\u00e9cembre<\/strong>, au sein de <a href=\"https:\/\/ucrm.fr\/\" target=\"_self\" rel=\"noopener\">l\u2019<\/a><strong><a href=\"https:\/\/ucrm.fr\/\" target=\"_self\" rel=\"noopener\">UCRM<\/a> <\/strong>au 28 rue de l\u2019aiguette<strong>, <\/strong>avec <strong>des\u00a0distributions de cadeaux<\/strong>.<\/p>\n<p>Un moment joyeux qui permettra\u00a0de <strong>redonner le sourire aux enfants<\/strong>, de <strong>soutenir les familles les plus modestes<\/strong> et de <strong>rompre l\u2019isolement<\/strong>, cette p\u00e9riode \u00e9tant<strong>\u00a0<\/strong>une source d\u2019inqui\u00e9tude et de honte\u00a0pour pr\u00e8s de la moiti\u00e9 des parents (49 %) qui d\u00e9clarent se priver pour pouvoir offrir des cadeaux\u00a0\u00e0 leurs proches.<\/p>\n<p>Une cha\u00eene de solidarit\u00e9 qui ne cesse de grandir<\/p>\n<p>Avec ses partenaires engag\u00e9s et l\u2019implication du tissu associatif local, \u00ab\u00a0No\u00ebl pour Tous\u00a0\u00bb continue de s\u2019imposer comme <strong>l\u2019une des plus grandes op\u00e9rations solidaires de fin d\u2019ann\u00e9e en France<\/strong>.<\/p>\n<p>Pour aller encore plus loin dans <strong>cette cha\u00eene de solidarit\u00e9 et de g\u00e9n\u00e9rosit\u00e9<\/strong>, le\u00a0grand public est \u00e9galement invit\u00e9 \u00e0 contribuer en faisant un don (<strong><a href=\"https:\/\/soutenir.donsolidaires.fr\/\" target=\"_self\" rel=\"noopener\">ICI<\/a><\/strong>), afin d\u2019offrir plus de cadeaux aux familles en difficult\u00e9.<\/p>\n<blockquote>\n<p>&gt;\u00a0\u00c0 lire aussi\u00a0: <strong><a href=\"https:\/\/www.toulouscope.fr\/2025\/11\/25\/cirque-de-noel-de-toulouse-seance-gratuite-le-3-decembre-pour-decouvrir-en-avant-premiere-un-millesime-spectaculaire-13071410.php\" target=\"_self\" rel=\"noopener\">Cirque de No\u00ebl de Toulouse\u00a0: s\u00e9ance gratuite le 3\u00a0d\u00e9cembre pour d\u00e9couvrir en avant-premi\u00e8re un mill\u00e9sime spectaculaire<\/a><\/strong><\/p>\n<\/blockquote>\n<p>\n            Adresse :<br \/>\n            28 Rue de l&rsquo;Aiguette, 31100 Toulouse\n        <\/p>\n","protected":false},"excerpt":{"rendered":"Devenez le P\u00e8re No\u00ebl de quelqu&rsquo;un. Dons Solidaires lance sa\u00a016\u1d49 \u00e9dition de \u00ab\u00a0No\u00ebl pour Tous\u00a0\u00bb, une op\u00e9ration\u00a0embl\u00e9matique et&hellip;\n","protected":false},"author":2,"featured_media":595271,"comment_status":"","ping_status":"","sticky":false,"template":"","format":"standard","meta":{"footnotes":""},"categories":[2816],"tags":[1111,11,1777,674,1011,27,12,2680,25,4251,2312,70596],"class_list":{"0":"post-595270","1":"post","2":"type-post","3":"status-publish","4":"format-standard","5":"has-post-thumbnail","7":"category-toulouse","8":"tag-actu","9":"tag-actualites","10":"tag-eu","11":"tag-europe","12":"tag-fr","13":"tag-france","14":"tag-news","15":"tag-occitanie","16":"tag-republique-francaise","17":"tag-sortir","18":"tag-toulouse","19":"tag-visiter-toulouse"},"share_on_mastodon":{"url":"https:\/\/pubeurope.com\/@fr\/115707622455694840","error":""},"_links":{"self":[{"href":"https:\/\/www.europesays.com\/fr\/wp-json\/wp\/v2\/posts\/595270","targetHints":{"allow":["GET"]}}],"collection":[{"href":"https:\/\/www.europesays.com\/fr\/wp-json\/wp\/v2\/posts"}],"about":[{"href":"https:\/\/www.europesays.com\/fr\/wp-json\/wp\/v2\/types\/post"}],"author":[{"embeddable":true,"href":"https:\/\/www.europesays.com\/fr\/wp-json\/wp\/v2\/users\/2"}],"replies":[{"embeddable":true,"href":"https:\/\/www.europesays.com\/fr\/wp-json\/wp\/v2\/comments?post=595270"}],"version-history":[{"count":0,"href":"https:\/\/www.europesays.com\/fr\/wp-json\/wp\/v2\/posts\/595270\/revisions"}],"wp:featuredmedia":[{"embeddable":true,"href":"https:\/\/www.europesays.com\/fr\/wp-json\/wp\/v2\/media\/595271"}],"wp:attachment":[{"href":"https:\/\/www.europesays.com\/fr\/wp-json\/wp\/v2\/media?parent=595270"}],"wp:term":[{"taxonomy":"category","embeddable":true,"href":"https:\/\/www.europesays.com\/fr\/wp-json\/wp\/v2\/categories?post=595270"},{"taxonomy":"post_tag","embeddable":true,"href":"https:\/\/www.europesays.com\/fr\/wp-json\/wp\/v2\/tags?post=595270"}],"curies":[{"name":"wp","href":"https:\/\/api.w.org\/{rel}","templated":true}]}}