{"id":595278,"date":"2025-12-12T16:52:13","date_gmt":"2025-12-12T16:52:13","guid":{"rendered":"https:\/\/www.europesays.com\/fr\/595278\/"},"modified":"2025-12-12T16:52:13","modified_gmt":"2025-12-12T16:52:13","slug":"le-departement-et-la-region-suspendent-leur-cooperation-avec-le-mucem-a-marseille","status":"publish","type":"post","link":"https:\/\/www.europesays.com\/fr\/595278\/","title":{"rendered":"Le D\u00e9partement et la R\u00e9gion suspendent leur coop\u00e9ration avec le Mucem \u00e0 Marseille"},"content":{"rendered":"<p>C\u2019est le d\u00e9but d\u2019une temp\u00eate autour du Mucem. Ce jeudi 11\u00a0d\u00e9cembre, le mus\u00e9e national annon\u00e7ait <a href=\"https:\/\/www.laprovence.com\/article\/politique\/3019904235171614\/a-marseille-le-mucem-rompt-son-partenariat-avec-digital-realty-sur-fond-de-conflit-israelo-palestinien\" target=\"_blank\" rel=\"noopener\">la rupture de son partenariat avec un de ses m\u00e9c\u00e8nes<\/a>\u00a0: l\u2019entreprise am\u00e9ricaine Digital Realty, qui exploite quatre centres de donn\u00e9es \u00e0 Marseille. Et est par ailleurs associ\u00e9e \u00e0 la compagnie isra\u00e9lienne d\u2019immobilier Mivne Real Estate, qui porte de son c\u00f4t\u00e9 des projets dans des colonies isra\u00e9liennes situ\u00e9es en Cisjordanie et dans le Golan syrien. La coalition de collectifs marseillais \u00ab\u00a0Divest from Digital Realty\u00a0\u00bb l\u2019accuse ainsi de soutenir la colonisation de ces territoires.<\/p>\n<p>En marge de cette annonce, Ariel Kenig, responsable des m\u00e9c\u00e9nats au <a href=\"https:\/\/www.laprovence.com\/article\/culture-loisirs\/1378814880717914\/lexpo-ferdinandea-lile-ephemere-une-epopee-mediterraneenne-au-mucem-a-marseille\" target=\"_blank\" rel=\"noopener\">Mucem<\/a>, justifiait ainsi la fin du partenariat entre le Mucem et Digital Realty\u00a0: \u00ab\u00a0Cette d\u00e9cision a pour but de permettre au mus\u00e9e de poursuivre ses missions de service public et d\u2019accueil des artistes dans un contexte apais\u00e9.\u00a0\u00bb Sauf que quelques heures plus tard, dans la soir\u00e9e de jeudi, la sph\u00e8re politique a vite mis \u00e0 mal cette qui\u00e9tude recherch\u00e9e.<\/p>\n<p><img alt=\"Pour d\u00e9noncer le financement du Mucem par Digital Realty, les militants pro-palestiniens de la coalition &quot;Divest from Digital Realty&quot; avaient d\u00e9ploy\u00e9 une banderole devant le mus\u00e9e en juillet dernier. Cinq mois plus tard, l'\u00e9tablissement a annonc\u00e9 la...\" loading=\"lazy\" decoding=\"async\" data-nimg=\"fill\" class=\" TwicCore_img__i9TC1 undefined  undefined\" style=\"position:absolute;height:100%;width:100%;left:0;top:0;right:0;bottom:0;color:transparent;background-size:cover;background-position:50% 50%;background-repeat:no-repeat;background-image:url(&quot;data:image\/svg+xml;charset=utf-8,%3Csvg xmlns='http:\/\/www.w3.org\/2000\/svg' %3E%3Cfilter id='b' color-interpolation-filters='sRGB'%3E%3CfeGaussianBlur stdDeviation='20'\/%3E%3CfeColorMatrix values='1 0 0 0 0 0 1 0 0 0 0 0 1 0 0 0 0 0 100 -1' result='s'\/%3E%3CfeFlood x='0' y='0' width='100%25' height='100%25'\/%3E%3CfeComposite operator='out' in='s'\/%3E%3CfeComposite in2='SourceGraphic'\/%3E%3CfeGaussianBlur stdDeviation='20'\/%3E%3C\/filter%3E%3Cimage width='100%25' height='100%25' x='0' y='0' preserveAspectRatio='none' style='filter: url(%23b);' href='https:\/\/pictures.laprovence.com\/cdn-cgi\/image\/blur=250\/media\/melody\/2025\/12\/12\/pour-denoncer-le-financement-du-mucem-par-digital-realty-des-militants-pro-palestiniens-ont-deploye-1765555437_3b63489e95a869f63489e95a883734v_.jpg'\/%3E%3C\/svg%3E&quot;)\"   src=\"https:\/\/www.europesays.com\/fr\/wp-content\/uploads\/2025\/12\/pour-denoncer-le-financement-du-mucem-par-digital-realty-des-militants-pro-palestiniens-ont-deploye-.jpeg\"\/>Pour d\u00e9noncer le financement du Mucem par Digital Realty, les militants pro-palestiniens de la coalition \u00ab\u00a0Divest from Digital Realty\u00a0\u00bb avaient d\u00e9ploy\u00e9 une banderole devant le mus\u00e9e en juillet dernier. Cinq mois plus tard, l&rsquo;\u00e9tablissement a annonc\u00e9 la&#8230; \/ PHOTO DR Divest from Digital Realty<\/p>\n<p>Sur le r\u00e9seau social X, <a href=\"https:\/\/www.laprovence.com\/article\/region\/80334529658845\/renaud-muselier-desenclaver-les-zones-de-montagne-des-alpes-de-haute-provence-et-des-hautes-alpes\" target=\"_blank\" rel=\"noopener\">Renaud Muselier<\/a> et Martine Vassal ont annonc\u00e9 chacun \u00e0 leur tour la suspension de toute coop\u00e9ration avec le Mucem. Premier \u00e0 d\u00e9gainer, le pr\u00e9sident de la R\u00e9gion \u00e9crivait\u00a0: \u00ab\u00a0Quelle tristesse pour ce mus\u00e9e dont je fus le pr\u00e9sident du jury\u2026 La paix durable au Proche-Orient doit \u00eatre l\u2019objectif commun, et cette d\u00e9cision est une soumission au diktat antis\u00e9mite\u00a0! D\u00e8s lors, la R\u00e9gion Sud suspend toute coop\u00e9ration potentielle avec cet \u00e9tablissement.\u00a0\u00bb<\/p>\n<p>De son c\u00f4t\u00e9, la pr\u00e9sidente du D\u00e9partement et de la M\u00e9tropole Aix-Marseille-Provence, pointait\u00a0: \u00ab\u00a0Quand le militantisme antis\u00e9mite s\u2019infiltre dans l\u2019un des embl\u00e8mes de Marseille. Importer le conflit du Proche-Orient au Mucem est insupportable et inadmissible. Le D\u00e9partement et la M\u00e9tropole suspendent toute collaboration.\u00a0\u00bb<\/p>\n<p>Un \u00ab\u00a0conseil d\u2019administration d\u2019urgence\u00a0\u00bb demand\u00e9 au Mucem<\/p>\n<p>Depuis plusieurs mois, le malaise persistait autour du partenariat entre <a href=\"https:\/\/www.laprovence.com\/article\/culture-loisirs\/30436096328406\/don-quichotte-la-nouvelle-expo-litteraire-du-mucem-a-marseille\" target=\"_blank\" rel=\"noopener\">le Mucem<\/a> et Digital Realty. La coalition \u00ab\u00a0Divest from Digital Realty\u00a0\u00bb avait notamment men\u00e9 plusieurs actions. Le 6\u00a0juillet dernier, elle d\u00e9ployait devant le mus\u00e9e une banderole affichant \u00ab\u00a0Digital Realty finance le Mucem et le g\u00e9nocide\u00a0\u00bb. Une phrase \u00e0 nouveau visible le 7\u00a0ao\u00fbt, lors d\u2019un concert au Fort Saint-Jean. Le m\u00eame groupe \u00e9tait alors mont\u00e9 sur sc\u00e8ne pour \u00ab\u00a0interpeller le public et les employ\u00e9s\u00a0\u00bb et appeler le Mucem \u00ab\u00a0\u00e0 se d\u00e9sengager de Digital Realty\u00a0\u00bb. Dans les colonnes de T\u00e9l\u00e9rama ce jeudi, \u00ab\u00a0Divest from Digital Realty\u00a0\u00bb affichait sa satisfaction, d\u00e9crivant une \u00ab\u00a0grande premi\u00e8re dans l\u2019histoire des partenariats et m\u00e9c\u00e9nats culturels li\u00e9s aux entreprises complices de la colonisation isra\u00e9lienne\u00a0\u00bb.<\/p>\n<p>Ce vendredi 12\u00a0d\u00e9cembre, le Mucem et son pr\u00e9sident Pierre-Olivier Costa ont d\u00e9clin\u00e9 nos propositions d\u2019interviews, suite aux r\u00e9actions de Renaud Muselier et <a href=\"https:\/\/www.laprovence.com\/article\/elections\/64380285400645\/rapport-de-la-chambre-regionale-des-comptes-sur-la-gestion-de-la-ville-de-marseille-le-grand-enfumage\" target=\"_blank\" rel=\"noopener\">Martine Vassal<\/a>. La R\u00e9gion, le D\u00e9partement et la M\u00e9tropole ont, de leur c\u00f4t\u00e9, publi\u00e9 un communiqu\u00e9 dans l\u2019apr\u00e8s-midi pour confirmer leur position\u00a0: \u00ab\u00a0Cette d\u00e9cision de suspension \u00e9tait essentielle car nous refusons toute compromission avec l\u2019antis\u00e9mitisme et le racisme, dans les structures que nous finan\u00e7ons. Aujourd\u2019hui, nous demandons la clart\u00e9. Pourquoi cette d\u00e9cision a-t-elle \u00e9t\u00e9 prise sous la pression d\u2019activit\u00e9s d\u2019extr\u00eame gauche qui veulent importer le conflit isra\u00e9lo-palestinien en France\u00a0? Quelle est l\u2019explication de la direction du mus\u00e9e\u00a0?\u00a0\u00bb<\/p>\n<p>Les institutions politiques ont par ailleurs demand\u00e9 un conseil d\u2019administration d\u2019urgence du Mucem, \u00ab\u00a0au terme duquel nous d\u00e9ciderons de la suite \u00e0 donner \u00e0 notre participation \u00e0 ses instances\u00a0\u00bb. Si le D\u00e9partement et la M\u00e9tropole n\u2019ont pas divulgu\u00e9 le montant de ses aides au mus\u00e9e, la R\u00e9gion indiquait avoir engag\u00e9 550\u00a0000\u00a0\u20ac depuis\u00a02016 pour des partenariats sur plusieurs th\u00e9matiques, travaux et expositions.<\/p>\n","protected":false},"excerpt":{"rendered":"C\u2019est le d\u00e9but d\u2019une temp\u00eate autour du Mucem. Ce jeudi 11\u00a0d\u00e9cembre, le mus\u00e9e national annon\u00e7ait la rupture de&hellip;\n","protected":false},"author":2,"featured_media":595279,"comment_status":"","ping_status":"","sticky":false,"template":"","format":"standard","meta":{"footnotes":""},"categories":[2814],"tags":[17,1111,11,3396,1102,10463,251,9968,1777,674,1011,27,3289,884,6864,12,882,16,25,62898],"class_list":{"0":"post-595278","1":"post","2":"type-post","3":"status-publish","4":"format-standard","5":"has-post-thumbnail","7":"category-marseille","8":"tag-17","9":"tag-actu","10":"tag-actualites","11":"tag-avec","12":"tag-breakingnews","13":"tag-cooperation","14":"tag-culture","15":"tag-departement","16":"tag-eu","17":"tag-europe","18":"tag-fr","19":"tag-france","20":"tag-leur","21":"tag-marseille","22":"tag-mucem","23":"tag-news","24":"tag-provence-alpes-cote-dazur","25":"tag-region","26":"tag-republique-francaise","27":"tag-suspendent"},"share_on_mastodon":{"url":"https:\/\/pubeurope.com\/@fr\/115707639099983866","error":""},"_links":{"self":[{"href":"https:\/\/www.europesays.com\/fr\/wp-json\/wp\/v2\/posts\/595278","targetHints":{"allow":["GET"]}}],"collection":[{"href":"https:\/\/www.europesays.com\/fr\/wp-json\/wp\/v2\/posts"}],"about":[{"href":"https:\/\/www.europesays.com\/fr\/wp-json\/wp\/v2\/types\/post"}],"author":[{"embeddable":true,"href":"https:\/\/www.europesays.com\/fr\/wp-json\/wp\/v2\/users\/2"}],"replies":[{"embeddable":true,"href":"https:\/\/www.europesays.com\/fr\/wp-json\/wp\/v2\/comments?post=595278"}],"version-history":[{"count":0,"href":"https:\/\/www.europesays.com\/fr\/wp-json\/wp\/v2\/posts\/595278\/revisions"}],"wp:featuredmedia":[{"embeddable":true,"href":"https:\/\/www.europesays.com\/fr\/wp-json\/wp\/v2\/media\/595279"}],"wp:attachment":[{"href":"https:\/\/www.europesays.com\/fr\/wp-json\/wp\/v2\/media?parent=595278"}],"wp:term":[{"taxonomy":"category","embeddable":true,"href":"https:\/\/www.europesays.com\/fr\/wp-json\/wp\/v2\/categories?post=595278"},{"taxonomy":"post_tag","embeddable":true,"href":"https:\/\/www.europesays.com\/fr\/wp-json\/wp\/v2\/tags?post=595278"}],"curies":[{"name":"wp","href":"https:\/\/api.w.org\/{rel}","templated":true}]}}