{"id":595280,"date":"2025-12-12T16:53:12","date_gmt":"2025-12-12T16:53:12","guid":{"rendered":"https:\/\/www.europesays.com\/fr\/595280\/"},"modified":"2025-12-12T16:53:12","modified_gmt":"2025-12-12T16:53:12","slug":"brigade-equestre-dronistes-la-police-de-marseille-au-chevet-des-enfants-malades-a-la-timone-pour-noel","status":"publish","type":"post","link":"https:\/\/www.europesays.com\/fr\/595280\/","title":{"rendered":"Brigade \u00e9questre, dronistes&#8230; la police de Marseille au chevet des enfants malades \u00e0 la Timone pour No\u00ebl"},"content":{"rendered":"<p>C\u2019est une tradition r\u00e9cente mais parfaitement r\u00e9guli\u00e8re\u00a0: depuis 4\u00a0ans, l\u2019association Anas13 (association nationale d\u2019action sociale des personnels du minist\u00e8re de l\u2019Int\u00e9rieur) organise une collecte de jouets avant d\u2019aller les distribuer, quelques jours avant No\u00ebl, aux enfants hospitalis\u00e9s.<\/p>\n<p>Apr\u00e8s le <a href=\"https:\/\/www.laprovence.com\/article\/sante\/53354875085183\/l-hopital-d-aix-condamne-a-payer-177-000-e-a-d-anciens-medecins-urgentistes-contractuels\" target=\"_blank\" rel=\"noopener\">centre hospitalier du Pays d\u2019Aix<\/a> deux ann\u00e9es de suite et une premi\u00e8re animation caritative \u00e0 la <a href=\"https:\/\/www.laprovence.com\/article\/region\/37419913504522\/ap-hm-d-ici-2028-plus-de-42-000-m-vacants-a-la-timone-et-la-conception\" target=\"_blank\" rel=\"noopener\">Timone<\/a> l\u2019an dernier, l\u2019association qui regroupe des policiers des Bouches-du-Rh\u00f4ne \u00e9tait de retour rue Saint-Pierre en cette mi-d\u00e9cembre pour distraire les enfants malades le temps d\u2019une apr\u00e8s-midi.<\/p>\n<p>PS5 pour grands, oursons en peluche pour les petits<\/p>\n<p>Outre la distribution des cadeaux &#8211; une console de jeux <a href=\"https:\/\/www.laprovence.com\/article\/guide-shopping\/36619129627905\/playstation-frappe-fort-pour-noel-decouvrez-le-pack-ps5-fortnite\" target=\"_blank\" rel=\"noopener\">PS5<\/a> pour les plus grands, des oursons en peluche et des chocolats pour les plus petits &#8211; les jeunes patients ont eu droit \u00e0 des d\u00e9monstrations p\u00e9dagogiques assur\u00e9es par des policiers de la <a href=\"https:\/\/www.laprovence.com\/article\/region\/53963425422560\/gerald-darmanin-inaugure-la-brigade-equestre-a-cabries\" target=\"_blank\" rel=\"noopener\">brigade \u00e9questre<\/a>, des membres du <a href=\"https:\/\/www.laprovence.com\/article\/france-monde\/54917277556044\/raid-quand-vous-voyez-arriver-trente-mecs-de-120-kilos-surarmes-il-vaut-mieux-se-rendre\" target=\"_blank\" rel=\"noopener\">RAID<\/a> et de la police aux fronti\u00e8res, mais aussi des CRS, des d\u00e9mineurs et des dronistes.<\/p>\n<p>Il est 14\u00a0heures mercredi dernier lorsque sur le parvis du service de p\u00e9diatrie, les tr\u00e8s jeunes patients d\u00e9couvrent \u00e9berlu\u00e9s, deux chevaux qui boulottent, placides, des fagots de foin suspendus \u00e0 leur <a href=\"https:\/\/www.laprovence.com\/article\/region\/50711463114811\/mort-demile-cette-remorque-a-chevaux-du-grand-pere-maternel-qui-intrigue-les-enqueteurs\" target=\"_blank\" rel=\"noopener\">van<\/a>. Un policier en tenue \u00e9questre les invite \u00e0 venir caresser les animaux, mais pour beaucoup d\u2019entre eux, c\u2019est une premi\u00e8re. \u00c0 peine les menottes tremblotantes effleurent-elles la croupe qu\u2019elles se retirent d\u2019un geste vif, comme si elles s\u2019y \u00e9taient br\u00fbl\u00e9es. Mais d\u00e8s la deuxi\u00e8me tentative, les petits visages affichent de larges sourires pendant que les parents immortalisent la sc\u00e8ne avec leur smartphone.<\/p>\n<p>Succ\u00e8s du robot d\u00e9mineur Avenger<\/p>\n<p>Un plus loin, ce sont les <a href=\"https:\/\/www.laprovence.com\/article\/faits-divers-justice\/2980874783678614\/une-grenade-et-300-munitions-decouvertes-dans-le-14e-arrondissement-de-marseille\" target=\"_blank\" rel=\"noopener\">d\u00e9mineurs<\/a> de la S\u00e9curit\u00e9 civile et surtout leur dr\u00f4le de robot qui intriguent les enfants de la Timone. Les clich\u00e9s ont la vie dure et ce sont essentiellement les petits gar\u00e7ons qui effectuent de prudents cercles concentriques autour d\u2019<a href=\"https:\/\/www.laprovence.com\/article\/france-monde\/14018041572618\/il-ma-envoye-des-photos-intimes-et-ma-menacee-dappeler-limmigration-lacteur-jeremy-renner-accuse-par-une-realisatrice\" target=\"_blank\" rel=\"noopener\">Avenger<\/a>.<\/p>\n<p>Ce robot d\u00e9mineur mont\u00e9 sur chenille, \u00e9quip\u00e9 de cam\u00e9ras, d\u2019une vis\u00e9e laser et de pinces, suscite un vif int\u00e9r\u00eat, en m\u00eame temps qu\u2019il distrait les petits malades des machines qui les accompagnent, des cath\u00e9ters et des soins parfois lourds qu\u2019ils doivent suivre durant leur hospitalisation. Exactement le temps de r\u00e9pit que <a href=\"https:\/\/www.laprovence.com\/article\/societe\/33692542572055\/aix-les-policiers-vont-a-la-rencontre-des-enfants-malades-de-lhopital\" target=\"_blank\" rel=\"noopener\">St\u00e9phane Dor\u00e9<\/a>, le pr\u00e9sident de l\u2019Anas13 esp\u00e9rait offrir aux enfants hospitalis\u00e9s.<\/p>\n","protected":false},"excerpt":{"rendered":"C\u2019est une tradition r\u00e9cente mais parfaitement r\u00e9guli\u00e8re\u00a0: depuis 4\u00a0ans, l\u2019association Anas13 (association nationale d\u2019action sociale des personnels du&hellip;\n","protected":false},"author":2,"featured_media":595281,"comment_status":"","ping_status":"","sticky":false,"template":"","format":"standard","meta":{"footnotes":""},"categories":[2814],"tags":[17,1111,11,17434,36280,154,70797,51545,1777,674,274,1011,27,884,12,1072,882,25],"class_list":{"0":"post-595280","1":"post","2":"type-post","3":"status-publish","4":"format-standard","5":"has-post-thumbnail","7":"category-marseille","8":"tag-17","9":"tag-actu","10":"tag-actualites","11":"tag-brigade","12":"tag-chevet","13":"tag-des","14":"tag-dronistes","15":"tag-equestre","16":"tag-eu","17":"tag-europe","18":"tag-faits-divers-justice","19":"tag-fr","20":"tag-france","21":"tag-marseille","22":"tag-news","23":"tag-police","24":"tag-provence-alpes-cote-dazur","25":"tag-republique-francaise"},"share_on_mastodon":{"url":"https:\/\/pubeurope.com\/@fr\/115707642192788574","error":""},"_links":{"self":[{"href":"https:\/\/www.europesays.com\/fr\/wp-json\/wp\/v2\/posts\/595280","targetHints":{"allow":["GET"]}}],"collection":[{"href":"https:\/\/www.europesays.com\/fr\/wp-json\/wp\/v2\/posts"}],"about":[{"href":"https:\/\/www.europesays.com\/fr\/wp-json\/wp\/v2\/types\/post"}],"author":[{"embeddable":true,"href":"https:\/\/www.europesays.com\/fr\/wp-json\/wp\/v2\/users\/2"}],"replies":[{"embeddable":true,"href":"https:\/\/www.europesays.com\/fr\/wp-json\/wp\/v2\/comments?post=595280"}],"version-history":[{"count":0,"href":"https:\/\/www.europesays.com\/fr\/wp-json\/wp\/v2\/posts\/595280\/revisions"}],"wp:featuredmedia":[{"embeddable":true,"href":"https:\/\/www.europesays.com\/fr\/wp-json\/wp\/v2\/media\/595281"}],"wp:attachment":[{"href":"https:\/\/www.europesays.com\/fr\/wp-json\/wp\/v2\/media?parent=595280"}],"wp:term":[{"taxonomy":"category","embeddable":true,"href":"https:\/\/www.europesays.com\/fr\/wp-json\/wp\/v2\/categories?post=595280"},{"taxonomy":"post_tag","embeddable":true,"href":"https:\/\/www.europesays.com\/fr\/wp-json\/wp\/v2\/tags?post=595280"}],"curies":[{"name":"wp","href":"https:\/\/api.w.org\/{rel}","templated":true}]}}