{"id":595284,"date":"2025-12-12T16:55:15","date_gmt":"2025-12-12T16:55:15","guid":{"rendered":"https:\/\/www.europesays.com\/fr\/595284\/"},"modified":"2025-12-12T16:55:15","modified_gmt":"2025-12-12T16:55:15","slug":"la-pfl-lache-les-monstres-a-la-ldlc-arena","status":"publish","type":"post","link":"https:\/\/www.europesays.com\/fr\/595284\/","title":{"rendered":"la PFL l\u00e2che les monstres \u00e0 la LDLC Arena"},"content":{"rendered":"<p>La PFL d\u00e9ploie les grands moyens <a href=\"https:\/\/www.leprogres.fr\/sport\/2024\/12\/15\/tue-le-la-ldlc-arena-plus-sauvage-que-jamais\" target=\"_blank\" rel=\"noopener\">pour son retour \u00e0 Lyon<\/a>. Samedi, la LDLC Arena vibrera au rythme de gros noms du MMA mondial, avec en point d\u2019orgue un choc pour la ceinture masculine des poids lourds\u00a0: Vadim Nemkov (19 \u2013 2, 1 NC) contre Renan Ferreira (13 \u2013 4).<\/p>\n<p>Ancien roi des mi-lourds au Bellator, Nemkov arrive lanc\u00e9 comme un train. Pour sa transition chez les lourds, le Russe a fait forte impression\u00a0: deux victoires \u00e9clair et deux finishes, d\u2019abord contre Timothy Johnson, ensuite face \u00e0 Bruno Cappelozza.<\/p>\n<p>Nemkov \u2013 Ferreira\u00a0: deux titans, une&#8230;                        <\/p>\n","protected":false},"excerpt":{"rendered":"La PFL d\u00e9ploie les grands moyens pour son retour \u00e0 Lyon. Samedi, la LDLC Arena vibrera au rythme&hellip;\n","protected":false},"author":2,"featured_media":595285,"comment_status":"","ping_status":"","sticky":false,"template":"","format":"standard","meta":{"footnotes":""},"categories":[1889],"tags":[1111,11,2430,2757,1777,674,107,1011,27,2428,2756,12,25,2429,517,21508],"class_list":{"0":"post-595284","1":"post","2":"type-post","3":"status-publish","4":"format-standard","5":"has-post-thumbnail","7":"category-lyon","8":"tag-actu","9":"tag-actualites","10":"tag-auvergne-rhone-alpes","11":"tag-edition-lyon-villeurbanne","12":"tag-eu","13":"tag-europe","14":"tag-fil-info","15":"tag-fr","16":"tag-france","17":"tag-lyon","18":"tag-lyon-bassin","19":"tag-news","20":"tag-republique-francaise","21":"tag-rhone","22":"tag-sport","23":"tag-sports-de-combat"},"share_on_mastodon":{"url":"https:\/\/pubeurope.com\/@fr\/115707649933600299","error":""},"_links":{"self":[{"href":"https:\/\/www.europesays.com\/fr\/wp-json\/wp\/v2\/posts\/595284","targetHints":{"allow":["GET"]}}],"collection":[{"href":"https:\/\/www.europesays.com\/fr\/wp-json\/wp\/v2\/posts"}],"about":[{"href":"https:\/\/www.europesays.com\/fr\/wp-json\/wp\/v2\/types\/post"}],"author":[{"embeddable":true,"href":"https:\/\/www.europesays.com\/fr\/wp-json\/wp\/v2\/users\/2"}],"replies":[{"embeddable":true,"href":"https:\/\/www.europesays.com\/fr\/wp-json\/wp\/v2\/comments?post=595284"}],"version-history":[{"count":0,"href":"https:\/\/www.europesays.com\/fr\/wp-json\/wp\/v2\/posts\/595284\/revisions"}],"wp:featuredmedia":[{"embeddable":true,"href":"https:\/\/www.europesays.com\/fr\/wp-json\/wp\/v2\/media\/595285"}],"wp:attachment":[{"href":"https:\/\/www.europesays.com\/fr\/wp-json\/wp\/v2\/media?parent=595284"}],"wp:term":[{"taxonomy":"category","embeddable":true,"href":"https:\/\/www.europesays.com\/fr\/wp-json\/wp\/v2\/categories?post=595284"},{"taxonomy":"post_tag","embeddable":true,"href":"https:\/\/www.europesays.com\/fr\/wp-json\/wp\/v2\/tags?post=595284"}],"curies":[{"name":"wp","href":"https:\/\/api.w.org\/{rel}","templated":true}]}}