{"id":595289,"date":"2025-12-12T16:59:17","date_gmt":"2025-12-12T16:59:17","guid":{"rendered":"https:\/\/www.europesays.com\/fr\/595289\/"},"modified":"2025-12-12T16:59:17","modified_gmt":"2025-12-12T16:59:17","slug":"a-paris-le-proces-de-la-baby-sitter-jugee-pour-avoir-delaisse-un-enfant-autiste-renvoye-a-octobre-2026","status":"publish","type":"post","link":"https:\/\/www.europesays.com\/fr\/595289\/","title":{"rendered":"\u00c0 Paris, le proc\u00e8s de la baby-sitter jug\u00e9e pour avoir d\u00e9laiss\u00e9 un enfant autiste renvoy\u00e9 \u00e0 octobre 2026"},"content":{"rendered":"<p>\n    Elvire P., \u00e9tudiante, avait l\u2019habitude de garder Paul S. pendant les d\u00e9placements de son p\u00e8re \u00e0 l\u2019\u00e9tranger. Elle enfermait le petit gar\u00e7on afin de se rendre disponible pour d\u2019autres baby-sittings.<\/p>\n<p class=\"fig-paragraph\">Le 27 juin dernier, vers 3 heures, Elvire P. a contact\u00e9 la police pour d\u00e9plorer la disparition de l\u2019enfant dont elle avait la garde et qu\u2019elle avait laiss\u00e9 seul une \u00abvingtaine de minutes\u00bb dans le 20e arrondissement de Paris. Le 4 juillet dernier, la m\u00eame Elvire P. a \u00e9t\u00e9 d\u00e9f\u00e9r\u00e9e devant un magistrat du parquet, qui l\u2019a convoqu\u00e9e \u00e0 une audience correctionnelle pour d\u00e9laissement de mineur de moins de 15 ans. Celle-ci, qui devait avoir lieu ce vendredi 12 d\u00e9cembre, a finalement \u00e9t\u00e9 renvoy\u00e9e en octobre 2026.<\/p>\n<p class=\"fig-paragraph\">Le 27 juin, ce ne sont pas vingt minutes mais au minimum quatre heures que cette jeune femme, \u00e9tudiante \u00e0 l\u2019Institut Catholique de Paris, est accus\u00e9e d\u2019avoir pass\u00e9es loin du domicile de Paul, dix ans, un enfant autiste dont elle assurait la garde lors des d\u00e9placements de son p\u00e8re \u00e0 l\u2019\u00e9tranger. Pr\u00e9venus par un voisin qui avait entendu des coups et des cris vers 23 heures, les pompiers et les policiers ont d\u00e9couvert dans une chambre ferm\u00e9e \u00e0 l\u2019aide d\u2019un cadenas et surchauff\u00e9e ce petit gar\u00e7on nu, allong\u00e9 sur un lit couvert de d\u00e9chets et de d\u00e9jections. Au sol, une bouteille d\u2019eau vide. Aucun adulte n\u2019\u00e9tait pr\u00e9sent dans l\u2019appartement, d\u00e9crit comme \u00e9tant, par ailleurs, en bon \u00e9tat.<\/p>\n<p>                                            <a class=\"fig-a11y-skip\" href=\"#fig-a11y-skip-main-inarticle\" data-module=\"a11y-skip\" data-context=\"was @visible\"><br \/>\n    Passer la publicit\u00e9<br \/>\n<\/a>            <\/p>\n<p class=\"fig-paragraph\">L\u2019enfant, qui ne peut s\u2019exprimer, a \u00e9t\u00e9 transport\u00e9 \u00e0 l\u2019h\u00f4pital Robert Debr\u00e9. Il a un temps \u00e9t\u00e9 confi\u00e9 \u00e0 l\u2019Aide sociale \u00e0 l\u2019Enfance (ASE). Son p\u00e8re, Alexandre S., a expliqu\u00e9 aux autorit\u00e9s \u00eatre s\u00e9par\u00e9 et avoir la garde de son fils. La journ\u00e9e, ce dernier allait dans un IME (institut m\u00e9dico-\u00e9ducatif). Le soir, il \u00e9tait gard\u00e9 par des baby-sitters qu\u2019Alexandre S. formait \u00e0 la compr\u00e9hension de son trouble. Les professionnels et membres de l\u2019entourage d\u00e9crivent ce p\u00e8re comme \u00abimpliqu\u00e9\u00bb et \u00abattentif\u00bb. Il a \u00e9t\u00e9 convoqu\u00e9 en\u00a0<a href=\"http:\/\/www.lefigaro.fr\/actualite-france\/aux-cotes-de-ces-parents-condamnes-par-la-justice-a-suivre-un-stage-de-responsabilisation-20210428\" target=\"_blank\" data-fig-type=\"Article\" rel=\"noopener\" data-gtm-custom-categorie=\"navigation\" data-gtm-custom-action=\"crossclick\" data-gtm-custom-label=\"Contextuel\" data-gtm-event=\"customEventSPE\" data-fig-domain=\"LEFIGARO\">stage de responsabilisation parentale<\/a>, en alternative aux poursuites pour soustraction d\u2019un parent \u00e0 ses obligations l\u00e9gales (d\u00e9lit faisant encourir la peine de 2 ans d\u2019emprisonnement et 30.000 euros d\u2019amende). Elvire P., elle, risque 7 ans d\u2019emprisonnement et 100.000 euros d\u2019amende.<\/p>\n<p class=\"fig-paragraph\">L\u2019enqu\u00eate a d\u00e9montr\u00e9 que la jeune femme profitait des moments o\u00f9 elle laissait Paul S. seul pour effectuer d\u2019autres missions de baby-sitting. Le d\u00e9laissement se serait donc produit \u00e0 plusieurs reprises. Ce vendredi, l\u2019audience a \u00e9t\u00e9 renvoy\u00e9e car Me Fran\u00e7ois Stefanaggi, avocat de l\u2019accus\u00e9e., a obtenu de la cour une expertise psychiatrique de sa cliente. Il assure qu\u2019Elvire P. pr\u00e9sente un \u00e9tat de \u00abgrande d\u00e9tresse\u00bb, lequel se manifeste notamment par des troubles alimentaires s\u00e9v\u00e8res dont il estime qu\u2019ils auraient pu alt\u00e9rer son jugement. L\u2019\u00e9valuation psychiatrique devra \u00eatre r\u00e9alis\u00e9e avant la fin du mois de janvier et la prochaine audience est pr\u00e9vue pour octobre.<\/p>\n","protected":false},"excerpt":{"rendered":"Elvire P., \u00e9tudiante, avait l\u2019habitude de garder Paul S. pendant les d\u00e9placements de son p\u00e8re \u00e0 l\u2019\u00e9tranger. Elle&hellip;\n","protected":false},"author":2,"featured_media":595290,"comment_status":"","ping_status":"","sticky":false,"template":"","format":"standard","meta":{"footnotes":""},"categories":[1888],"tags":[1111,1928,11,1927,8187,1777,674,1011,27,19232,12,1926,626,1925,2694,25],"class_list":{"0":"post-595289","1":"post","2":"type-post","3":"status-publish","4":"format-standard","5":"has-post-thumbnail","7":"category-paris","8":"tag-actu","9":"tag-actu-paris","10":"tag-actualites","11":"tag-actualites-paris","12":"tag-autisme","13":"tag-eu","14":"tag-europe","15":"tag-fr","16":"tag-france","17":"tag-maltraitance","18":"tag-news","19":"tag-news-paris","20":"tag-paris","21":"tag-paris-news","22":"tag-proces","23":"tag-republique-francaise"},"share_on_mastodon":{"url":"https:\/\/pubeurope.com\/@fr\/115707665819413978","error":""},"_links":{"self":[{"href":"https:\/\/www.europesays.com\/fr\/wp-json\/wp\/v2\/posts\/595289","targetHints":{"allow":["GET"]}}],"collection":[{"href":"https:\/\/www.europesays.com\/fr\/wp-json\/wp\/v2\/posts"}],"about":[{"href":"https:\/\/www.europesays.com\/fr\/wp-json\/wp\/v2\/types\/post"}],"author":[{"embeddable":true,"href":"https:\/\/www.europesays.com\/fr\/wp-json\/wp\/v2\/users\/2"}],"replies":[{"embeddable":true,"href":"https:\/\/www.europesays.com\/fr\/wp-json\/wp\/v2\/comments?post=595289"}],"version-history":[{"count":0,"href":"https:\/\/www.europesays.com\/fr\/wp-json\/wp\/v2\/posts\/595289\/revisions"}],"wp:featuredmedia":[{"embeddable":true,"href":"https:\/\/www.europesays.com\/fr\/wp-json\/wp\/v2\/media\/595290"}],"wp:attachment":[{"href":"https:\/\/www.europesays.com\/fr\/wp-json\/wp\/v2\/media?parent=595289"}],"wp:term":[{"taxonomy":"category","embeddable":true,"href":"https:\/\/www.europesays.com\/fr\/wp-json\/wp\/v2\/categories?post=595289"},{"taxonomy":"post_tag","embeddable":true,"href":"https:\/\/www.europesays.com\/fr\/wp-json\/wp\/v2\/tags?post=595289"}],"curies":[{"name":"wp","href":"https:\/\/api.w.org\/{rel}","templated":true}]}}