{"id":595315,"date":"2025-12-12T17:18:14","date_gmt":"2025-12-12T17:18:14","guid":{"rendered":"https:\/\/www.europesays.com\/fr\/595315\/"},"modified":"2025-12-12T17:18:14","modified_gmt":"2025-12-12T17:18:14","slug":"transfert-de-melvyn-jaminet-de-lusap-au-stade-toulousain-la-decision-rendue-la-semaine-prochaine-quelles-sanctions-pour-toulouse","status":"publish","type":"post","link":"https:\/\/www.europesays.com\/fr\/595315\/","title":{"rendered":"Transfert de Melvyn Jaminet de l\u2019USAP au Stade toulousain\u00a0: la d\u00e9cision rendue la semaine prochaine, quelles sanctions pour Toulouse\u00a0?"},"content":{"rendered":"<p>\n                                                                Le transfert controvers\u00e9 de Melvyn Jaminet au Stade toulousain soul\u00e8ve des questions cruciales. Le club risque des sanctions sportives, apr\u00e8s avoir d\u00e9j\u00e0 pay\u00e9 1,3\u00a0million d\u2019euros pour non-respect du plafond salarial. Qu\u2019adviendra-t-il de cette affaire complexe\u00a0?\n                            <\/p>\n<p>La d\u00e9cision du conseil de discipline du rugby fran\u00e7ais, qui a entendu le Stade toulousain concernant l\u2019affaire du transfert n\u00e9buleux de Melvyn Jaminet de Perpignan \u00e0 Toulouse en 2022, sera rendue la semaine prochaine, a-t-on appris ce vendredi de source proche du dossier.<\/p>\n<p>Auditionn\u00e9 lundi apr\u00e8s-midi au si\u00e8ge de la Ligue nationale de rugby par cette instance ind\u00e9pendante plac\u00e9e sous la responsabilit\u00e9 de la F\u00e9d\u00e9ration fran\u00e7aise de rugby, le Stade toulousain encourt cette fois une sanction sportive, apr\u00e8s avoir vers\u00e9 une \u00ab\u00a0contribution\u00a0\u00bb de 1,3\u00a0million d\u2019euros \u00e0 la LNR en mars pour avoir manqu\u00e9 aux obligations du plafond salarial en vigueur. Apr\u00e8s cette audience, l\u2019affaire avait \u00e9t\u00e9 mise en d\u00e9lib\u00e9r\u00e9, laissant augurer d\u2019un d\u00e9lai de quelques jours avant qu\u2019une \u00e9ventuelle sanction ne soit connue.<\/p>\n<p>Pacific Heart<\/p>\n<p>Le panel de mesures possibles est large, du retrait de points pour la saison en cours jusqu\u2019\u00e0 une r\u00e9trogradation administrative.<\/p>\n<p>Ce Conseil de discipline \u00e9tudie les conditions du transfert de l\u2019arri\u00e8re qui \u00e9voluait alors \u00e0 Perpignan, et avait d\u00fb r\u00e9gler lui-m\u00eame les 450.000 euros de sa clause lib\u00e9ratoire pour rejoindre Toulouse en 2022, afin d\u2019\u00e9viter que ce montant soit inclus dans le plafond salarial permis par le r\u00e8glement du Top 14. Au moment du transfert, le Stade toulousain a pass\u00e9 un contrat, chiffr\u00e9 \u00e0 500.000 euros selon L\u2019\u00c9quipe \u2013 un montant proche de celui que le club rouge et noir devait rembourser \u00e0 Jaminet \u2013, avec une soci\u00e9t\u00e9 bas\u00e9e en Polyn\u00e9sie, nomm\u00e9e Pacific Heart. Le contrat n\u2019a pas \u00e9t\u00e9 ex\u00e9cut\u00e9 mais ce qu\u2019il est advenu de ces 500.000 euros est un des principaux points d\u2019ombre de cette affaire.<\/p>\n<p>Cette affaire et ses modalit\u00e9s financi\u00e8res font \u00e9galement l\u2019objet d\u2019une enqu\u00eate pr\u00e9liminaire, ouverte par le parquet de Toulouse en avril pour \u00ab\u00a0abus de confiance\u00a0\u00bb.<\/p>\n","protected":false},"excerpt":{"rendered":"Le transfert controvers\u00e9 de Melvyn Jaminet au Stade toulousain soul\u00e8ve des questions cruciales. Le club risque des sanctions&hellip;\n","protected":false},"author":2,"featured_media":595316,"comment_status":"","ping_status":"","sticky":false,"template":"","format":"standard","meta":{"footnotes":""},"categories":[1416],"tags":[1011,27,3464,11548,479,1468,68796,517,60],"class_list":{"0":"post-595315","1":"post","2":"type-post","3":"status-publish","4":"format-standard","5":"has-post-thumbnail","7":"category-rugby","8":"tag-fr","9":"tag-france","10":"tag-perpignan","11":"tag-pyrenees-orientales","12":"tag-rugby","13":"tag-rugby-football","14":"tag-rugby-u00e0-xv","15":"tag-sport","16":"tag-sports"},"share_on_mastodon":{"url":"https:\/\/pubeurope.com\/@fr\/115707740479635155","error":""},"_links":{"self":[{"href":"https:\/\/www.europesays.com\/fr\/wp-json\/wp\/v2\/posts\/595315","targetHints":{"allow":["GET"]}}],"collection":[{"href":"https:\/\/www.europesays.com\/fr\/wp-json\/wp\/v2\/posts"}],"about":[{"href":"https:\/\/www.europesays.com\/fr\/wp-json\/wp\/v2\/types\/post"}],"author":[{"embeddable":true,"href":"https:\/\/www.europesays.com\/fr\/wp-json\/wp\/v2\/users\/2"}],"replies":[{"embeddable":true,"href":"https:\/\/www.europesays.com\/fr\/wp-json\/wp\/v2\/comments?post=595315"}],"version-history":[{"count":0,"href":"https:\/\/www.europesays.com\/fr\/wp-json\/wp\/v2\/posts\/595315\/revisions"}],"wp:featuredmedia":[{"embeddable":true,"href":"https:\/\/www.europesays.com\/fr\/wp-json\/wp\/v2\/media\/595316"}],"wp:attachment":[{"href":"https:\/\/www.europesays.com\/fr\/wp-json\/wp\/v2\/media?parent=595315"}],"wp:term":[{"taxonomy":"category","embeddable":true,"href":"https:\/\/www.europesays.com\/fr\/wp-json\/wp\/v2\/categories?post=595315"},{"taxonomy":"post_tag","embeddable":true,"href":"https:\/\/www.europesays.com\/fr\/wp-json\/wp\/v2\/tags?post=595315"}],"curies":[{"name":"wp","href":"https:\/\/api.w.org\/{rel}","templated":true}]}}