{"id":595321,"date":"2025-12-12T17:25:16","date_gmt":"2025-12-12T17:25:16","guid":{"rendered":"https:\/\/www.europesays.com\/fr\/595321\/"},"modified":"2025-12-12T17:25:16","modified_gmt":"2025-12-12T17:25:16","slug":"jordan-bardella-sinsurge-apres-le-taguage-dun-restaurant-avant-une-seance-de-dedicaces-de-son-livre","status":"publish","type":"post","link":"https:\/\/www.europesays.com\/fr\/595321\/","title":{"rendered":"Jordan Bardella s&rsquo;insurge apr\u00e8s le taguage d&rsquo;un restaurant avant une s\u00e9ance de d\u00e9dicaces de son livre"},"content":{"rendered":"<p>\u00ab\u00a0La violence et les intimidations de l&rsquo;extr\u00eame gauche continuent. Contre une simple s\u00e9ance de d\u00e9dicaces d&rsquo;un livre, ce qui devrait scandaliser l&rsquo;ensemble de la classe politique. La vague qui nous porte est irr\u00e9sistible, nous ne c\u00e8derons pas. \u00c0 samedi dans les Hautes-Alpes.\u00a0\u00bb Ces phrases post\u00e9es sur les r\u00e9seaux sociaux sont de <a href=\"https:\/\/www.ledauphine.com\/p\/jordan-bardella\" target=\"_blank\" rel=\"noopener\">Jordan Bardella<\/a>. Une d\u00e9claration publique datant du jeudi 11 d\u00e9cembre 2025.\u00a0<\/p>\n<p>Ce contenu est bloqu\u00e9 car vous n&rsquo;avez pas accept\u00e9 les cookies et autres traceurs.<\/p>\n<p>En cliquant sur \u00ab J\u2019accepte \u00bb, les cookies et autres traceurs seront d\u00e9pos\u00e9s et vous pourrez visualiser les contenus  (<a href=\"\" class=\"consentModule_policy\" target=\"_blank\" title=\"Consulter la politique de protection des donn\u00e9es du fournisseur\">plus d&rsquo;informations<\/a>).<\/p>\n<p>En cliquant sur \u00ab J\u2019accepte tous les cookies \u00bb, vous autorisez des d\u00e9p\u00f4ts de cookies et autres traceurs pour le stockage de vos donn\u00e9es sur nos sites et applications \u00e0 des fins de personnalisation et de ciblage publicitaire.<\/p>\n<p class=\"consentModule_secondaryText\">Vous gardez la possibilit\u00e9 de retirer votre consentement \u00e0 tout moment en consultant notre <a href=\"https:\/\/www.ledauphine.com\/protection-des-donnees\" target=\"_blank\" title=\"Consulter notre politique de protection des donn\u00e9es\" rel=\"noopener\">politique de protection des donn\u00e9es<\/a>. <br \/>&#13;<br \/>\n            <a href=\"https:\/\/www.ledauphine.com\/politique\/2025\/12\/12\/javascript:Didomi.notice.show()\" class=\"consentModule_cmp\" target=\"_blank\" rel=\"noopener\">G\u00e9rer mes choix<\/a>&#13;\n        <\/p>\n<p>&#13;<br \/>\n                        J&rsquo;accepte&#13;<br \/>\n            J&rsquo;accepte tous les cookies&#13;\n        <\/p>\n<p>Cette r\u00e9action du pr\u00e9sident du Rassemblement national\u00a0advient apr\u00e8s que le restaurant de <a href=\"https:\/\/www.ledauphine.com\/c\/hautes-alpes\/05059-la-freissinouse\" target=\"_blank\" rel=\"noopener\">La Fressinouse,<\/a> route de Gap, a subi <a href=\"https:\/\/www.ledauphine.com\/faits-divers-justice\/2025\/12\/11\/le-restaurant-tague-et-peinturlure-dans-la-nuit-avant-le-passage-de-jordan-bardella\" target=\"_blank\" rel=\"noopener\">des d\u00e9gradations<\/a> d\u00e9non\u00e7ant le d\u00e9placement du d\u00e9put\u00e9 europ\u00e9en d&rsquo;extr\u00eame droite.<\/p>\n<p>\u00ab Mon mari a d\u00e9couvert les d\u00e9gradations ce matin, il a regard\u00e9 les cam\u00e9ras de vid\u00e9osurveillance et il a vu trois personnes cagoul\u00e9es et habill\u00e9es en noir\u00a0\u00bb, a relat\u00e9 L\u00e9a Barigand, la cog\u00e9rante du Flibustier jeudi 11 d\u00e9cembre\u00a0pour Le Dauphin\u00e9 Lib\u00e9r\u00e9.\u00a0<\/p>\n<p>Sur une publication de <a href=\"https:\/\/www.bfmtv.com\/bfm-dici\/info-bfm-dici-fashos-le-restaurant-qui-recevra-jordan-bardella-dans-le-hautes-alpes-ce-samedi-vise-par-des-tags_AN-202512110294.html\" target=\"_blank\" rel=\"noopener\">BFM DICI<\/a>, un tag\u00a0\u201cfaschos\u201d est effectivement visible sur la sc\u00e8ne pr\u00e9vue pour l&rsquo;\u00e9v\u00e9nement.<\/p>\n","protected":false},"excerpt":{"rendered":"\u00ab\u00a0La violence et les intimidations de l&rsquo;extr\u00eame gauche continuent. Contre une simple s\u00e9ance de d\u00e9dicaces d&rsquo;un livre, ce&hellip;\n","protected":false},"author":2,"featured_media":595322,"comment_status":"","ping_status":"","sticky":false,"template":"","format":"standard","meta":{"footnotes":""},"categories":[1359],"tags":[58,4521,59,107,1011,27,38800,881,70803,973,316,1078],"class_list":{"0":"post-595321","1":"post","2":"type-post","3":"status-publish","4":"format-standard","5":"has-post-thumbnail","7":"category-people","8":"tag-divertissement","9":"tag-edition-hautes-alpes-alpes-de-haute-provence","10":"tag-entertainment","11":"tag-fil-info","12":"tag-fr","13":"tag-france","14":"tag-gapencais","15":"tag-hautes-alpes","16":"tag-la-freissinouse","17":"tag-people","18":"tag-politique","19":"tag-rassemblement-national"},"share_on_mastodon":{"url":"https:\/\/pubeurope.com\/@fr\/115707767945619840","error":""},"_links":{"self":[{"href":"https:\/\/www.europesays.com\/fr\/wp-json\/wp\/v2\/posts\/595321","targetHints":{"allow":["GET"]}}],"collection":[{"href":"https:\/\/www.europesays.com\/fr\/wp-json\/wp\/v2\/posts"}],"about":[{"href":"https:\/\/www.europesays.com\/fr\/wp-json\/wp\/v2\/types\/post"}],"author":[{"embeddable":true,"href":"https:\/\/www.europesays.com\/fr\/wp-json\/wp\/v2\/users\/2"}],"replies":[{"embeddable":true,"href":"https:\/\/www.europesays.com\/fr\/wp-json\/wp\/v2\/comments?post=595321"}],"version-history":[{"count":0,"href":"https:\/\/www.europesays.com\/fr\/wp-json\/wp\/v2\/posts\/595321\/revisions"}],"wp:featuredmedia":[{"embeddable":true,"href":"https:\/\/www.europesays.com\/fr\/wp-json\/wp\/v2\/media\/595322"}],"wp:attachment":[{"href":"https:\/\/www.europesays.com\/fr\/wp-json\/wp\/v2\/media?parent=595321"}],"wp:term":[{"taxonomy":"category","embeddable":true,"href":"https:\/\/www.europesays.com\/fr\/wp-json\/wp\/v2\/categories?post=595321"},{"taxonomy":"post_tag","embeddable":true,"href":"https:\/\/www.europesays.com\/fr\/wp-json\/wp\/v2\/tags?post=595321"}],"curies":[{"name":"wp","href":"https:\/\/api.w.org\/{rel}","templated":true}]}}