{"id":595327,"date":"2025-12-12T17:29:15","date_gmt":"2025-12-12T17:29:15","guid":{"rendered":"https:\/\/www.europesays.com\/fr\/595327\/"},"modified":"2025-12-12T17:29:15","modified_gmt":"2025-12-12T17:29:15","slug":"ca-va-bien-avec-un-string-en-roue-libre-lio-choque-michel-drucker-avec-cette-proposition-ole-ole","status":"publish","type":"post","link":"https:\/\/www.europesays.com\/fr\/595327\/","title":{"rendered":"\u201c\u00c7a va bien avec un string !\u201d, en roue libre, Lio choque Michel Drucker avec cette proposition ol\u00e9 ol\u00e9"},"content":{"rendered":"<p><strong>Lio est connue pour son tube Le Banana<br \/>\nSplit.<\/strong> Une ode \u00e0 la fellation, en musique, qu\u2019elle<br \/>\nr\u00e9cuse fortement aujourd\u2019hui. Il faut dire que, depuis quelques<br \/>\nann\u00e9es, la chanteuse phare des ann\u00e9es 80 est devenue la<br \/>\n<strong>porte-parole du f\u00e9minisme<\/strong> dans le milieu du<br \/>\ndivertissement. Et cela m\u00eame si une <strong>trag\u00e9die<br \/>\nfamiliale<\/strong>, tr\u00e8s r\u00e9cente l\u2019a frapp\u00e9e en plein c\u0153ur et,<br \/>\nsurtout, de plein fouet. Lio n\u2019a jamais eu la langue dans sa poche.<br \/>\nEt elle continue \u00e0 l\u2019ouvrir soit pour s\u2019insurger soit pour faire<br \/>\nmarrer. <strong>Michel Drucker, pr\u00e9sentateur v\u00e9t\u00e9ran du PAF, en a<br \/>\nr\u00e9cemment fait les frais.<\/strong><\/p>\n<p>Lio : la chanteuse balance sur le Banana Split<\/p>\n<p>1979, le grand public d\u00e9couvre Le Banana Split. Un tube<br \/>\nent\u00eatant au double sens qui est loin d\u00a0\u00bb\u00eatre un hymne au fameux<br \/>\ndessert glac\u00e9<strong>. En r\u00e9alit\u00e9, la chanson est une grosse<br \/>\nallusion \u00e0 la fellation.<\/strong> Lio, elle, 17 printemps \u00e0<br \/>\nl\u2019\u00e9poque, devient malgr\u00e9 elle un objet de d\u00e9sir \u00e0 cause de ce texte<br \/>\ngraveleux. Mais, surtout, elle devient une star de la pop<br \/>\nfran\u00e7aise. L\u00e0 est tout le paradoxe de sa carri\u00e8re. <strong>Ou<br \/>\ncomment le succ\u00e8s devient rapidement un fardeau.<\/strong><\/p>\n<p>En 2022, Lio balaye d\u2019un revers de la main tout le statut culte<br \/>\ndu Banana Split. <strong>Elle va m\u00eame plus loin,<br \/>\nfustigeant une chanson qui, selon ses dires au Parisien, a<br \/>\n\u201couvert la porte aux p\u00e9docriminels.\u201d<\/strong> Car Lio est<br \/>\nune artiste engag\u00e9e. Peut-\u00eatre m\u00eame, n\u2019ayons pas peur de le dire,<br \/>\nla plus engag\u00e9e en France. C\u2019est m\u00eame elle qui s\u2019est pour la<br \/>\npremi\u00e8re fois lev\u00e9e contre <strong>Bertrand Cantat<\/strong><br \/>\n<a href=\"https:\/\/www.melty.fr\/people\/lio-sen-prend-violemment-a-bertrand-cantat-lamour-napporte-pas-la-mort-2251447.html\" target=\"_blank\" rel=\"noopener\"><br \/>\ndans l\u2019affaire <strong>Marie Trintignant<\/strong> dans les ann\u00e9es<br \/>\n2000<\/a>. La seule, aussi.<\/p>\n<p>Le fils de Lio, Diego, met se suicide brutalement<\/p>\n<p>Pourtant, la vie personnelle de Lio est loin d\u2019\u00eatre un long<br \/>\nfleuve tranquille pour citer un film culte. L&rsquo;interpr\u00e8te du<br \/>\nBanana Split a connu l\u2019enfer des violences conjugales.<br \/>\n<strong>Au milieu des ann\u00e9es 90, elle vit avec Alexis Zad, musicien<br \/>\net p\u00e8re de ses deux filles, des jumelles, Garance et L\u00e9a.<\/strong><br \/>\nCelui-ci exerce une <strong>emprise psychologique<\/strong> sur la<br \/>\nm\u00e8re de famille et se montre tr\u00e8s <strong>violent<\/strong>, et<br \/>\n<strong>abusif<\/strong> \u00e9galement. Celui-ci sera condamn\u00e9 \u00e0 l\u2019aube<br \/>\nde l\u2019an 2000.<\/p>\n<p>2025, la fatalit\u00e9 frappe une nouvelle fois Lio. <strong>Diego,<br \/>\nson plus jeune fils, met fin \u00e0 ses jours.<\/strong> Le jeune homme,<br \/>\n21 ans, s\u2019immole par le feu aux alentours de l&rsquo;a\u00e9roport de Roissy.<br \/>\nUne trag\u00e9die qui ponctue tragiquement la fugue de Diego. Ce dernier<br \/>\navait quitt\u00e9 le domicile de sa m\u00e8re, carte bancaire de celle-ci en<br \/>\npoche. <strong>Sa s\u0153ur a\u00een\u00e9e, Esmeralda, avait lanc\u00e9 l\u2019alerte sur<br \/>\nFacebook pour tenter de le retrouver dans la nature\u2026<\/strong><\/p>\n<p>La chanteuse fait sacr\u00e9ment rougir<br \/>\nMichel Drucker<\/p>\n<p><strong>Lio est une v\u00e9ritable force de la nature.<\/strong> Elle<br \/>\na travers\u00e9 les \u00e9preuves les plus difficiles. Que cela soit en tant<br \/>\nqu\u2019artiste f\u00e9minine dans une industrie musicale patriarcale.<br \/>\n<a href=\"https:\/\/www.melty.fr\/people\/lio-sauvagement-agressee-devant-ses-enfants-elle-revele-limpensable-il-est-venu-me-2268955.html\" target=\"_blank\" rel=\"noopener\"><br \/>\nOu dans sa vie priv\u00e9e, jalonn\u00e9e d\u2019abus, de drames<\/a> et du d\u00e9c\u00e8s<br \/>\nr\u00e9cent de son fils. Pourtant, de mani\u00e8re surprenante, elle garde la<br \/>\nbanane -sans mauvais jeu de mot- et m\u00eame la p\u00eache. <strong>En<br \/>\nt\u00e9moigne la sortie d\u2019un nouvel album, son douzi\u00e8me, Geoid Party<br \/>\nin the Sky.<\/strong> Geoid \u00e9tant l\u2019anagramme de Diego, selon<br \/>\nles propres dires de Lio dans <strong>La Bo\u00eete \u00e0 questions<\/strong><br \/>\nsur <strong>Canal+<\/strong>.<\/p>\n<p><strong>Lio, actuellement en tourn\u00e9e promo, d\u00e9barque chez Michel<br \/>\nDrucker dans Vivement dimanche.<\/strong> \u00c9mission de divertissement<br \/>\np\u00e9pouze, destin\u00e9e aux seniors, \u00e0 m\u00eame le canap\u00e9 rouge de<br \/>\nl\u2019animateur v\u00e9t\u00e9ran. Puis, tout bascule, Lio insufflant sa folie<br \/>\ncontagieuse lorsque d\u00e9barque l\u2019interpr\u00e8te du feuilleton<br \/>\nCapitaine Marleau, <strong>Corinne Masiero<\/strong>. Les<br \/>\ndeux femmes enflamment le programme neurasth\u00e9nique de papy Drucker.<br \/>\nVoire le dynamite, m\u00eame. Elles parlent volontiers de leur<br \/>\n\u201cclitoris\u201d pour concurrencer avec les fameuses cojones<br \/>\nmasculines. <strong>Puis arrive une discussion inopin\u00e9e sur la<br \/>\nchapka que porte l&rsquo;h\u00e9ro\u00efne de France 3.<\/strong> Un coffre chef<br \/>\nplut\u00f4t utilis\u00e9 dans les pays froids. \u201c<strong>\u00c7a va bien avec<br \/>\nun string !<\/strong>\u201d, balance Lio en rigolant avec sa<br \/>\ncamarade. Michel Drucker, lui, sourit, le rouge lui montant \u00e0 ses<br \/>\noreilles. Un rouge comme celui de son c\u00e9l\u00e8bre canap\u00e9.<\/p>\n","protected":false},"excerpt":{"rendered":"Lio est connue pour son tube Le Banana Split. Une ode \u00e0 la fellation, en musique, qu\u2019elle r\u00e9cuse&hellip;\n","protected":false},"author":2,"featured_media":595328,"comment_status":"","ping_status":"","sticky":false,"template":"","format":"standard","meta":{"footnotes":""},"categories":[1355],"tags":[58,59,1011,27,5633,1361,873,65861],"class_list":{"0":"post-595327","1":"post","2":"type-post","3":"status-publish","4":"format-standard","5":"has-post-thumbnail","7":"category-musique","8":"tag-divertissement","9":"tag-entertainment","10":"tag-fr","11":"tag-france","12":"tag-lio","13":"tag-music","14":"tag-musique","15":"tag-trend"},"share_on_mastodon":{"url":"https:\/\/pubeurope.com\/@fr\/115707787653954607","error":""},"_links":{"self":[{"href":"https:\/\/www.europesays.com\/fr\/wp-json\/wp\/v2\/posts\/595327","targetHints":{"allow":["GET"]}}],"collection":[{"href":"https:\/\/www.europesays.com\/fr\/wp-json\/wp\/v2\/posts"}],"about":[{"href":"https:\/\/www.europesays.com\/fr\/wp-json\/wp\/v2\/types\/post"}],"author":[{"embeddable":true,"href":"https:\/\/www.europesays.com\/fr\/wp-json\/wp\/v2\/users\/2"}],"replies":[{"embeddable":true,"href":"https:\/\/www.europesays.com\/fr\/wp-json\/wp\/v2\/comments?post=595327"}],"version-history":[{"count":0,"href":"https:\/\/www.europesays.com\/fr\/wp-json\/wp\/v2\/posts\/595327\/revisions"}],"wp:featuredmedia":[{"embeddable":true,"href":"https:\/\/www.europesays.com\/fr\/wp-json\/wp\/v2\/media\/595328"}],"wp:attachment":[{"href":"https:\/\/www.europesays.com\/fr\/wp-json\/wp\/v2\/media?parent=595327"}],"wp:term":[{"taxonomy":"category","embeddable":true,"href":"https:\/\/www.europesays.com\/fr\/wp-json\/wp\/v2\/categories?post=595327"},{"taxonomy":"post_tag","embeddable":true,"href":"https:\/\/www.europesays.com\/fr\/wp-json\/wp\/v2\/tags?post=595327"}],"curies":[{"name":"wp","href":"https:\/\/api.w.org\/{rel}","templated":true}]}}