{"id":595357,"date":"2025-12-12T17:57:14","date_gmt":"2025-12-12T17:57:14","guid":{"rendered":"https:\/\/www.europesays.com\/fr\/595357\/"},"modified":"2025-12-12T17:57:14","modified_gmt":"2025-12-12T17:57:14","slug":"toulon-officialise-larrivee-de-tomas-albornoz","status":"publish","type":"post","link":"https:\/\/www.europesays.com\/fr\/595357\/","title":{"rendered":"Toulon officialise l\u2019arriv\u00e9e de Tomas Albornoz"},"content":{"rendered":"<p><a href=\"https:\/\/www.laprovence.com\/article\/sports\/70281484878164\/rugby-top-14-toulon-monte-en-puissance\" target=\"_blank\" rel=\"noopener\">Le RCT<\/a> a r\u00e9alis\u00e9 un premier coup au mercato d\u2019hiver. Le club de la Rade a annonc\u00e9 ce vendredi la signature de Tomas Albornoz, demi-d\u2019ouverture international argentin de 28\u00a0ans aux 21 s\u00e9lections et 155 points inscrits avec l\u2019Albiceleste.<\/p>\n<p>\u00ab\u00a0C\u2019est un joueur qui a d\u00e9montr\u00e9, aussi bien en club qu\u2019avec les Pumas, une r\u00e9gularit\u00e9 impressionnante et une capacit\u00e9 \u00e0 faire jouer son \u00e9quipe dans le bon sens, a d\u00e9clar\u00e9 le directeur sportif du RCT, Laurent Emmanuelli dans un communiqu\u00e9 publi\u00e9 par le club. Son profil correspond parfaitement au projet sportif du RCT\u00a0: ambition, exigence et engagement total. Tom\u00e1s est un comp\u00e9titeur, un cr\u00e9ateur et un leader. Nous sommes convaincus qu\u2019il apportera une r\u00e9elle plus-value \u00e0 notre collectif d\u00e8s son arriv\u00e9e.\u00a0\u00bb<\/p>\n<p>Arriv\u00e9 en provenance de Tr\u00e9vise en Italie, o\u00f9 il \u00e9voluait depuis\u00a02021, Albornoz est l\u2019un des num\u00e9ros\u00a010 les plus en vue du moment \u00e0 son poste.<\/p>\n","protected":false},"excerpt":{"rendered":"Le RCT a r\u00e9alis\u00e9 un premier coup au mercato d\u2019hiver. Le club de la Rade a annonc\u00e9 ce&hellip;\n","protected":false},"author":2,"featured_media":595358,"comment_status":"","ping_status":"","sticky":false,"template":"","format":"standard","meta":{"footnotes":""},"categories":[9619],"tags":[17,1111,11,70808,1777,674,1011,27,16800,12,28960,882,25,479,60,70807,2310],"class_list":{"0":"post-595357","1":"post","2":"type-post","3":"status-publish","4":"format-standard","5":"has-post-thumbnail","7":"category-toulon","8":"tag-17","9":"tag-actu","10":"tag-actualites","11":"tag-albornoz","12":"tag-eu","13":"tag-europe","14":"tag-fr","15":"tag-france","16":"tag-larrivee","17":"tag-news","18":"tag-officialise","19":"tag-provence-alpes-cote-dazur","20":"tag-republique-francaise","21":"tag-rugby","22":"tag-sports","23":"tag-tomas","24":"tag-toulon"},"share_on_mastodon":{"url":"https:\/\/pubeurope.com\/@fr\/115707893720212592","error":""},"_links":{"self":[{"href":"https:\/\/www.europesays.com\/fr\/wp-json\/wp\/v2\/posts\/595357","targetHints":{"allow":["GET"]}}],"collection":[{"href":"https:\/\/www.europesays.com\/fr\/wp-json\/wp\/v2\/posts"}],"about":[{"href":"https:\/\/www.europesays.com\/fr\/wp-json\/wp\/v2\/types\/post"}],"author":[{"embeddable":true,"href":"https:\/\/www.europesays.com\/fr\/wp-json\/wp\/v2\/users\/2"}],"replies":[{"embeddable":true,"href":"https:\/\/www.europesays.com\/fr\/wp-json\/wp\/v2\/comments?post=595357"}],"version-history":[{"count":0,"href":"https:\/\/www.europesays.com\/fr\/wp-json\/wp\/v2\/posts\/595357\/revisions"}],"wp:featuredmedia":[{"embeddable":true,"href":"https:\/\/www.europesays.com\/fr\/wp-json\/wp\/v2\/media\/595358"}],"wp:attachment":[{"href":"https:\/\/www.europesays.com\/fr\/wp-json\/wp\/v2\/media?parent=595357"}],"wp:term":[{"taxonomy":"category","embeddable":true,"href":"https:\/\/www.europesays.com\/fr\/wp-json\/wp\/v2\/categories?post=595357"},{"taxonomy":"post_tag","embeddable":true,"href":"https:\/\/www.europesays.com\/fr\/wp-json\/wp\/v2\/tags?post=595357"}],"curies":[{"name":"wp","href":"https:\/\/api.w.org\/{rel}","templated":true}]}}