{"id":595361,"date":"2025-12-12T18:02:46","date_gmt":"2025-12-12T18:02:46","guid":{"rendered":"https:\/\/www.europesays.com\/fr\/595361\/"},"modified":"2025-12-12T18:02:46","modified_gmt":"2025-12-12T18:02:46","slug":"ce-qui-devait-etre-une-simple-amende-tourne-mal","status":"publish","type":"post","link":"https:\/\/www.europesays.com\/fr\/595361\/","title":{"rendered":"ce qui devait \u00eatre une simple amende tourne mal"},"content":{"rendered":"<p>                    Par<br \/>\n        <strong><br \/>\n            <a href=\"https:\/\/actu.fr\/auteur\/lea-pippinato\" title=\"Consulter tous les articles de L\u00e9a Pippinato\" target=\"_blank\" rel=\"noopener\">L\u00e9a Pippinato<\/a><br \/>\n                    <\/strong><\/p>\n<p>        Publi\u00e9 le<\/p>\n<p>            12 d\u00e9c. 2025 \u00e0 18h35        <\/p>\n<p><strong>Ce jeudi 11 d\u00e9cembre 2025 vers 14h<\/strong>, une patrouille de police secours circule dans <strong>le quartier des Pr\u00e9s d\u2019Ar\u00e8nes \u00e0 Montpellier<\/strong>. Les agents proc\u00e8dent \u00e0 un contr\u00f4le routier classique et <strong>arr\u00eatent un conducteur<\/strong> dont le v\u00e9hicule est en r\u00e8gle. Un point pose toutefois probl\u00e8me : <strong>la voiture n\u2019est pas assur\u00e9e<\/strong>. Les policiers informent le conducteur de la proc\u00e9dure. Ils dressent une amende forfaitaire d\u00e9lictuelle (AFD) et lui expliquent que le v\u00e9hicule va partir \u00e0 la fourri\u00e8re. Ils lui demandent de r\u00e9cup\u00e9rer ses effets personnels \u00e0 l\u2019int\u00e9rieur de l\u2019habitacle.<\/p>\n<p>La situation d\u00e9g\u00e9n\u00e8re en quelques instants<\/p>\n<p class=\" wall-content\">\u00c0 l\u2019annonce de la mise en fourri\u00e8re, le ton change. Le conducteur devient tr\u00e8s v\u00e9h\u00e9ment et refuse d\u2019obtemp\u00e9rer aux consignes. Contre toute attente, il remonte dans le v\u00e9hicule, met le contact et d\u00e9marre brusquement. Au moment de la fuite, la voiture heurte un policier. Le conducteur prend la direction de la rue de la Restanque. La patrouille engage une poursuite imm\u00e9diate et des renforts sont demand\u00e9s.<\/p>\n<p>    <a href=\"https:\/\/www.google.com\/maps\/embed?pb=!1m18!1m12!1m3!1d11556.70365169137!2d3.8567936!3d43.60287875!2m3!1f0!2f0!3f0!3m2!1i1024!2i768!4f13.1!3m3!1m2!1s0x12b6afc1ff464105%3A0xc3d15c08c53bfc0a!2sRue%20de%20la%20Restanque%2C%2034000%20Montpellier!5e0!3m2!1sfr!2sfr!4v1765554828198!5m2!1sfr!2sfr\" title=\"Ouvrie le lien\" target=\"_blank\" rel=\"noopener\">Cliquez ici pour visualiser le contenu<\/a><\/p>\n<p class=\" wall-content\">Arriv\u00e9 rue de la Restanque, le conducteur abandonne finalement son v\u00e9hicule. Les policiers nationaux l\u2019aper\u00e7oivent \u00e0 distance : l\u2019homme marche calmement, comme si de rien n\u2019\u00e9tait. Les agents proc\u00e8dent \u00e0 son interpellation. L\u2019op\u00e9ration s\u2019av\u00e8re difficile. Il est finalement ma\u00eetris\u00e9 et plac\u00e9 en garde \u00e0 vue. Le policier bless\u00e9 d\u00e9pose plainte et se voit prescrire <strong>un jour d\u2019incapacit\u00e9 totale de travail (ITT)<\/strong>. Le conducteur, \u00e2g\u00e9 de 35 ans, est originaire de Lunel. Les tests r\u00e9v\u00e8lent une alcool\u00e9mie n\u00e9gative. En revanche, le d\u00e9pistage aux stup\u00e9fiants se r\u00e9v\u00e8le positif \u00e0 la coca\u00efne. L\u2019homme reconna\u00eet une consommation la veille, lors d\u2019une soir\u00e9e. Les enqu\u00eateurs d\u00e9couvrent aussi un pr\u00e9c\u00e9dent : il a d\u00e9j\u00e0 \u00e9t\u00e9 interpell\u00e9 il y a quelques ann\u00e9es pour un d\u00e9lit routier. Il conduisait alors sous l\u2019emprise de stup\u00e9fiants.<\/p>\n<p class=\" wall-content\">Personnalisez votre actualit\u00e9 en ajoutant vos villes et m\u00e9dias en favori avec <a href=\"https:\/\/moncompte.actu.fr\" title=\"D\u00e9couvez Mon Actu\" rel=\"nofollow noopener\" data-trk=\"{&quot;cta&quot;:{&quot;action&quot;:&quot;https:\\\/\\\/moncompte.actu.fr&quot;,&quot;category&quot;:&quot;mon compte&quot;,&quot;from&quot;:&quot;article footer&quot;,&quot;name&quot;:&quot;Mon actu&quot;,&quot;type&quot;:&quot;cta&quot;}}\" target=\"_blank\">Mon Actu<\/a>.<\/p>\n","protected":false},"excerpt":{"rendered":"Par L\u00e9a Pippinato Publi\u00e9 le 12 d\u00e9c. 2025 \u00e0 18h35 Ce jeudi 11 d\u00e9cembre 2025 vers 14h, une&hellip;\n","protected":false},"author":2,"featured_media":595362,"comment_status":"","ping_status":"","sticky":false,"template":"","format":"standard","meta":{"footnotes":""},"categories":[9599],"tags":[1111,11,1052,1777,674,118,1011,27,2208,12,2680,1072,2852,25],"class_list":{"0":"post-595361","1":"post","2":"type-post","3":"status-publish","4":"format-standard","5":"has-post-thumbnail","7":"category-montpellier","8":"tag-actu","9":"tag-actualites","10":"tag-drogue","11":"tag-eu","12":"tag-europe","13":"tag-faits-divers","14":"tag-fr","15":"tag-france","16":"tag-montpellier","17":"tag-news","18":"tag-occitanie","19":"tag-police","20":"tag-refus-dobtemperer","21":"tag-republique-francaise"},"share_on_mastodon":{"url":"https:\/\/pubeurope.com\/@fr\/115707917338402317","error":""},"_links":{"self":[{"href":"https:\/\/www.europesays.com\/fr\/wp-json\/wp\/v2\/posts\/595361","targetHints":{"allow":["GET"]}}],"collection":[{"href":"https:\/\/www.europesays.com\/fr\/wp-json\/wp\/v2\/posts"}],"about":[{"href":"https:\/\/www.europesays.com\/fr\/wp-json\/wp\/v2\/types\/post"}],"author":[{"embeddable":true,"href":"https:\/\/www.europesays.com\/fr\/wp-json\/wp\/v2\/users\/2"}],"replies":[{"embeddable":true,"href":"https:\/\/www.europesays.com\/fr\/wp-json\/wp\/v2\/comments?post=595361"}],"version-history":[{"count":0,"href":"https:\/\/www.europesays.com\/fr\/wp-json\/wp\/v2\/posts\/595361\/revisions"}],"wp:featuredmedia":[{"embeddable":true,"href":"https:\/\/www.europesays.com\/fr\/wp-json\/wp\/v2\/media\/595362"}],"wp:attachment":[{"href":"https:\/\/www.europesays.com\/fr\/wp-json\/wp\/v2\/media?parent=595361"}],"wp:term":[{"taxonomy":"category","embeddable":true,"href":"https:\/\/www.europesays.com\/fr\/wp-json\/wp\/v2\/categories?post=595361"},{"taxonomy":"post_tag","embeddable":true,"href":"https:\/\/www.europesays.com\/fr\/wp-json\/wp\/v2\/tags?post=595361"}],"curies":[{"name":"wp","href":"https:\/\/api.w.org\/{rel}","templated":true}]}}