{"id":595369,"date":"2025-12-12T18:10:45","date_gmt":"2025-12-12T18:10:45","guid":{"rendered":"https:\/\/www.europesays.com\/fr\/595369\/"},"modified":"2025-12-12T18:10:45","modified_gmt":"2025-12-12T18:10:45","slug":"la-porte-a-lfi-est-ouverte","status":"publish","type":"post","link":"https:\/\/www.europesays.com\/fr\/595369\/","title":{"rendered":"La porte \u00e0 LFI est ouverte"},"content":{"rendered":"<p>                    Par<br \/>\n        <strong><br \/>\n            <a href=\"https:\/\/actu.fr\/auteur\/lisa-rodrigues\" title=\"Consulter tous les articles de Lisa Rodrigues\" rel=\"nofollow noopener\" target=\"_blank\">Lisa Rodrigues<\/a><br \/>\n                    <\/strong><\/p>\n<p>        Publi\u00e9 le<\/p>\n<p>            12 d\u00e9c. 2025 \u00e0 19h07        <\/p>\n<p>Laurence Ruffin, pr\u00e9sidente de la Scop Alma, soci\u00e9t\u00e9 d\u2019\u00e9dition de logiciels, est la <a href=\"https:\/\/actu.fr\/auvergne-rhone-alpes\/grenoble_38185\/grenoble-laurence-ruffin-candidate-ecologiste-veut-etre-en-rupture-d-eric-piolle_63216935.html\" rel=\"nofollow noopener\" target=\"_blank\">candidate de l\u2019union de la gauche \u00e9cologiste et citoyenne<\/a> pour les municipales de <a href=\"https:\/\/actu.fr\/auvergne-rhone-alpes\/grenoble_38185\" rel=\"nofollow noopener\" target=\"_blank\">Grenoble<\/a>, la liste soutenue par la majorit\u00e9 sortante d\u2019<a href=\"https:\/\/actu.fr\/tag\/eric-piolle\" rel=\"nofollow noopener\" target=\"_blank\">\u00c9ric Piolle<\/a>.<\/p>\n<p class=\" wall-content\">Issue de la soci\u00e9t\u00e9 civile, non encart\u00e9e, elle a accept\u00e9 de r\u00e9pondre aux questions d\u2019actu Grenoble sur les <strong>principales th\u00e9matiques<\/strong> de son d\u00e9but de campagne, en esquissant ses premi\u00e8res id\u00e9es pour la ville.<\/p>\n<p>Une police de proximit\u00e9 renforc\u00e9e<\/p>\n<p class=\"ac-article-content__question wall-content\"><strong class=\"color-primary\">Actu : <\/strong>Selon les chiffres 2024 du minist\u00e8re de l\u2019Int\u00e9rieur, il y a une ins\u00e9curit\u00e9 \u00e0 Grenoble, avec notamment des faits de narcotrafic importants. Si vous \u00eates \u00e9lue maire, qu\u2019est-ce que vous allez faire \u00e0 ce sujet ?<\/p>\n<p class=\" wall-content\"><strong class=\"color-primary\">Laurence Ruffin : <\/strong>L&rsquo;\u00c9tat est le premier \u00e0 avoir la capacit\u00e9 \u00e0 intervenir sur le narcotrafic. Il faut une augmentation des effectifs de la police nationale.\u00a0<br \/>La Ville doit avoir un r\u00f4le de coordination. Ma volont\u00e9 est de mettre en place un organe hebdomadaire plus op\u00e9rationnel. On doit aussi renforcer la police municipale et former les effectifs, notamment sur la question des armes. On doit avoir des lieux de police de proximit\u00e9, comme \u00e0 Saint-Bruno et \u00e0 l&rsquo;Alma.\u00a0<br \/>Surtout, cela doit aller de pair avec la question de la pr\u00e9vention et un accompagnement \u00e0 la non-violence sur le long terme.\u00a0<\/p>\n<p>    <img   decoding=\"async\" loading=\"lazy\" src=\"https:\/\/www.europesays.com\/fr\/wp-content\/uploads\/2025\/10\/police-municipale-grenoble-1-960x640.png\" alt=\"Une nouvelle brigade de police municipale va \u00eatre d\u00e9poloy\u00e9e.\" width=\"960\" height=\"640\"\/><br \/>\n    Le renforcement de la police municipale occupe une place importante dans les r\u00e9flexions de plusieurs candidats aux municipales de Grenoble. (\u00a9Illustration \/ Ugo Maillard \/ actu Grenoble)<\/p>\n<p class=\"ac-article-content__question wall-content\">Certains demandent \u00e0 ce que la police municipale soit arm\u00e9e, comme la police nationale. Qu\u2019en pensez-vous ?<\/p>\n<p class=\" wall-content\"><strong class=\"color-primary\">LR : <\/strong>Aujourd&rsquo;hui, les policiers municipaux sont arm\u00e9s avec un teaser. Quand on sera \u00e9lus, on va discuter avec la police municipale pour r\u00e9pondre aux probl\u00e9matiques de s\u00e9curit\u00e9, en restant dans leur p\u00e9rim\u00e8tre d&rsquo;intervention et sans les mettre en danger. On ne s\u2019interdit pas de discuter de l\u2019armement. Par contre, ce n\u2019est pas \u00e7a qui va r\u00e9soudre le probl\u00e8me du narcotrafic, mais je suis consciente de l&rsquo;augmentation de la violence et de la difficult\u00e9 de recrutement.\u00a0<\/p>\n<p>De la vid\u00e9osurveillance, oui, mais plus efficace<\/p>\n<p class=\"ac-article-content__question wall-content\">Certains habitants dans plusieurs quartiers demandent plus de cam\u00e9ras de vid\u00e9osurveillance. Est-ce qu\u2019il faut le faire ?<\/p>\n<p class=\" wall-content\"><strong class=\"color-primary\">LR : <\/strong>La police nous dit que \u00e7a n&rsquo;am\u00e9liore pas la protection. En revanche, \u00e7a aide \u00e0 am\u00e9liorer la r\u00e9solution des affaires. C&rsquo;est un outil parmi d&rsquo;autres, mais ce n&rsquo;est pas l&rsquo;outil miracle.<br \/>Aujourd&rsquo;hui on a un centre de coordination op\u00e9rationnel qui marche bien et on a des cam\u00e9ras \u00e0 disposition. Mais, on nous a remont\u00e9 qu\u2019on ne sait pas toujours lesquelles fonctionnent et lesquelles ne fonctionnent pas.\u00a0<\/p>\n<p>    <img   decoding=\"async\" loading=\"lazy\" src=\"https:\/\/www.europesays.com\/fr\/wp-content\/uploads\/2025\/12\/camera-videosurveillance-lyon-960x640.jpeg\" alt=\"La Ville de Lyon annonce l'installation de 60 nouvelles cam\u00e9ras de vid\u00e9osurveillance dans la ville en 2025 et 2026.\" width=\"960\" height=\"640\"\/><br \/>\n    La Ville de Grenoble dispose d\u2019un parc de cam\u00e9ras de vid\u00e9osurveillance. (\u00a9Illustration \/ Nicolas Zaugra\/ actu Lyon)<\/p>\n<p>Votre r\u00e9gion, votre actu !<\/p>\n<p>Recevez chaque jour les infos qui comptent pour vous.<\/p>\n<p>\t<a href=\"https:\/\/actu.fr\/newsletter\" class=\"ac-btn ac-btn--corner ac-btn--medium ac-btn--blue800\" rel=\"nofollow noopener\" target=\"_blank\">S&rsquo;incrire<\/a><\/p>\n<p class=\"ac-article-content__question wall-content\">C&rsquo;est donc davantage une question de v\u00e9tust\u00e9 du parc de cam\u00e9ras ?<\/p>\n<p class=\" wall-content\"><strong class=\"color-primary\">LR : <\/strong>La vid\u00e9osurveillance, c&rsquo;est de l&rsquo;investissement avec l&rsquo;argent des Grenoblois. Il faut de la s\u00e9curit\u00e9, mais avec une bonne utilisation de cet argent public. Quand on a du mat\u00e9riel, on est responsable du fait qu&rsquo;il fonctionne et qu&rsquo;il soit utile.\u00a0<br \/>Commen\u00e7ons par cartographier les endroits o\u00f9 il y a une vid\u00e9osurveillance, o\u00f9 sont les cam\u00e9ras qui fonctionnent et o\u00f9 il devrait y en avoir. C\u2019est aussi un \u00e9quilibre \u00e0 trouver, pour \u00eatre dans une ville o\u00f9 on se sent libre de vivre sans \u00eatre tout le temps surveill\u00e9.<\/p>\n<p>Un \u00ab\u00a0r\u00e9f\u00e9rendum local\u00a0\u00bb d\u00e8s 16 ans<\/p>\n<p class=\"ac-article-content__question wall-content\">Quelles sont, dans les grandes lignes, les politiques que vous souhaitez mettre en place pour la jeunesse grenobloise ?<\/p>\n<p class=\" wall-content\"><strong class=\"color-primary\">LR : <\/strong>On a une ville qui est tr\u00e8s jeune, mais ces jeunes n&rsquo;ont pas le droit de vote. Ils sont moins repr\u00e9sent\u00e9s chez les \u00e9lus et sont globalement plus invisibilis\u00e9s.<br \/>On voudrait mettre en place une sorte de r\u00e9f\u00e9rendum local sur plusieurs sujets qui nous semblent essentiels, ouvert \u00e0 partir de 16 ans et aux personnes \u00e9trang\u00e8res qui vivent \u00e0 Grenoble.\u00a0<br \/>Il y a un travail en cours sur le rythme scolaire, sur les investissements pour la r\u00e9novation des \u00e9coles et les places aux enfants : pr\u00e8s de 80% des Grenoblois consid\u00e8rent qu&rsquo;on doit prolonger ce travail. Il y a aussi un travail sur le p\u00e9riscolaire et l&rsquo;extrascolaire, o\u00f9 chaque enfant doit avoir la possibilit\u00e9 de partir en vacances.<\/p>\n<p>    <img   decoding=\"async\" loading=\"lazy\" src=\"https:\/\/www.europesays.com\/fr\/wp-content\/uploads\/2025\/12\/place-aux-enfants-grenoble-960x640.jpg\" alt=\"Laurence Ruffin et son \u00e9quipe souhaite d\u00e9velopper la politique sur la r\u00e9novation des \u00e9coles et de ses abords, comme le dispositif \" width=\"960\" height=\"640\"\/><br \/>\n    Laurence Ruffin et son \u00e9quipe souhaite d\u00e9velopper la politique sur la r\u00e9novation des \u00e9coles et de ses abords, comme le dispositif \u00ab\u00a0Place aux enfants\u00a0\u00bb. (\u00a9Facebook \/ Ville de Grenoble \u2013 Mathieu Nigay)<\/p>\n<p class=\"ac-article-content__question wall-content\">Sur le r\u00f4le des associations, il y a la question des subventions. Est-ce qu\u2019il va falloir les augmenter ?<\/p>\n<p class=\" wall-content\"><strong class=\"color-primary\">LR : <\/strong>Le monde associatif est extr\u00eamement important. On a la chance \u00e0 Grenoble d&rsquo;avoir un tissu associatif riche. Dans le budget de la ville, il y aura une attention sp\u00e9cifique \u00e0 sanctuariser des sujets qui cr\u00e9ent de la vitalit\u00e9 sociale, du lien et de l&rsquo;attention \u00e0 la jeunesse.\u00a0<br \/>On travaille aussi sur un fonds coop\u00e9ratif citoyen pour aller chercher de l\u2019argent. \u00c7a peut \u00eatre une plateforme, comme l\u2019a fait Lyon, o\u00f9 on met en relation les associations et le monde \u00e9conomique. On a aussi une grosse \u00e9pargne citoyenne en France qui n&rsquo;est pas du tout d\u00e9di\u00e9e au monde associatif ou aux territoires. Or, il y a une volont\u00e9 des citoyens que leur \u00e9pargne soit utile, tout en \u00e9tant s\u00e9curis\u00e9e.<\/p>\n<p>\u00ab\u00a0Voir le logement comme un droit\u00a0\u00bb<\/p>\n<p class=\"ac-article-content__question wall-content\">Sur la probl\u00e9matique du logement, est-ce que vous avez des mesures particuli\u00e8res que vous voulez d\u00e9fendre en tant que maire ?<\/p>\n<p class=\" wall-content\"><strong class=\"color-primary\">LR : <\/strong>La Ville doit prot\u00e9ger. Il faut que le logement soit vu comme un droit, qu&rsquo;il soit de qualit\u00e9 et qu&rsquo;il corresponde aux besoins des habitants.\u00a0<br \/>Maintenant, activer plus de r\u00e9quisitions, ce n\u2019est pas simple. Il y a aussi la question de la construction de nouveaux logements ou du plafonnement des loyers. Il faut travailler avec les propri\u00e9taires et, potentiellement, racheter les logements.<br \/>On peut aussi travailler sur l&rsquo;adaptation des bureaux &#8211; depuis le t\u00e9l\u00e9travail, beaucoup sont libres &#8211; et sur de nouvelles formes de logement, comme l\u2019habitat coop\u00e9ratif dans la ville de demain.<\/p>\n<p>Rendre les transports gratuits le week-end<\/p>\n<p class=\"ac-article-content__question wall-content\">Concernant le r\u00e9chauffement climatique, on parle beaucoup de v\u00e9g\u00e9talisation et des \u00eelots de chaleur. Que faire face \u00e0 ces ph\u00e9nom\u00e8nes ?<\/p>\n<p class=\" wall-content\"><strong class=\"color-primary\">LR : <\/strong>On veut que chacun ait un parc accessible \u00e0 moins de cinq minutes de chez soi. Il y aussi la question de la mobilit\u00e9 et des transports, qui doivent \u00eatre accessibles \u00e0 tous. Il faut continuer les Chronov\u00e9los pour lib\u00e9rer les trottoirs et inciter \u00e0 une mobilit\u00e9 la plus facile possible, pour que la voiture soit moins n\u00e9cessaire et qu\u2019on gagne de la place pour v\u00e9g\u00e9taliser. Mais l\u2019id\u00e9e n&rsquo;est de ne pas dire : \u201con enl\u00e8ve les voitures\u00a0\u00bb !<br \/>On pousse aussi sur la gratuit\u00e9 des transports le week-end, pour que nos commerces vivent mieux le samedi. Je crois que c&rsquo;est un sujet relativement partag\u00e9, parce que c&rsquo;est tenable financi\u00e8rement.<\/p>\n<p>    <img   decoding=\"async\" loading=\"lazy\" src=\"https:\/\/www.europesays.com\/fr\/wp-content\/uploads\/2025\/12\/tram-b-grenoble-960x640.png\" alt=\"La ligne B du tramway de Grenoble sera coup\u00e9e pour la f\u00eate de la musique.\" width=\"960\" height=\"640\"\/><br \/>\n    La liste de Laurence Ruffin est pour rouvrir le d\u00e9bat sur la gratuit\u00e9 des transports le week-end dans la M\u00e9tropole de Grenoble. (\u00a9UM \/ actu Grenoble)<\/p>\n<p class=\"ac-article-content__question wall-content\">Pour le commerce justement, vos ma\u00eetres mots sont donc proximit\u00e9 et accompagnement ?<\/p>\n<p class=\" wall-content\"><strong class=\"color-primary\">LR : <\/strong>Pour moi, il y a d\u2019abord une r\u00e9flexion \u00e0 avoir sur les loyers commerciaux, pourquoi pas les plafonner.\u00a0<br \/>Ensuite, il faut donner envie aux gens de venir en ville. \u00c7a veut dire avoir des transports accessibles, travailler sur l&#8217;embellissement de la ville&#8230; Par exemple, mettre de la couleur : c&rsquo;est pas cher et hyper efficace ! On peut d\u00e9velopper aussi des actions et \u00e9v\u00e9nements bien identifi\u00e9s en ville.<\/p>\n<p>LFI et les autres listes de gauche : une union souhait\u00e9e<\/p>\n<p class=\"ac-article-content__question wall-content\">Plusieurs listes de gauche sont sur la ligne de d\u00e9part, dont celle de LFI port\u00e9e par Allan Brunon. Des rapprochements sont-ils possibles ?<\/p>\n<p class=\" wall-content\"><strong class=\"color-primary\">LR : <\/strong>LFI \u00e9tait dans le collectif jusqu&rsquo;en juin et a d\u00e9cid\u00e9 de faire sa propre liste. Aujourd\u2019hui, on a des postures et mani\u00e8res de faire tr\u00e8s diff\u00e9rentes. Mais, chacun a exprim\u00e9 sa volont\u00e9 que Grenoble reste \u00e0 gauche. Dans le fond, on partage les m\u00eames sujets.\u00a0<br \/>La porte est ouverte. Je pense qu&rsquo;on doit \u00eatre capable de faire l\u2019union, on est attendus dessus.\u00a0<\/p>\n<p>    <img   decoding=\"async\" loading=\"lazy\" src=\"https:\/\/www.europesays.com\/fr\/wp-content\/uploads\/2025\/12\/allan-brunon-2-960x640.jpg\" alt=\"Allan Brunon est le candidat du parti LFI aux municipales de Grenoble. Il r\u00e9pond aux questions de la r\u00e9daction.\" width=\"960\" height=\"640\"\/><br \/>\n    Allan Brunon est le candidat du parti LFI aux municipales de Grenoble. (\u00a9Lisa Rodrigues \u2013 actu Grenoble)<\/p>\n<p class=\"ac-article-content__question wall-content\">Est-ce que vous assumez d\u2019\u00eatre la candidate de la majorit\u00e9 sortante ?<\/p>\n<p class=\" wall-content\"><strong class=\"color-primary\">LR : <\/strong>J\u2019assume compl\u00e8tement d&rsquo;\u00eatre candidate des \u00e9colos, de la gauche et des citoyens avec une liste majoritairement nouvelle.\u00a0<br \/>J&rsquo;ai un attachement fort pour Grenoble. Je pense que les Grenoblois sont tr\u00e8s fiers de leur ville et qu&rsquo;ils trouvent tr\u00e8s d\u00e9sagr\u00e9able qu&rsquo;on en parle n\u00e9gativement. C\u2019est pour \u00e7a qu\u2019on veut faire une campagne r\u00e9aliste, mais aussi optimiste et positive.\u00a0<\/p>\n<p class=\"ac-article-content__question wall-content\">Est-ce que vous assumez le bilan des deux mandats d\u2019\u00c9ric Piolle ?<\/p>\n<p class=\" wall-content\"><strong class=\"color-primary\">LR : <\/strong>Je ne suis pas l\u00e0 pour faire un bilan et je serai tr\u00e8s mal plac\u00e9e pour le faire, parce que ne suis pas \u00e9lue aujourd&rsquo;hui.<br \/>J&rsquo;assume d&rsquo;\u00eatre nouvelle en politique. Je prends un risque, je l\u00e2che une vie o\u00f9 j&rsquo;\u00e9tais assez reconnue pour me lancer dans quelque chose au service de ma ville.<br \/>Je n&rsquo;ai pas de probl\u00e8me \u00e0 dire qu&rsquo;il y a des choses qui n\u2019ont pas \u00e9t\u00e9 bien faites. Je l\u2019ai dit aux militants : si vous voulez un projet dans la continuit\u00e9, ce n\u2019est pas moi.<\/p>\n<p class=\"ac-article-content__question wall-content\">Donc il y a des choses \u00e0 changer sur ce qui a \u00e9t\u00e9 fait lors des deux derniers mandats ?<\/p>\n<p class=\" wall-content\"><strong class=\"color-primary\">LR : <\/strong>On doit faire mieux. On est \u00e0 un autre moment de l&rsquo;histoire. Maintenant, je m&rsquo;inscris dans une trajectoire \u00e9colo et de gauche, je l&rsquo;assume. Je le fais avec les partis politiques de l\u2019union de la gauche, dont de nouveaux partenaires, comme le PS.<\/p>\n<p class=\" wall-content\">Personnalisez votre actualit\u00e9 en ajoutant vos villes et m\u00e9dias en favori avec <a href=\"https:\/\/moncompte.actu.fr\" title=\"D\u00e9couvez Mon Actu\" rel=\"nofollow noopener\" data-trk=\"{&quot;cta&quot;:{&quot;action&quot;:&quot;https:\\\/\\\/moncompte.actu.fr&quot;,&quot;category&quot;:&quot;mon compte&quot;,&quot;from&quot;:&quot;article footer&quot;,&quot;name&quot;:&quot;Mon actu&quot;,&quot;type&quot;:&quot;cta&quot;}}\" target=\"_blank\">Mon Actu<\/a>.<\/p>\n","protected":false},"excerpt":{"rendered":"Par Lisa Rodrigues Publi\u00e9 le 12 d\u00e9c. 2025 \u00e0 19h07 Laurence Ruffin, pr\u00e9sidente de la Scop Alma, soci\u00e9t\u00e9&hellip;\n","protected":false},"author":2,"featured_media":595370,"comment_status":"","ping_status":"","sticky":false,"template":"","format":"standard","meta":{"footnotes":""},"categories":[9566],"tags":[1111,11,2430,4188,9607,1777,674,7430,1011,27,2731,3434,12,316,25],"class_list":{"0":"post-595369","1":"post","2":"type-post","3":"status-publish","4":"format-standard","5":"has-post-thumbnail","7":"category-grenoble","8":"tag-actu","9":"tag-actualites","10":"tag-auvergne-rhone-alpes","11":"tag-elections-municipales","12":"tag-eric-piolle","13":"tag-eu","14":"tag-europe","15":"tag-europe-ecologie-les-verts-eelv","16":"tag-fr","17":"tag-france","18":"tag-grenoble","19":"tag-municipales-2026","20":"tag-news","21":"tag-politique","22":"tag-republique-francaise"},"share_on_mastodon":{"url":"https:\/\/pubeurope.com\/@fr\/115707946287238729","error":""},"_links":{"self":[{"href":"https:\/\/www.europesays.com\/fr\/wp-json\/wp\/v2\/posts\/595369","targetHints":{"allow":["GET"]}}],"collection":[{"href":"https:\/\/www.europesays.com\/fr\/wp-json\/wp\/v2\/posts"}],"about":[{"href":"https:\/\/www.europesays.com\/fr\/wp-json\/wp\/v2\/types\/post"}],"author":[{"embeddable":true,"href":"https:\/\/www.europesays.com\/fr\/wp-json\/wp\/v2\/users\/2"}],"replies":[{"embeddable":true,"href":"https:\/\/www.europesays.com\/fr\/wp-json\/wp\/v2\/comments?post=595369"}],"version-history":[{"count":0,"href":"https:\/\/www.europesays.com\/fr\/wp-json\/wp\/v2\/posts\/595369\/revisions"}],"wp:featuredmedia":[{"embeddable":true,"href":"https:\/\/www.europesays.com\/fr\/wp-json\/wp\/v2\/media\/595370"}],"wp:attachment":[{"href":"https:\/\/www.europesays.com\/fr\/wp-json\/wp\/v2\/media?parent=595369"}],"wp:term":[{"taxonomy":"category","embeddable":true,"href":"https:\/\/www.europesays.com\/fr\/wp-json\/wp\/v2\/categories?post=595369"},{"taxonomy":"post_tag","embeddable":true,"href":"https:\/\/www.europesays.com\/fr\/wp-json\/wp\/v2\/tags?post=595369"}],"curies":[{"name":"wp","href":"https:\/\/api.w.org\/{rel}","templated":true}]}}