{"id":595373,"date":"2025-12-12T18:13:19","date_gmt":"2025-12-12T18:13:19","guid":{"rendered":"https:\/\/www.europesays.com\/fr\/595373\/"},"modified":"2025-12-12T18:13:19","modified_gmt":"2025-12-12T18:13:19","slug":"rennes-brest-ce-nest-pas-un-plot-comment-faire-en-attaque-sans-ludovic-ajorque","status":"publish","type":"post","link":"https:\/\/www.europesays.com\/fr\/595373\/","title":{"rendered":"Rennes &#8211; Brest\u00a0: \u00ab\u00a0Ce n\u2019est pas un plot\u00a0!\u00a0\u00bb, comment faire en attaque sans Ludovic Ajorque\u00a0?"},"content":{"rendered":"<p>Ligue 1 (16e journ\u00e9e). Stade Rennais &#8211; Stade Brestois, ce samedi (17 h)<\/p>\n<p>Son nom est souvent le premier couch\u00e9 par \u00c9ric Roy lorsqu\u2019il pr\u00e9pare sa composition. Mais Ludovic Ajorque, titulaire lors des quinze premi\u00e8res journ\u00e9es de Ligue 1, manquera <a href=\"https:\/\/www.letelegramme.fr\/sports\/football\/stade-brestois\/ligue-1-ludovic-ajorque-stade-brestois-suspendu-deux-matchs-apres-son-expulsion-contre-monaco-laurent-abergel-fc-lorient-ecope-dun-match-de-suspension-6945186.php\" target=\"_blank\" rel=\"noopener\">les deux prochains rendez-vous<\/a> du Stade Brestois (ce samedi \u00e0 Rennes, puis \u00e0 Avranches en Coupe de France). Son exclusion face \u00e0 Monaco prive Brest de l\u2019un de ses piliers offensifs.<\/p>\n<p>\u00ab On s\u2019appuyait peut-\u00eatre trop sur Ludo \u00bb<\/p>\n<p>Un coup dur, forc\u00e9ment. Car malgr\u00e9 sa disette r\u00e9cente, \u00e9galant sa plus longue s\u00e9rie <a href=\"https:\/\/www.letelegramme.fr\/sports\/football\/stade-brestois\/strasbourg-brest-ludovic-ajorque-la-disette-dun-avant-centre-pas-classique-6937446.php\" target=\"_blank\" rel=\"noopener\">sans marquer dans l\u2019\u00e9lite<\/a> (dix matchs), le grand attaquant r\u00e9unionnais demeure bien plus qu\u2019un buteur. Il s\u2019avance comme la pi\u00e8ce centrale, le point de fixation autour duquel s\u2019articule l\u2019attaque brestoise.<\/p>\n<p><img decoding=\"async\" src=\"https:\/\/www.europesays.com\/fr\/wp-content\/uploads\/2025\/12\/693c41f3976046dabb0103ec.1.jpeg\" width=\"480\" height=\"300\" class=\"web_golden_m\" loading=\"lazy\" alt=\"Exclu contre Monaco, Ludovic Ajorque est suspendu pour les deux prochaines rencontres du Stade Brestois.\"\/>Exclu contre Monaco, Ludovic Ajorque est suspendu pour les deux prochaines rencontres du Stade Brestois. (Photo archives Vincent Le Guern)<\/p>\n<p>Il y a encore quelques semaines, l\u2019absence d\u2019Ajorque aurait ressembl\u00e9 \u00e0 une catastrophe tant le jeu \u00e9tait dirig\u00e9 vers lui. Aujourd\u2019hui, elle reste pr\u00e9judiciable, mais Brest semble avoir gagn\u00e9 en maturit\u00e9 collective.<\/p>\n<p>\u00ab Au d\u00e9but, on s\u2019appuyait \u00e9norm\u00e9ment, peut-\u00eatre trop, sur Ludo, confie Joris Chotard. On sautait beaucoup de passes. Par moments, \u00e7a marchait, mais pas toujours. L\u00e0, on a un jeu plus pos\u00e9, plus de possessions hautes. \u00c7a nous soulage, m\u00eame d\u00e9fensivement. \u00bb<\/p>\n<p>Un constat que partage Hugo Magnetti. \u00ab Je sais qu\u2019on sera capables d\u2019ajuster notre style tout en gardant ce qu\u2019on fait depuis trois matchs : continuer \u00e0 construire, essayer de faire du jeu. Entre le d\u00e9but de saison et aujourd\u2019hui, c\u2019est un autre monde. \u00bb<\/p>\n<p>\u00ab Ludo a des caract\u00e9ristiques uniques \u00bb<\/p>\n<p>Sans lui, il faudra repenser l\u2019animation offensive. \u00ab Ludo a des caract\u00e9ristiques uniques dans cet effectif. Nous, on s\u2019adapte \u00bb, assure \u00c9ric Roy.<\/p>\n<p>Autrement dit, Brest doit se r\u00e9inventer sans son pivot. M\u00eame si, nuance le coach, \u00ab Ludo n\u2019est pas, non plus, un plot \u00bb. \u00c0 d\u00e9faut de sa taille et de son impact physique, le Stade Brestois pourrait y gagner en percussion et en profondeur. \u00ab Je pense qu\u2019on aura un peu plus de vitesse devant, estime Hugo Magnetti. \u00c0 nous de trouver les bons automatismes et les bonnes solutions avec celui qui prendra la place de Ludo. \u00bb<\/p>\n<p>La saison derni\u00e8re, lorsque Ludovic Ajorque n\u2019avait pas \u00e9t\u00e9 titulaire en Ligue 1, Brest avait su compenser son absence au coup d\u2019envoi (trois victoires, un nul et une d\u00e9faite). Et \u00e0 chaque fois, Mama Bald\u00e9 avait occup\u00e9 ce r\u00f4le. \u00ab Tr\u00e8s investi \u00bb selon Roy, le Bissau-Guin\u00e9en tient encore la corde, ce samedi, \u00e0 Rennes, m\u00eame si R\u00e9my Labeau-Lascary, op\u00e9rationnel pour le derby, est aussi une alternative cr\u00e9dible.<\/p>\n","protected":false},"excerpt":{"rendered":"Ligue 1 (16e journ\u00e9e). Stade Rennais &#8211; Stade Brestois, ce samedi (17 h) Son nom est souvent le&hellip;\n","protected":false},"author":2,"featured_media":595374,"comment_status":"","ping_status":"","sticky":false,"template":"","format":"standard","meta":{"footnotes":""},"categories":[2821],"tags":[1111,11,3450,829,1777,674,63,1011,27,66,12,584,25,60,4449],"class_list":{"0":"post-595373","1":"post","2":"type-post","3":"status-publish","4":"format-standard","5":"has-post-thumbnail","7":"category-rennes","8":"tag-actu","9":"tag-actualites","10":"tag-brest","11":"tag-bretagne","12":"tag-eu","13":"tag-europe","14":"tag-football","15":"tag-fr","16":"tag-france","17":"tag-ligue-1","18":"tag-news","19":"tag-rennes","20":"tag-republique-francaise","21":"tag-sports","22":"tag-stade-brestois"},"share_on_mastodon":{"url":"https:\/\/pubeurope.com\/@fr\/115707958431312673","error":""},"_links":{"self":[{"href":"https:\/\/www.europesays.com\/fr\/wp-json\/wp\/v2\/posts\/595373","targetHints":{"allow":["GET"]}}],"collection":[{"href":"https:\/\/www.europesays.com\/fr\/wp-json\/wp\/v2\/posts"}],"about":[{"href":"https:\/\/www.europesays.com\/fr\/wp-json\/wp\/v2\/types\/post"}],"author":[{"embeddable":true,"href":"https:\/\/www.europesays.com\/fr\/wp-json\/wp\/v2\/users\/2"}],"replies":[{"embeddable":true,"href":"https:\/\/www.europesays.com\/fr\/wp-json\/wp\/v2\/comments?post=595373"}],"version-history":[{"count":0,"href":"https:\/\/www.europesays.com\/fr\/wp-json\/wp\/v2\/posts\/595373\/revisions"}],"wp:featuredmedia":[{"embeddable":true,"href":"https:\/\/www.europesays.com\/fr\/wp-json\/wp\/v2\/media\/595374"}],"wp:attachment":[{"href":"https:\/\/www.europesays.com\/fr\/wp-json\/wp\/v2\/media?parent=595373"}],"wp:term":[{"taxonomy":"category","embeddable":true,"href":"https:\/\/www.europesays.com\/fr\/wp-json\/wp\/v2\/categories?post=595373"},{"taxonomy":"post_tag","embeddable":true,"href":"https:\/\/www.europesays.com\/fr\/wp-json\/wp\/v2\/tags?post=595373"}],"curies":[{"name":"wp","href":"https:\/\/api.w.org\/{rel}","templated":true}]}}