{"id":595375,"date":"2025-12-12T18:14:23","date_gmt":"2025-12-12T18:14:23","guid":{"rendered":"https:\/\/www.europesays.com\/fr\/595375\/"},"modified":"2025-12-12T18:14:23","modified_gmt":"2025-12-12T18:14:23","slug":"trois-nouveaux-commerces-font-leur-apparition","status":"publish","type":"post","link":"https:\/\/www.europesays.com\/fr\/595375\/","title":{"rendered":"trois nouveaux commerces font leur apparition"},"content":{"rendered":"<p>                    Par<br \/>\n        <strong><br \/>\n            <a href=\"https:\/\/actu.fr\/auteur\/thomas-blanc\" title=\"Consulter tous les articles de Thomas Blanc\" target=\"_blank\" rel=\"noopener\">Thomas Blanc<\/a><br \/>\n                    <\/strong><\/p>\n<p>        Publi\u00e9 le<\/p>\n<p>            12 d\u00e9c. 2025 \u00e0 17h27        <\/p>\n<p>Plusieurs <a href=\"https:\/\/actu.fr\/tag\/commerce\" target=\"_blank\" rel=\"noopener\">commerces<\/a> sont en train de <strong>pr\u00e9parer leur ouverture<\/strong> au centre commercial <a href=\"https:\/\/actu.fr\/grand-est\/strasbourg_67482\/strasbourg-les-commercants-de-rivetoile-inquiets-du-depart-de-zara-ca-risque-de-diminuer-la-frequentation_63121484.html\" target=\"_blank\" rel=\"noopener\">Rivetoile de Strasbourg<\/a>. Une autre enseigne y a quant \u00e0 elle <strong>r\u00e9cemment ouvert<\/strong> une succursale.<\/p>\n<p>Makin Thai ouvrira avant la fin de l\u2019ann\u00e9e<\/p>\n<p class=\" wall-content\">Le fast-food strasbourgeois <strong>Makin Thai<\/strong>, focalis\u00e9 sur la <strong>cuisine asiatique<\/strong>, va ouvrir au premier \u00e9tage du centre commercial. Jordan Tanovan, le g\u00e9rant, envisage une ouverture \u00ab<strong>\u2009le 26 ou le 27\u00a0d\u00e9cembre<\/strong>\u2009\u00bb. Une chose est s\u00fbre, ce sera pour 2025.<\/p>\n<p class=\" wall-content\"><a href=\"https:\/\/www.instagram.com\/p\/DRz143FCGUg\/embed\" title=\"Ouvrir le lien sur Instagram\" target=\"_blank\" rel=\"noopener\">Visualiser le contenu sur Instagram<\/a><\/p>\n<p class=\" wall-content\">Le restaurant, qui comptera une petite quinzaine d\u2019employ\u00e9s, pourra accueillir <strong>90 clients en int\u00e9rieur<\/strong> et<strong> 80 sur la terrasse,<\/strong> qui se d\u00e9ploiera en \u00e9t\u00e9. L\u2019\u00e9tablissement sera donc plus grand que le premier restaurant de l\u2019enseigne d\u00e9j\u00e0 en place au parc des Forges, aux Poteries.<\/p>\n<p>Un nouveau caf\u00e9 c\u00e9ramique tout d\u00e9but 2026<\/p>\n<p class=\" wall-content\">Le <a href=\"https:\/\/actu.fr\/grand-est\/strasbourg_67482\/faire-son-presse-citron-soi-meme-un-nouveau-cafe-ceramique-vient-d-ouvrir-a-strasbourg_61988381.html\" target=\"_blank\" rel=\"noopener\">caf\u00e9 c\u00e9ramique Manifik du quai de Paris<\/a>\u00a0ouvrira aussi <strong>un nouveau point de vente<\/strong> dans le centre commercial de la place Dauphine. L\u2019ouverture est pr\u00e9vue \u00ab\u2009\u00e0 la <strong>fin du premier trimestre 2026<\/strong>\u2009\u00bb, nous fait savoir l\u2019entreprise, les <a href=\"https:\/\/actu.fr\/tag\/travaux\" target=\"_blank\" rel=\"noopener\">travaux<\/a> sont encore en cours.<\/p>\n<p class=\" wall-content\">\u00ab\u2009Il s\u2019agira d\u2019un caf\u00e9 c\u00e9ramique <strong>cr\u00e9atif<\/strong>, avec nos <strong>ateliers<\/strong> permanents de <strong>peinture<\/strong> sur c\u00e9ramique, du <strong>modelage<\/strong>, ainsi que d\u2019autres ateliers th\u00e9matiques qui seront annonc\u00e9s prochainement\u2009\u00bb, pr\u00e9cise Carine Wohlhuter, cofondatrice.\u00a0<\/p>\n<p>    <img   decoding=\"async\" loading=\"lazy\" src=\"https:\/\/www.europesays.com\/fr\/wp-content\/uploads\/2025\/12\/cafe-ceramique-manifik-rivetoile-960x640.jpg\" alt=\"Les travaux sont encore en cours dans le futur caf\u00e9 c\u00e9ramique Manifik de Rivetoile.\" width=\"960\" height=\"640\"\/><br \/>\n    Les travaux sont encore en cours dans le futur caf\u00e9 c\u00e9ramique Manifik de Rivetoile. (\u00a9Thomas Blanc \/ Actu Strasbourg)MystiDrop a d\u00e9j\u00e0 ouvert<\/p>\n<p class=\" wall-content\"><a href=\"https:\/\/actu.fr\/grand-est\/strasbourg_67482\/labubu-dans-cette-boutique-a-strasbourg-on-vend-ces-peluches-qui-cartonnent-on-recoit-10-appels-par-jour_62818632.html\" target=\"_blank\" rel=\"noopener\">MystiDrop, la boutique tourn\u00e9e vers la pop culture asiatique<\/a> situ\u00e9e dans la Grand\u2019Rue, a quant \u00e0 elle tout r\u00e9cemment ouvert <strong>un nouvel \u00e9tablissement<\/strong> au sein de Rivetoile.<\/p>\n<p>Votre r\u00e9gion, votre actu !<\/p>\n<p>Recevez chaque jour les infos qui comptent pour vous.<\/p>\n<p>\t<a href=\"https:\/\/actu.fr\/newsletter\" class=\"ac-btn ac-btn--corner ac-btn--medium ac-btn--blue800\" target=\"_blank\" rel=\"noopener\">S&rsquo;incrire<\/a><\/p>\n<p>    <a href=\"https:\/\/www.facebook.com\/plugins\/post.php?href=https%3A%2F%2Fwww.facebook.com%2Frivetoile%2Fposts%2Fpfbid0CQ5JNmK5BNesDJE1oAre1kszg4jx2qqdiPhL2qXeggMJw1wiB71URQXd8o3Yt6MWl&amp;show_text=true&amp;width=350\" title=\"Ouvrie le lien\" target=\"_blank\" rel=\"noopener\">Cliquez ici pour visualiser le contenu<\/a><\/p>\n<p class=\" wall-content\">La boutique attend la venue des fans du petit monstre<strong> Labubu<\/strong> ou bien encore des <strong>cartes Pok\u00e9mon<\/strong>.<\/p>\n<p class=\" wall-content\">Personnalisez votre actualit\u00e9 en ajoutant vos villes et m\u00e9dias en favori avec <a href=\"https:\/\/moncompte.actu.fr\" title=\"D\u00e9couvez Mon Actu\" rel=\"nofollow noopener\" data-trk=\"{&quot;cta&quot;:{&quot;action&quot;:&quot;https:\\\/\\\/moncompte.actu.fr&quot;,&quot;category&quot;:&quot;mon compte&quot;,&quot;from&quot;:&quot;article footer&quot;,&quot;name&quot;:&quot;Mon actu&quot;,&quot;type&quot;:&quot;cta&quot;}}\" target=\"_blank\">Mon Actu<\/a>.<\/p>\n<p>                    <script async src=\"\/\/www.instagram.com\/embed.js\"><\/script><\/p>\n","protected":false},"excerpt":{"rendered":"Par Thomas Blanc Publi\u00e9 le 12 d\u00e9c. 2025 \u00e0 17h27 Plusieurs commerces sont en train de pr\u00e9parer leur&hellip;\n","protected":false},"author":2,"featured_media":595376,"comment_status":"","ping_status":"","sticky":false,"template":"","format":"standard","meta":{"footnotes":""},"categories":[2820],"tags":[1111,11,215,33,1777,674,1011,27,775,12,3147,25,15600,640],"class_list":{"0":"post-595375","1":"post","2":"type-post","3":"status-publish","4":"format-standard","5":"has-post-thumbnail","7":"category-strasbourg","8":"tag-actu","9":"tag-actualites","10":"tag-commerce","11":"tag-economie","12":"tag-eu","13":"tag-europe","14":"tag-fr","15":"tag-france","16":"tag-grand-est","17":"tag-news","18":"tag-nouveaux-commerces","19":"tag-republique-francaise","20":"tag-rivetoile","21":"tag-strasbourg"},"share_on_mastodon":{"url":"https:\/\/pubeurope.com\/@fr\/115707962141501528","error":""},"_links":{"self":[{"href":"https:\/\/www.europesays.com\/fr\/wp-json\/wp\/v2\/posts\/595375","targetHints":{"allow":["GET"]}}],"collection":[{"href":"https:\/\/www.europesays.com\/fr\/wp-json\/wp\/v2\/posts"}],"about":[{"href":"https:\/\/www.europesays.com\/fr\/wp-json\/wp\/v2\/types\/post"}],"author":[{"embeddable":true,"href":"https:\/\/www.europesays.com\/fr\/wp-json\/wp\/v2\/users\/2"}],"replies":[{"embeddable":true,"href":"https:\/\/www.europesays.com\/fr\/wp-json\/wp\/v2\/comments?post=595375"}],"version-history":[{"count":0,"href":"https:\/\/www.europesays.com\/fr\/wp-json\/wp\/v2\/posts\/595375\/revisions"}],"wp:featuredmedia":[{"embeddable":true,"href":"https:\/\/www.europesays.com\/fr\/wp-json\/wp\/v2\/media\/595376"}],"wp:attachment":[{"href":"https:\/\/www.europesays.com\/fr\/wp-json\/wp\/v2\/media?parent=595375"}],"wp:term":[{"taxonomy":"category","embeddable":true,"href":"https:\/\/www.europesays.com\/fr\/wp-json\/wp\/v2\/categories?post=595375"},{"taxonomy":"post_tag","embeddable":true,"href":"https:\/\/www.europesays.com\/fr\/wp-json\/wp\/v2\/tags?post=595375"}],"curies":[{"name":"wp","href":"https:\/\/api.w.org\/{rel}","templated":true}]}}