{"id":595377,"date":"2025-12-12T18:15:44","date_gmt":"2025-12-12T18:15:44","guid":{"rendered":"https:\/\/www.europesays.com\/fr\/595377\/"},"modified":"2025-12-12T18:15:44","modified_gmt":"2025-12-12T18:15:44","slug":"strasbourg-matthieu-chedid-et-lamomali-au-zenith-un-hymne-a-la-vie","status":"publish","type":"post","link":"https:\/\/www.europesays.com\/fr\/595377\/","title":{"rendered":"Strasbourg. Matthieu Chedid et Lamomali au Z\u00e9nith, un hymne \u00e0 la vie"},"content":{"rendered":"<p>Plus de 6 000 personnes ont pu go\u00fbter aux d\u00e9lices de la terre rouge en s\u2019engageant sur cette superbe passerelle franco-malienne dress\u00e9e par Mathieu Chedid. La jeune Lubiana a ouvert les r\u00e9jouissances en premi\u00e8re partie. Elle \u00e9tait <a href=\"https:\/\/www.dna.fr\/culture-loisirs\/2025\/04\/18\/la-chanteuse-lubiana-en-concert-a-l-ed-n\" target=\"_blank\" rel=\"noopener\">parrain\u00e9e par Toumani Diabat\u00e9<\/a> , chantre de la kora. Cette figure sacr\u00e9e de Lamomali s\u2019est \u00e9teinte l\u2019an pass\u00e9.<\/p>\n<p>Mais <a href=\"https:\/\/www.dna.fr\/culture-loisirs\/2025\/12\/10\/avec-lamomali-en-concert-au-zenith-le-11-decembre-m-fortifie-une-passerelle-interculturelle\" target=\"_blank\" rel=\"noopener\">la rel\u00e8ve est assur\u00e9e<\/a> et la vie reprend sur un mode m\u00e9tiss\u00e9, o\u00f9 l\u2019\u00e9lectropop de M n\u2019a d\u2019\u00e9gal que l\u2019enchantement teint\u00e9 de traditions de Fatoumata Diawara. La diva malienne et ses dents du bonheur incarnant \u00e0 merveille ce respect du pass\u00e9 qui permettent de sourire \u00e0 la vie. Amadou (d\u2019Amadou et Mariam) est lui aussi parti. Tout comme Philippe Zdar (Cassius), autre complice du collectif Lamomali.<\/p>\n<p>M, g\u00e9n\u00e9reux sur sc\u00e8ne et fid\u00e8le en amiti\u00e9, sait s\u2019entourer. Gabriel Goubet qui filmait ses concerts faisait partie de ce cercle. Le r\u00e9alisateur strasbourgeois a malheureusement tir\u00e9 sa r\u00e9v\u00e9rence. Trop affaibli dans ses derniers jours, il n\u2019avait pu se rendre \u00e0 un concert que donnait Mathieu Chedid au Palais de la Musique et des Congr\u00e8s. Mais heureuse surprise quand apr\u00e8s le PMC, M, guitare en main, vient frapper \u00e0 sa porte du quartier de Neudorf. Des cordes sensibles qui ont \u00e0 nouveau vibr\u00e9 quand l\u2019Afro pop orchestra a chant\u00e9 jeudi en m\u00e9moire de \u00ab\u00a0Gabi\u00a0\u00bb.<\/p>\n","protected":false},"excerpt":{"rendered":"Plus de 6 000 personnes ont pu go\u00fbter aux d\u00e9lices de la terre rouge en s\u2019engageant sur cette&hellip;\n","protected":false},"author":2,"featured_media":595378,"comment_status":"","ping_status":"","sticky":false,"template":"","format":"standard","meta":{"footnotes":""},"categories":[2820],"tags":[1111,11,2389,1687,11353,2880,1777,674,107,1011,27,775,873,12,25,640,3089],"class_list":{"0":"post-595377","1":"post","2":"type-post","3":"status-publish","4":"format-standard","5":"has-post-thumbnail","7":"category-strasbourg","8":"tag-actu","9":"tag-actualites","10":"tag-alsace","11":"tag-culture-loisirs","12":"tag-eckbolsheim","13":"tag-edition-strasbourg","14":"tag-eu","15":"tag-europe","16":"tag-fil-info","17":"tag-fr","18":"tag-france","19":"tag-grand-est","20":"tag-musique","21":"tag-news","22":"tag-republique-francaise","23":"tag-strasbourg","24":"tag-strasbourg-sud"},"share_on_mastodon":{"url":"https:\/\/pubeurope.com\/@fr\/115707964524352502","error":""},"_links":{"self":[{"href":"https:\/\/www.europesays.com\/fr\/wp-json\/wp\/v2\/posts\/595377","targetHints":{"allow":["GET"]}}],"collection":[{"href":"https:\/\/www.europesays.com\/fr\/wp-json\/wp\/v2\/posts"}],"about":[{"href":"https:\/\/www.europesays.com\/fr\/wp-json\/wp\/v2\/types\/post"}],"author":[{"embeddable":true,"href":"https:\/\/www.europesays.com\/fr\/wp-json\/wp\/v2\/users\/2"}],"replies":[{"embeddable":true,"href":"https:\/\/www.europesays.com\/fr\/wp-json\/wp\/v2\/comments?post=595377"}],"version-history":[{"count":0,"href":"https:\/\/www.europesays.com\/fr\/wp-json\/wp\/v2\/posts\/595377\/revisions"}],"wp:featuredmedia":[{"embeddable":true,"href":"https:\/\/www.europesays.com\/fr\/wp-json\/wp\/v2\/media\/595378"}],"wp:attachment":[{"href":"https:\/\/www.europesays.com\/fr\/wp-json\/wp\/v2\/media?parent=595377"}],"wp:term":[{"taxonomy":"category","embeddable":true,"href":"https:\/\/www.europesays.com\/fr\/wp-json\/wp\/v2\/categories?post=595377"},{"taxonomy":"post_tag","embeddable":true,"href":"https:\/\/www.europesays.com\/fr\/wp-json\/wp\/v2\/tags?post=595377"}],"curies":[{"name":"wp","href":"https:\/\/api.w.org\/{rel}","templated":true}]}}