{"id":595383,"date":"2025-12-12T18:19:23","date_gmt":"2025-12-12T18:19:23","guid":{"rendered":"https:\/\/www.europesays.com\/fr\/595383\/"},"modified":"2025-12-12T18:19:23","modified_gmt":"2025-12-12T18:19:23","slug":"dejeuner-tout-nu-levenement-naturiste-le-plus-inattendu-du-mois-pres-de-nantes","status":"publish","type":"post","link":"https:\/\/www.europesays.com\/fr\/595383\/","title":{"rendered":"D\u00e9jeuner tout nu\u00a0: l\u2019\u00e9v\u00e9nement naturiste le plus inattendu du mois pr\u00e8s de Nantes"},"content":{"rendered":"<p>L\u2019\u00e9v\u00e9nement se d\u00e9roulera au nord de La Roche-sur-Yon, dans un lieu tenu aussi secret qu&rsquo;une recette de famille. Pourquoi tout ce myst\u00e8re\u00a0? Parce que dans le monde du naturisme, on aime la libert\u00e9, mais pas les regards indiscrets. Le nom du restaurant ne sera donc r\u00e9v\u00e9l\u00e9 qu\u2019apr\u00e8s inscription. Un peu comme une chasse au tr\u00e9sor, sauf qu\u2019au bout, il y a des gens sympas, un bon repas\u2026 et z\u00e9ro pli de pantalon.<\/p>\n<p>&#13;<br \/>\nUne tabl\u00e9e pas comme les autres&#13;<\/p>\n<p>Le principe est simple\u00a0: on partage un repas, ensemble, dans un cadre privatis\u00e9 o\u00f9 la nudit\u00e9 est totalement autoris\u00e9e et m\u00eame encourag\u00e9e. Pas d\u2019obligation pour parler m\u00e9t\u00e9o, pas de pression vestimentaire, pas de \u201cj\u2019ai rien \u00e0 me mettre\u201d. <strong>Pour 25\u20ac<\/strong> (boissons non comprises), vous acc\u00e9dez \u00e0 un moment \u201c100 % naturel\u201d. Les inscriptions sont clauses mais ca vous donnera peut-\u00eatre des id\u00e9es pour le prochain rdv ahah\u00a0!<\/p>\n<p><img loading=\"lazy\" decoding=\"async\" src=\"https:\/\/www.europesays.com\/fr\/wp-content\/uploads\/2025\/12\/resto nu.jpg\" width=\"768\" height=\"489\" alt=\"\"\/><\/p>\n<p>&#13;<br \/>\nMais au fait, pourquoi d\u00e9jeuner nu\u00a0?&#13;<\/p>\n<p>L\u2019ANV rappelle que le naturisme, c\u2019est avant tout une philosophie, celle du respect, de la bienveillance, d\u2019un rapport simple et d\u00e9complex\u00e9 au corps. <strong>Pas question ici de juger, comparer ou reluquer, tout est encadr\u00e9, tout est serein.<\/strong> Les pr\u00e9c\u00e9dentes \u00e9ditions ont rassembl\u00e9 des participants de tous \u00e2ges, des habitu\u00e9s du naturisme comme des curieux venus tester autre chose qu\u2019un brunch classique.<br \/>Ce d\u00e9jeuner n\u2019a rien de sulfureux, c\u2019est juste une mani\u00e8re diff\u00e9rente d\u2019\u00eatre ensemble, autrement, sans artifice et sans fermeture \u00e9clair r\u00e9calcitrante. Et, para\u00eet-il, manger nu serait m\u00eame un moyen de mieux savourer \u2014 si ce n\u2019est pas la meilleure excuse pour tenter l\u2019exp\u00e9rience, on ne sait pas ce qu\u2019il vous faut.<\/p>\n<p>&#13;<br \/>\nUn \u00e9v\u00e9nement confidentiel et bien cadr\u00e9&#13;<\/p>\n<p>Pour \u00e9viter que l\u2019\u00e9v\u00e9nement n\u2019attire des touristes du voyeurisme, seuls les inscrits connaissent l\u2019adresse. Les restaurants partenaires sont choisis pour leur discr\u00e9tion et leur capacit\u00e9 \u00e0 cr\u00e9er un cocon s\u00e9curis\u00e9. Les organisateurs insistent aussi sur le comportement attendu, ce n\u2019est pas un \u00e9v\u00e9nement sexualis\u00e9, mais une rencontre centr\u00e9e sur le bien-\u00eatre, la libert\u00e9 et une simplicit\u00e9 assum\u00e9e.<\/p>\n<p>&#13;<\/p>\n<p>Bref, une exp\u00e9rience surprenante, atypique, mais surtout tr\u00e8s humaine. Alors, pr\u00eat(e) \u00e0 vivre un d\u00e9jeuner\u2026 sans superflu\u00a0?<\/p>\n<p>&#13;<\/p>\n<p><strong>Contacts\u00a0:<\/strong><br \/><strong>anv85tresorier@gmail.com<br \/>06 51 59 89 91<\/strong><\/p>\n","protected":false},"excerpt":{"rendered":"L\u2019\u00e9v\u00e9nement se d\u00e9roulera au nord de La Roche-sur-Yon, dans un lieu tenu aussi secret qu&rsquo;une recette de famille.&hellip;\n","protected":false},"author":2,"featured_media":595384,"comment_status":"","ping_status":"","sticky":false,"template":"","format":"standard","meta":{"footnotes":""},"categories":[2818],"tags":[1111,11,1777,674,1011,27,766,12,2636,25],"class_list":{"0":"post-595383","1":"post","2":"type-post","3":"status-publish","4":"format-standard","5":"has-post-thumbnail","7":"category-nantes","8":"tag-actu","9":"tag-actualites","10":"tag-eu","11":"tag-europe","12":"tag-fr","13":"tag-france","14":"tag-nantes","15":"tag-news","16":"tag-pays-de-la-loire","17":"tag-republique-francaise"},"share_on_mastodon":{"url":"https:\/\/pubeurope.com\/@fr\/115707981375049902","error":""},"_links":{"self":[{"href":"https:\/\/www.europesays.com\/fr\/wp-json\/wp\/v2\/posts\/595383","targetHints":{"allow":["GET"]}}],"collection":[{"href":"https:\/\/www.europesays.com\/fr\/wp-json\/wp\/v2\/posts"}],"about":[{"href":"https:\/\/www.europesays.com\/fr\/wp-json\/wp\/v2\/types\/post"}],"author":[{"embeddable":true,"href":"https:\/\/www.europesays.com\/fr\/wp-json\/wp\/v2\/users\/2"}],"replies":[{"embeddable":true,"href":"https:\/\/www.europesays.com\/fr\/wp-json\/wp\/v2\/comments?post=595383"}],"version-history":[{"count":0,"href":"https:\/\/www.europesays.com\/fr\/wp-json\/wp\/v2\/posts\/595383\/revisions"}],"wp:featuredmedia":[{"embeddable":true,"href":"https:\/\/www.europesays.com\/fr\/wp-json\/wp\/v2\/media\/595384"}],"wp:attachment":[{"href":"https:\/\/www.europesays.com\/fr\/wp-json\/wp\/v2\/media?parent=595383"}],"wp:term":[{"taxonomy":"category","embeddable":true,"href":"https:\/\/www.europesays.com\/fr\/wp-json\/wp\/v2\/categories?post=595383"},{"taxonomy":"post_tag","embeddable":true,"href":"https:\/\/www.europesays.com\/fr\/wp-json\/wp\/v2\/tags?post=595383"}],"curies":[{"name":"wp","href":"https:\/\/api.w.org\/{rel}","templated":true}]}}