{"id":595395,"date":"2025-12-12T18:26:18","date_gmt":"2025-12-12T18:26:18","guid":{"rendered":"https:\/\/www.europesays.com\/fr\/595395\/"},"modified":"2025-12-12T18:26:18","modified_gmt":"2025-12-12T18:26:18","slug":"corentin-dobjectif-top-chef-rend-la-fricadelle-sexy-rue-de-bethune","status":"publish","type":"post","link":"https:\/\/www.europesays.com\/fr\/595395\/","title":{"rendered":"Corentin d&rsquo;Objectif Top Chef rend la fricadelle sexy rue de B\u00e9thune"},"content":{"rendered":"<p>                    Par<br \/>\n        <strong><br \/>\n            <a href=\"https:\/\/actu.fr\/auteur\/hervine-mahaud\" title=\"Consulter tous les articles de Hervine Mahaud\" target=\"_blank\" rel=\"noopener\">Hervine Mahaud<\/a><br \/>\n                    <\/strong><\/p>\n<p>        Publi\u00e9 le<\/p>\n<p>            12 d\u00e9c. 2025 \u00e0 18h34        <\/p>\n<p>La <b>fricadelle maison<\/b> et le jambon-beurre font d\u00e9sormais bon m\u00e9nage <b>rue de B\u00e9thune<\/b>. Depuis mercredi 10 d\u00e9cembre, <b>\u00d4 Franc Belge<\/b> a ouvert ses portes au 55 de cette art\u00e8re parmi les plus fr\u00e9quent\u00e9es de <a href=\"https:\/\/actu.fr\/lille\/\" target=\"_blank\" rel=\"noopener\">Lille<\/a>. Aux manettes : <b>Corentin Descheemaecker<\/b>, 34 ans, originaire de <a href=\"https:\/\/actu.fr\/hauts-de-france\/tourcoing_59599\" target=\"_blank\" rel=\"noopener\">Tourcoing<\/a>, <a href=\"https:\/\/actu.fr\/hauts-de-france\/tourcoing_59599\/tourcoing-corentin-originaire-de-tourcoing-va-concourir-dans-objectif-top-chef-sur-m6_53512146.html\" target=\"_blank\" rel=\"noopener\">r\u00e9v\u00e9lation de la saison 8 d\u2019Objectif Top Chef<\/a> et coup de c\u0153ur du <b>chef Philippe Etchebest<\/b>.<\/p>\n<p>Le chef Corentin Descheemaecker ouvre un restaurant de street food ax\u00e9 sur la fricadelle et le jambon-beurre<\/p>\n<p class=\" wall-content\">\u00ab\u00a0J\u2019ai fait plein de choses en peu de temps\u00a0\u00bb, souffle Corentin Descheemaecker. Styliste de formation, le chef s\u2019est reconverti lors du premier confinement. Form\u00e9 une ann\u00e9e en cuisine puis en p\u00e2tisserie au restaurant gastronomique Le Val d\u2019Auge \u00e0 Bondues, il a ensuite multipli\u00e9 les exp\u00e9riences : <b>chef de Maison Georges, l\u2019h\u00f4tel-restaurant<\/b> qu\u2019il tient avec sa compagne Laurence Guimonprez \u00e0 Tourcoing, responsable de La Guinguette des Quais, traiteur sur la p\u00e9niche \u00e9v\u00e9nementielle L\u2019Eldorado. \u00ab\u00a0J\u2019ai m\u00eame cuisin\u00e9 pour l\u2019\u00e9quipe de France de foot\u00a0\u00bb, glisse-t-il.<\/p>\n<p class=\" wall-content\"><a href=\"https:\/\/www.instagram.com\/p\/C9pkZYdIv-q\/embed\" title=\"Ouvrir le lien sur Instagram\" target=\"_blank\" rel=\"noopener\">Visualiser le contenu sur Instagram<\/a><\/p>\n<p class=\" wall-content\">En parall\u00e8le, le couple va prochainement accueillir son deuxi\u00e8me enfant. \u00ab\u00a0Et l\u00e0 on ouvre un resto\u2026 comme si le planning n\u2019\u00e9tait pas d\u00e9j\u00e0 charg\u00e9 !\u00a0\u00bb, plaisante-t-il.<\/p>\n<p>    <img   decoding=\"async\" loading=\"lazy\" class=\"size-large\" src=\"https:\/\/www.europesays.com\/fr\/wp-content\/uploads\/2025\/12\/9993f6b92c3968d93f6b92c3941a3fv-960x640.jpg\" alt=\"o franc belge street food fricadelle rue de be\u0301thune lille 1\" width=\"960\" height=\"640\"\/><br \/>\n    Le restaurant compte 20 places. \u00a9Hervine Mahaud<\/p>\n<p class=\" wall-content\">Sur ce nouveau projet, le chef s\u2019associe \u00e0 Claire, 24 ans, amie franco-belge. \u00ab\u00a0Je voulais lancer quelque chose qui avait du sens. Mon p\u00e8re et moi cherchions un <b>projet dans la restauration<\/b>, Corentin voulait faire quelque chose autour de la fricadelle\u2026 On avait d\u00e9j\u00e0 le local, tout est all\u00e9 tr\u00e8s vite\u00a0\u00bb, raconte-t-elle.\u00a0<\/p>\n<p>Une fricadelle \u00ab\u00a0moderne, saine et instagramable\u00a0\u00bb<\/p>\n<p class=\" wall-content\">Le concept d\u2019\u00d4 Franc Belge ? Une <b>street food belgo-fran\u00e7aise<\/b> construite autour de la <b>fricadelle maison et du jambon-beurre<\/b>. La fricadelle, Corentin l\u2019avait pr\u00e9sent\u00e9e lors d\u2019une \u00e9preuve d\u2019Objectif Top Chef. \u00ab\u00a0C\u2019\u00e9tait os\u00e9, mais \u00e7a avait plu\u00a0\u00bb, se rappelle-t-il.<\/p>\n<p class=\" wall-content\"><a href=\"https:\/\/www.instagram.com\/p\/Cho3NKUMvLN\/embed\" title=\"Ouvrir le lien sur Instagram\" target=\"_blank\" rel=\"noopener\">Visualiser le contenu sur Instagram<\/a><\/p>\n<p class=\" wall-content\">Ici, elle est r\u00e9alis\u00e9e \u00e0 base de <b>cuisse de poulet<\/b>, seulement <b>8 % de mati\u00e8re grasse<\/b>. \u00ab\u00a0C\u2019est la recette que demandaient les nutritionnistes de l\u2019\u00e9quipe de France, alors je l\u2019ai gard\u00e9e\u00a0\u00bb, explique-t-il. <b>Le tout est enti\u00e8rement fait main<\/b> : poulet hach\u00e9, \u00e9pices, cuisson basse temp\u00e9rature, puis grill au four. \u00ab\u00a0Pas de friture, c\u2019est plus sain, et \u00e7a reste de la street food\u00a0\u00bb, revendique-t-il.<\/p>\n<p>Votre r\u00e9gion, votre actu !<\/p>\n<p>Recevez chaque jour les infos qui comptent pour vous.<\/p>\n<p>\t<a href=\"https:\/\/actu.fr\/newsletter\" class=\"ac-btn ac-btn--corner ac-btn--medium ac-btn--blue800\" target=\"_blank\" rel=\"noopener\">S&rsquo;incrire<\/a><\/p>\n<p class=\" wall-content\">D\u00e9clin\u00e9e en version \u00e9pic\u00e9e, fum\u00e9e, fromag\u00e8re ou \u201cJap\u2019\u201d \u00e0 l\u2019ail noir et s\u00e9same, la fricadelle se veut \u00ab\u00a0sexy, moderne et instagramable\u00a0\u00bb. Servie avec crudit\u00e9s rafraichissantes, croquettes ou gaufrettes de pommes de terre, elle compose un menu \u00e0 <b>13,90 \u20ac<\/b>. Des menus pour les \u00e9tudiants, les enfants et une formule v\u00e9g\u00e9tarienne ont aussi \u00e9t\u00e9 pr\u00e9vus.<\/p>\n<p>Le retour franc du jambon-beurre<\/p>\n<p class=\" wall-content\">Pour compl\u00e9ter la carte, le restaurant propose un <b>jambon-beurre<\/b> \u00e0 6 \u20ac, pain du boulanger Vianney Degruson et jambon blanc d\u2019Ascq fum\u00e9. \u00ab\u00a0On voulait aussi un <b>incontournable tr\u00e8s fran\u00e7ais<\/b>, quelque chose de simple, efficace et qui parle \u00e0 tout le monde\u00a0\u00bb, souligne Corentin. Une version \u00ab\u00a0compl\u00e8te\u00a0\u00bb, avec cheddar fum\u00e9, est affich\u00e9e \u00e0 7 \u20ac.<\/p>\n<p class=\" wall-content\">La carte comporte aussi un \u0153uf parfait \u00e0 la truffe, une croquette au maroilles. Et en <b>dessert<\/b>, une mousse a\u00e9rienne au sp\u00e9culos avec une gaufre. De quoi finir le repas sur une touche encore bien r\u00e9gionale.<\/p>\n<p>Infos pratiques : \u00d4 Franc Belge, 55 rue de B\u00e9thune, Lille. Ouvert du mardi au samedi : de 12h \u00e0 15h et de 17h \u00e0 19h30 (horaires amen\u00e9s \u00e0 \u00e9voluer selon l\u2019activit\u00e9 de la rue). Plus d\u2019infos sur le <a href=\"https:\/\/www.instagram.com\/ofrancbelge\/?hl=fr\" target=\"_blank\" rel=\"noopener\">compte Instagram du restaurant<\/a>.<\/p>\n<p class=\" wall-content\">Personnalisez votre actualit\u00e9 en ajoutant vos villes et m\u00e9dias en favori avec <a href=\"https:\/\/moncompte.actu.fr\" title=\"D\u00e9couvez Mon Actu\" rel=\"nofollow noopener\" data-trk=\"{&quot;cta&quot;:{&quot;action&quot;:&quot;https:\\\/\\\/moncompte.actu.fr&quot;,&quot;category&quot;:&quot;mon compte&quot;,&quot;from&quot;:&quot;article footer&quot;,&quot;name&quot;:&quot;Mon actu&quot;,&quot;type&quot;:&quot;cta&quot;}}\" target=\"_blank\">Mon Actu<\/a>.<\/p>\n<p>                    <script async src=\"\/\/www.instagram.com\/embed.js\"><\/script><\/p>\n","protected":false},"excerpt":{"rendered":"Par Hervine Mahaud Publi\u00e9 le 12 d\u00e9c. 2025 \u00e0 18h34 La fricadelle maison et le jambon-beurre font d\u00e9sormais&hellip;\n","protected":false},"author":2,"featured_media":595396,"comment_status":"","ping_status":"","sticky":false,"template":"","format":"standard","meta":{"footnotes":""},"categories":[2815],"tags":[1111,11,33,1777,674,1011,27,811,1307,12,3147,25,1340,10479],"class_list":{"0":"post-595395","1":"post","2":"type-post","3":"status-publish","4":"format-standard","5":"has-post-thumbnail","7":"category-lille","8":"tag-actu","9":"tag-actualites","10":"tag-economie","11":"tag-eu","12":"tag-europe","13":"tag-fr","14":"tag-france","15":"tag-hauts-de-france","16":"tag-lille","17":"tag-news","18":"tag-nouveaux-commerces","19":"tag-republique-francaise","20":"tag-restaurant","21":"tag-street-food"},"share_on_mastodon":{"url":"https:\/\/pubeurope.com\/@fr\/115708009079735807","error":""},"_links":{"self":[{"href":"https:\/\/www.europesays.com\/fr\/wp-json\/wp\/v2\/posts\/595395","targetHints":{"allow":["GET"]}}],"collection":[{"href":"https:\/\/www.europesays.com\/fr\/wp-json\/wp\/v2\/posts"}],"about":[{"href":"https:\/\/www.europesays.com\/fr\/wp-json\/wp\/v2\/types\/post"}],"author":[{"embeddable":true,"href":"https:\/\/www.europesays.com\/fr\/wp-json\/wp\/v2\/users\/2"}],"replies":[{"embeddable":true,"href":"https:\/\/www.europesays.com\/fr\/wp-json\/wp\/v2\/comments?post=595395"}],"version-history":[{"count":0,"href":"https:\/\/www.europesays.com\/fr\/wp-json\/wp\/v2\/posts\/595395\/revisions"}],"wp:featuredmedia":[{"embeddable":true,"href":"https:\/\/www.europesays.com\/fr\/wp-json\/wp\/v2\/media\/595396"}],"wp:attachment":[{"href":"https:\/\/www.europesays.com\/fr\/wp-json\/wp\/v2\/media?parent=595395"}],"wp:term":[{"taxonomy":"category","embeddable":true,"href":"https:\/\/www.europesays.com\/fr\/wp-json\/wp\/v2\/categories?post=595395"},{"taxonomy":"post_tag","embeddable":true,"href":"https:\/\/www.europesays.com\/fr\/wp-json\/wp\/v2\/tags?post=595395"}],"curies":[{"name":"wp","href":"https:\/\/api.w.org\/{rel}","templated":true}]}}