{"id":595400,"date":"2025-12-12T18:30:20","date_gmt":"2025-12-12T18:30:20","guid":{"rendered":"https:\/\/www.europesays.com\/fr\/595400\/"},"modified":"2025-12-12T18:30:20","modified_gmt":"2025-12-12T18:30:20","slug":"un-bonnet-offert-aux-sans-abri-a-marseille","status":"publish","type":"post","link":"https:\/\/www.europesays.com\/fr\/595400\/","title":{"rendered":"un bonnet offert aux sans-abri \u00e0 Marseille"},"content":{"rendered":"<p>C\u2019est presque un rituel d\u00e9sormais, au moment des f\u00eates de No\u00ebl. L\u2019association Maraude mentalit\u00e9 virage Dep\u00e9 organise \u00e0 nouveau une grande vente solidaire de bonnet, au profit des personnes vuln\u00e9rables, qui vivent dans la rue.<\/p>\n<p>Pour la quatri\u00e8me ann\u00e9e cons\u00e9cutive, le collectif de supporters, \u00e9paul\u00e9s par le Groupe SOS l\u2019op\u00e9ration \u00ab\u00a0un bonnet pour tous\u00a0\u00bb aura lieu ce samedi 13\u00a0d\u00e9cembre, et le samedi suivant, le 20\u00a0d\u00e9cembre. Pour trois euros, il sera possible de 14\u00a0heures \u00e0 19\u00a0heures de se procurer un bonnet et d\u2019en faire don d\u2019un autre \u00e0 une personne sans abri.<\/p>\n<p>La vente se tiendra au local de Maraude mentalit\u00e9 virage Dep\u00e9, 2, rue Esperandieu, dans le 4e arrondissement. Une cagnotte en ligne est aussi accessible pour <a href=\"https:\/\/www.lepotcommun.fr\/pot\/itwscga6\" target=\"_blank\" rel=\"noopener\">financer cette op\u00e9ration<\/a>.<\/p>\n","protected":false},"excerpt":{"rendered":"C\u2019est presque un rituel d\u00e9sormais, au moment des f\u00eates de No\u00ebl. L\u2019association Maraude mentalit\u00e9 virage Dep\u00e9 organise \u00e0&hellip;\n","protected":false},"author":2,"featured_media":595401,"comment_status":"","ping_status":"","sticky":false,"template":"","format":"standard","meta":{"footnotes":""},"categories":[2814],"tags":[17,1111,11,70810,1777,674,1011,27,9445,63319,884,70809,12,15830,882,25,104,12280,24424],"class_list":{"0":"post-595400","1":"post","2":"type-post","3":"status-publish","4":"format-standard","5":"has-post-thumbnail","7":"category-marseille","8":"tag-17","9":"tag-actu","10":"tag-actualites","11":"tag-depe","12":"tag-eu","13":"tag-europe","14":"tag-fr","15":"tag-france","16":"tag-lassociation","17":"tag-maraude","18":"tag-marseille","19":"tag-mentalite","20":"tag-news","21":"tag-noel","22":"tag-provence-alpes-cote-dazur","23":"tag-republique-francaise","24":"tag-societe","25":"tag-solidaire","26":"tag-virage"},"share_on_mastodon":{"url":"https:\/\/pubeurope.com\/@fr\/115708023508593516","error":""},"_links":{"self":[{"href":"https:\/\/www.europesays.com\/fr\/wp-json\/wp\/v2\/posts\/595400","targetHints":{"allow":["GET"]}}],"collection":[{"href":"https:\/\/www.europesays.com\/fr\/wp-json\/wp\/v2\/posts"}],"about":[{"href":"https:\/\/www.europesays.com\/fr\/wp-json\/wp\/v2\/types\/post"}],"author":[{"embeddable":true,"href":"https:\/\/www.europesays.com\/fr\/wp-json\/wp\/v2\/users\/2"}],"replies":[{"embeddable":true,"href":"https:\/\/www.europesays.com\/fr\/wp-json\/wp\/v2\/comments?post=595400"}],"version-history":[{"count":0,"href":"https:\/\/www.europesays.com\/fr\/wp-json\/wp\/v2\/posts\/595400\/revisions"}],"wp:featuredmedia":[{"embeddable":true,"href":"https:\/\/www.europesays.com\/fr\/wp-json\/wp\/v2\/media\/595401"}],"wp:attachment":[{"href":"https:\/\/www.europesays.com\/fr\/wp-json\/wp\/v2\/media?parent=595400"}],"wp:term":[{"taxonomy":"category","embeddable":true,"href":"https:\/\/www.europesays.com\/fr\/wp-json\/wp\/v2\/categories?post=595400"},{"taxonomy":"post_tag","embeddable":true,"href":"https:\/\/www.europesays.com\/fr\/wp-json\/wp\/v2\/tags?post=595400"}],"curies":[{"name":"wp","href":"https:\/\/api.w.org\/{rel}","templated":true}]}}