{"id":595418,"date":"2025-12-12T18:43:22","date_gmt":"2025-12-12T18:43:22","guid":{"rendered":"https:\/\/www.europesays.com\/fr\/595418\/"},"modified":"2025-12-12T18:43:22","modified_gmt":"2025-12-12T18:43:22","slug":"une-tournee-officielle-annoncee-aux-etats-unis","status":"publish","type":"post","link":"https:\/\/www.europesays.com\/fr\/595418\/","title":{"rendered":"une tourn\u00e9e officielle annonc\u00e9e aux \u00c9tats-Unis"},"content":{"rendered":"<p>Parce que les ayant-droits japonais se caressent sur la march\u00e9 am\u00e9ricain, voil\u00e0 que l\u2019univers <strong>Dragon Ball<\/strong> s\u2019appr\u00eate \u00e0 reprendre la route aux \u00c9tats-Unis avec le <strong>Dragon Ball POP-UP TOUR USA 2026<\/strong>. L\u2019\u00e9v\u00e9nement officiel prendra la route <strong>d\u00e8s f\u00e9vrier 2026<\/strong>. Pour l\u2019instant, peu de d\u00e9tails ont \u00e9t\u00e9 d\u00e9voil\u00e9s sur le contenu exact de la tourn\u00e9e, et c\u2019est assez d\u00e9routant car de fait : c\u2019est une annonce qui ne sert \u00e0 rien.<\/p>\n<p>Une tourn\u00e9e en 5 \u00e9tapes \u00e0 travers les \u00c9tats-Unis<\/p>\n<p>Selon les informations communiqu\u00e9es sur le site officiel de Dragon Ball, la tourn\u00e9e fera escale dans <strong>cinq \u00c9tats am\u00e9ricains<\/strong>, couvrant plusieurs grandes r\u00e9gions du pays :<\/p>\n<p>\u2022 <strong>Illinois<\/strong><br \/>\u2022 <strong>New Jersey<\/strong><br \/>\u2022 <strong>Floride<\/strong><br \/>\u2022 <strong>Texas<\/strong><br \/>\u2022 <strong>Californie<\/strong><\/p>\n<p>Un choix de destinations strat\u00e9gique, qui permet de toucher un large public, de la c\u00f4te Est \u00e0 la c\u00f4te Ouest.<\/p>\n<p>Un \u00e9v\u00e9nement encore myst\u00e9rieux<\/p>\n<p>\u00c0 ce stade, <strong>aucun d\u00e9tail pr\u00e9cis n\u2019a \u00e9t\u00e9 confirm\u00e9<\/strong> concernant les activit\u00e9s propos\u00e9es sur place. Le terme POP-UP TOUR laisse toutefois entendre un format temporaire, potentiellement compos\u00e9 d\u2019espaces immersifs, de produits exclusifs ou d\u2019animations autour de la licence Dragon Ball. En clair : <a href=\"https:\/\/www.db-z.com\/kazuhiko-torishima-pulverise-le-dragon-ball-store\/\" target=\"_blank\" rel=\"noopener\">encore un event pour vendre de la camelote Dragon Ball<\/a> et presser le citron de la licence jusqu\u2019\u00e0 la derni\u00e8re goutte, comme le regrettais r\u00e9cemment Kazuhiko Torishima.<\/p>\n<p>Mais tant que rien n\u2019est officiellement annonc\u00e9, difficile d\u2019aller plus loin sans sp\u00e9culer inutilement. On n\u2019est pas \u00e0 l\u2019abri d\u2019une bonne surprise, m\u00eame si l\u2019annonce attise d\u00e9j\u00e0 les foudres de certains fans qui trouvent le visuel officiel de ce Dragon Ball POP-UP TOUR USA 2026 affreux :<\/p>\n<p><a href=\"https:\/\/www.db-z.com\/wp-content\/uploads\/2025\/12\/Dragon-Ball-Pop-Up-Tour-USA.webp\" target=\"_blank\" rel=\"noopener\"><img loading=\"lazy\" decoding=\"async\" width=\"1080\" height=\"853\" src=\"https:\/\/www.europesays.com\/fr\/wp-content\/uploads\/2025\/12\/Dragon-Ball-Pop-Up-Tour-USA-1080x853.webp.webp\" alt=\"Dragon Ball Pop-Up Tour USA\" class=\"wp-image-99742\"  \/><\/a>Visuel du Dragon Ball POP-UP TOUR USA 2026<\/p>\n<p>Une communication \u00e0 suivre de pr\u00e8s<\/p>\n<p>Une <a href=\"https:\/\/en.dragon-ball-official.com\/special\/Pop-UpTourUSA2026\/\" target=\"_blank\" rel=\"noopener\">page sp\u00e9ciale d\u00e9di\u00e9e \u00e0 l\u2019\u00e9v\u00e9nement est d\u00e9j\u00e0 en ligne<\/a> sur le site officiel Dragon Ball, signe que la communication autour du <strong>POP-UP TOUR USA 2026<\/strong> ne fait que commencer. De nouvelles informations devraient \u00eatre d\u00e9voil\u00e9es progressivement dans les prochains mois.<\/p>\n","protected":false},"excerpt":{"rendered":"Parce que les ayant-droits japonais se caressent sur la march\u00e9 am\u00e9ricain, voil\u00e0 que l\u2019univers Dragon Ball s\u2019appr\u00eate \u00e0&hellip;\n","protected":false},"author":2,"featured_media":595419,"comment_status":"","ping_status":"","sticky":false,"template":"","format":"standard","meta":{"footnotes":""},"categories":[1589],"tags":[11,73,1866,12,1864,1865,1863,308],"class_list":{"0":"post-595418","1":"post","2":"type-post","3":"status-publish","4":"format-standard","5":"has-post-thumbnail","7":"category-etats-unis","8":"tag-actualites","9":"tag-etats-unis","10":"tag-etats-unis-damerique","11":"tag-news","12":"tag-united-states","13":"tag-united-states-of-america","14":"tag-us","15":"tag-usa"},"share_on_mastodon":{"url":"https:\/\/pubeurope.com\/@fr\/115708076766629020","error":""},"_links":{"self":[{"href":"https:\/\/www.europesays.com\/fr\/wp-json\/wp\/v2\/posts\/595418","targetHints":{"allow":["GET"]}}],"collection":[{"href":"https:\/\/www.europesays.com\/fr\/wp-json\/wp\/v2\/posts"}],"about":[{"href":"https:\/\/www.europesays.com\/fr\/wp-json\/wp\/v2\/types\/post"}],"author":[{"embeddable":true,"href":"https:\/\/www.europesays.com\/fr\/wp-json\/wp\/v2\/users\/2"}],"replies":[{"embeddable":true,"href":"https:\/\/www.europesays.com\/fr\/wp-json\/wp\/v2\/comments?post=595418"}],"version-history":[{"count":0,"href":"https:\/\/www.europesays.com\/fr\/wp-json\/wp\/v2\/posts\/595418\/revisions"}],"wp:featuredmedia":[{"embeddable":true,"href":"https:\/\/www.europesays.com\/fr\/wp-json\/wp\/v2\/media\/595419"}],"wp:attachment":[{"href":"https:\/\/www.europesays.com\/fr\/wp-json\/wp\/v2\/media?parent=595418"}],"wp:term":[{"taxonomy":"category","embeddable":true,"href":"https:\/\/www.europesays.com\/fr\/wp-json\/wp\/v2\/categories?post=595418"},{"taxonomy":"post_tag","embeddable":true,"href":"https:\/\/www.europesays.com\/fr\/wp-json\/wp\/v2\/tags?post=595418"}],"curies":[{"name":"wp","href":"https:\/\/api.w.org\/{rel}","templated":true}]}}