{"id":595420,"date":"2025-12-12T18:44:12","date_gmt":"2025-12-12T18:44:12","guid":{"rendered":"https:\/\/www.europesays.com\/fr\/595420\/"},"modified":"2025-12-12T18:44:12","modified_gmt":"2025-12-12T18:44:12","slug":"dans-quelle-mesure-une-union-douaniere-sur-mesure-entre-lue-et-le-royaume-uni-est-elle-realiste","status":"publish","type":"post","link":"https:\/\/www.europesays.com\/fr\/595420\/","title":{"rendered":"Dans quelle mesure une union douani\u00e8re sur mesure entre l&rsquo;UE et le Royaume-Uni est-elle r\u00e9aliste\u00a0?"},"content":{"rendered":"<p>Le d\u00e9bat sur le Brexit a \u00e9t\u00e9 relanc\u00e9 en Grande-Bretagne, apr\u00e8s que plus de 100 d\u00e9put\u00e9s ont soutenu un projet de loi d\u00e9pos\u00e9 par le parti centriste des lib\u00e9raux d\u00e9mocrates &#8211; qui d\u00e9tient le troisi\u00e8me plus grand nombre de si\u00e8ges au Parlement britannique &#8211; appelant \u00e0 une union douani\u00e8re sur mesure entre le Royaume-Uni et l&rsquo;UE.<\/p>\n<p>Selon les lib\u00e9raux d\u00e9mocrates, un tel accord permettrait de r\u00e9duire les formalit\u00e9s administratives et les barri\u00e8res commerciales entre l&rsquo;UE et le Royaume-Uni en alignant les proc\u00e9dures douani\u00e8res.<\/p>\n<p>Mais pour \u00eatre inscrit dans la loi, le projet de loi doit \u00eatre soutenu par le gouvernement, ce qui, malgr\u00e9 le soutien d&rsquo;une douzaine de d\u00e9put\u00e9s du parti travailliste de centre-gauche au pouvoir, reste improbable.<\/p>\n<p>M. Starmer a exclu de r\u00e9int\u00e9grer une union douani\u00e8re &#8211; qu&rsquo;elle soit sur mesure ou officielle &#8211; en faisant valoir que cela reviendrait \u00e0 \u00ab\u00a0d\u00e9faire\u00a0\u00bb les accords commerciaux que le Royaume-Uni a d\u00e9j\u00e0 conclus avec d&rsquo;autres pays, tels que les \u00c9tats-Unis.<\/p>\n<p>\u00c0 quoi ressemble l&rsquo;accord de libre-\u00e9change actuel entre le Royaume-Uni et l&rsquo;Union europ\u00e9enne ?<\/p>\n<p>Le Royaume-Uni a officiellement quitt\u00e9 l&rsquo;union douani\u00e8re de l&rsquo;UE, ainsi que le march\u00e9 unique, \u00e0 la fin du mois de d\u00e9cembre 2020 &#8211; en signant l&rsquo;accord de commerce et de coop\u00e9ration &#8211; plus de quatre ans apr\u00e8s le r\u00e9f\u00e9rendum sur le Brexit en 2016.<\/p>\n<p>En vertu de cet accord, les marchandises circulant entre l&rsquo;UE et le Royaume-Uni b\u00e9n\u00e9ficient de droits de douane nuls \u00e0 condition qu&rsquo;elles respectent les crit\u00e8res des r\u00e8gles d&rsquo;origine, ce qui signifie qu&rsquo;elles doivent \u00eatre principalement compos\u00e9es d&rsquo;\u00e9l\u00e9ments provenant de l&rsquo;UE ou du Royaume-Uni. Malgr\u00e9 cela, un certain nombre de contr\u00f4les r\u00e9glementaires et douaniers restent en place.<\/p>\n<p>Une d\u00e9cision unilat\u00e9rale a \u00e9galement \u00e9t\u00e9 prise pour ne pas imposer certains contr\u00f4les.<\/p>\n<p>En outre, dans le cadre des efforts d\u00e9ploy\u00e9s par M. Starmer pour renforcer les liens avec l&rsquo;UE apr\u00e8s que les relations se soient fortement d\u00e9grad\u00e9es sous les gouvernements conservateurs de droite qui se sont succ\u00e9d\u00e9, la r\u00e9union de r\u00e9initialisation Royaume-Uni-UE qui s&rsquo;est tenue en mai s&rsquo;est engag\u00e9e \u00e0 mettre en \u0153uvre une s\u00e9rie de plans, notamment un accord phytosanitaire, qui devrait r\u00e9duire les contr\u00f4les sur les produits alimentaires.<\/p>\n<p>Le d\u00e9put\u00e9 lib\u00e9ral d\u00e9mocrate Al Pinkerton, qui a d\u00e9pos\u00e9 le projet de loi mardi, estime que sa proposition soulagerait les entreprises britanniques d&rsquo;un assaut de paperasserie suppl\u00e9mentaire d\u00e9clench\u00e9 par le Brexit. \u00ab\u00a0Les entreprises britanniques ne demandent que \u00e7a\u00a0\u00bb, a d\u00e9clar\u00e9 M. Pinkerton \u00e0 l&rsquo;\u00e9quipe de fact-checking d&rsquo;Euronews, Le Cube.<\/p>\n<p>\u00ab\u00a0Deux milliards de documents ont \u00e9t\u00e9 ajout\u00e9s depuis 2021, ce qui repr\u00e9sente des millions de livres sterling de co\u00fbts suppl\u00e9mentaires pour les entreprises britanniques \u00ab\u00a0, a-t-il d\u00e9clar\u00e9.<\/p>\n<p>M. Pinkerton a ajout\u00e9 qu&rsquo;il avait re\u00e7u des r\u00e9actions \u00ab\u00a0extr\u00eamement positives\u00a0\u00bb de la part des entreprises europ\u00e9ennes, qui ont de leur c\u00f4t\u00e9 d\u00fb faire face \u00e0 une augmentation des co\u00fbts provoqu\u00e9e par les contr\u00f4les frontaliers post-Brexit.<\/p>\n<p>Pour M. Pinkerton, sa proposition vise \u00e0 \u00ab\u00a0obliger le gouvernement \u00e0 entamer un processus de n\u00e9gociation\u00a0\u00bb sur l&rsquo;id\u00e9e que le Royaume-Uni pourrait conclure un nouvel accord sur mesure avec Bruxelles.<\/p>\n<p>\u00ab\u00a0J&rsquo;ai craqu\u00e9 une allumette, et cela a jet\u00e9 un peu de lumi\u00e8re et un peu de chaleur\u00a0\u00bb, a-t-il d\u00e9clar\u00e9. \u00ab\u00a0Mais la v\u00e9rit\u00e9, c&rsquo;est qu&rsquo;elle n&rsquo;ira nulle part que si quelque chose d&rsquo;autre est mis en lumi\u00e8re en cons\u00e9quence. L&rsquo;une des choses qui m&rsquo;ont le plus encourag\u00e9 ces derniers jours est le niveau de d\u00e9bat public que cette affaire a suscit\u00e9\u00a0\u00bb.<\/p>\n<p>Une union douani\u00e8re est-elle \u00e9conomiquement avantageuse, et pour qui ?<\/p>\n<p>Les \u00e9conomistes sont divis\u00e9s sur les avantages d&rsquo;une hypoth\u00e9tique nouvelle union douani\u00e8re, et il n&rsquo;est pas clair quel type d&rsquo;accord sp\u00e9cifique les lib\u00e9raux d\u00e9mocrates soutiendraient.<\/p>\n<p>Les lib\u00e9raux d\u00e9mocrates affirment que leur proposition augmenterait le PIB britannique de 2,2 %, ce qui se traduirait par des recettes fiscales suppl\u00e9mentaires de 25 milliards de livres sterling (28,5 milliards d&rsquo;euros). Ils reconnaissent que ce chiffre est approximatif, les d\u00e9tails du cadre propos\u00e9 n&rsquo;\u00e9tant pas connus.<\/p>\n<p>Selon Jonathan Portes, professeur d&rsquo;\u00e9conomie et de politique publique au King&rsquo;s College de Londres et chercheur principal \u00e0 l&rsquo;institut de recherche UK in a changing Europe, le chiffre de 25 milliards de livres n&rsquo;est \u00ab\u00a0pas compl\u00e8tement d\u00e9raisonnable\u00a0\u00bb, car il est bas\u00e9 sur la mod\u00e9lisation pr\u00e9-Brexit, qui pr\u00e9voyait que la sortie de l&rsquo;union douani\u00e8re co\u00fbterait au Royaume-Uni \u00ab\u00a0environ un pour cent du PIB\u00a0\u00bb.<\/p>\n<p>\u00ab\u00a0D&rsquo;un autre c\u00f4t\u00e9, cela suppose que nous pourrions n\u00e9gocier une union douani\u00e8re qui nous serait largement favorable et relativement facile\u00a0\u00bb, a d\u00e9clar\u00e9 M. Portes au Cube. \u00ab\u00a0Je pense que cette partie de l&rsquo;accord est fantaisiste.<\/p>\n<p>Les avantages de l&rsquo;accord pour les deux parties d\u00e9pendent de ses d\u00e9tails.<\/p>\n<p>Si l&rsquo;accord ressemble \u00e0 celui conclu entre l&rsquo;UE et la Turquie, qui supprime les droits de douane et les tarifs douaniers sur la plupart des produits industriels, M. Portes estime qu&rsquo;il pourrait pr\u00e9senter des avantages et des inconv\u00e9nients pour le Royaume-Uni.<\/p>\n<p>La Turquie, par exemple, doit aligner ses r\u00e8gles sur celles de l&rsquo;UE, mais ne b\u00e9n\u00e9ficie pas automatiquement des accords de libre-\u00e9change de l&rsquo;UE. En vertu de l&rsquo;union douani\u00e8re UE-Turquie de 1995, les marchandises peuvent circuler entre les deux territoires sans restrictions douani\u00e8res, mais l&rsquo;accord exclut des domaines tels que l&rsquo;agriculture.<\/p>\n<p>Selon M. Portes, un accord similaire rendrait le Royaume-Uni vuln\u00e9rable aux r\u00e9actions politiques. \u00ab\u00a0Pour le Royaume-Uni, accepter que nous sommes un pays important mais tiers, que nous sommes peut-\u00eatre importants dans l&rsquo;UE mais que nous devons suivre leurs r\u00e8gles pour la plupart des choses, ne sera probablement pas politiquement acceptable\u00a0\u00bb, a-t-il d\u00e9clar\u00e9.<\/p>\n<p>D&rsquo;un autre c\u00f4t\u00e9, certains \u00e9l\u00e9ments sugg\u00e8rent que les avantages d&rsquo;un tel accord seraient marginaux, en particulier pour l&rsquo;UE.<\/p>\n<p>\u00ab\u00a0Une union douani\u00e8re peut \u00eatre utile. Mais le commerce entre l&rsquo;UE et le Royaume-Uni est d\u00e9j\u00e0 tr\u00e8s int\u00e9gr\u00e9. Nous n&rsquo;avons pas vraiment de barri\u00e8res internes qui rendraient l&rsquo;union douani\u00e8re vraiment efficace\u00a0\u00bb, a d\u00e9clar\u00e9 Fabian Zuleeg, directeur g\u00e9n\u00e9ral du European Policy Centre, au Cube.<\/p>\n<p>Il a ajout\u00e9 que m\u00eame si l&rsquo;UE en tirerait certains avantages, le Royaume-Uni gagnerait en fin de compte plus d&rsquo;un tel accord, ce qui pourrait limiter l&rsquo;app\u00e9tit de l&rsquo;UE pour celui-ci.<\/p>\n<p>Selon M. Zuleeg, dans la pratique, alors que l&rsquo;UE a appliqu\u00e9 des contr\u00f4les \u00e0 la plupart des marchandises, le Royaume-Uni n&rsquo;a pas appliqu\u00e9 toute l&rsquo;\u00e9tendue des contr\u00f4les possibles. \u00ab\u00a0Ces co\u00fbts, d&rsquo;un point de vue europ\u00e9en, sont plus th\u00e9oriques que r\u00e9els.<\/p>\n<p>\u00ab\u00a0Pour les entreprises britanniques, il est absolument crucial de pouvoir avoir un acc\u00e8s aussi libre que possible au march\u00e9 europ\u00e9en, alors que dans l&rsquo;autre sens, le besoin est plus marginal\u00a0\u00bb, a-t-il ajout\u00e9.<\/p>\n<p>L&rsquo;UE serait-elle d&rsquo;accord ?<\/p>\n<p>Au plus fort des n\u00e9gociations sur le Brexit entre 2017 et 2019, sous la houlette de la Premi\u00e8re ministre de l&rsquo;\u00e9poque, Theresa May, et du n\u00e9gociateur en chef de l&rsquo;UE, Michel Barnier, les fonctionnaires de l&rsquo;UE ont insist\u00e9 sur le fait que le Royaume-Uni ne pouvait pas \u00ab\u00a0s\u00e9lectionner\u00a0\u00bb des conditions favorables dans un pacte avec l&rsquo;UE auxquelles un \u00c9tat non membre n&rsquo;aurait g\u00e9n\u00e9ralement pas acc\u00e8s.<\/p>\n<p>Toutefois, les relations entre les deux parties<a href=\"https:\/\/www.bruegel.org\/newsletter\/how-has-19-may-summit-changed-eu-uk-relations\" target=\"_blank\" rel=\"noreferrer noopener\"> <strong>se sont r\u00e9chauff\u00e9es ces derni\u00e8res ann\u00e9es<\/strong><\/a>, ce que l&rsquo;eurod\u00e9put\u00e9 social-d\u00e9mocrate allemand Ren\u00e9 Repasi attribue \u00e0 l&rsquo;arriv\u00e9e au pouvoir du gouvernement travailliste de Keir Starmer au Royaume-Uni.<\/p>\n<p>\u00ab\u00a0L&rsquo;administration Starmer est beaucoup plus s\u00e9rieuse, et cela a bien s\u00fbr eu un impact positif sur l&rsquo;UE, qui voit un gouvernement britannique avec lequel elle peut avoir des n\u00e9gociations s\u00e9rieuses\u00a0\u00bb, a d\u00e9clar\u00e9 M. Repasi au Cube.<\/p>\n<p>\u00ab\u00a0Je pense que l&rsquo;UE est ouverte \u00e0 toute voie menant \u00e0 la pleine int\u00e9gration du Royaume-Uni dans l&rsquo;Union europ\u00e9enne, mais ce statut sp\u00e9cial est difficile \u00e0 justifier\u00a0\u00bb, a-t-il ajout\u00e9. \u00ab\u00a0Par cons\u00e9quent, tout d\u00e9pendra des d\u00e9tails. Nous devons \u00eatre politiquement r\u00e9alistes.<\/p>\n<p>Un porte-parole de la Commission europ\u00e9enne a refus\u00e9 de commenter un accord hypoth\u00e9tique.<\/p>\n","protected":false},"excerpt":{"rendered":"Le d\u00e9bat sur le Brexit a \u00e9t\u00e9 relanc\u00e9 en Grande-Bretagne, apr\u00e8s que plus de 100 d\u00e9put\u00e9s ont soutenu&hellip;\n","protected":false},"author":2,"featured_media":595421,"comment_status":"","ping_status":"","sticky":false,"template":"","format":"standard","meta":{"footnotes":""},"categories":[1588],"tags":[11,1353,1777,674,10063,12,473,1853,66223,1851,364,1850,1852],"class_list":{"0":"post-595420","1":"post","2":"type-post","3":"status-publish","4":"format-standard","5":"has-post-thumbnail","7":"category-royaume-uni","8":"tag-actualites","9":"tag-brexit","10":"tag-eu","11":"tag-europe","12":"tag-fact-checking","13":"tag-news","14":"tag-royaume-uni","15":"tag-royaume-uni-de-grande-bretagne-et-dirlande-du-nord","16":"tag-thecube","17":"tag-uk","18":"tag-union-europeenne","19":"tag-united-kingdom","20":"tag-united-kingdom-of-great-britain-and-northern-ireland"},"share_on_mastodon":{"url":"https:\/\/pubeurope.com\/@fr\/115708078523139496","error":""},"_links":{"self":[{"href":"https:\/\/www.europesays.com\/fr\/wp-json\/wp\/v2\/posts\/595420","targetHints":{"allow":["GET"]}}],"collection":[{"href":"https:\/\/www.europesays.com\/fr\/wp-json\/wp\/v2\/posts"}],"about":[{"href":"https:\/\/www.europesays.com\/fr\/wp-json\/wp\/v2\/types\/post"}],"author":[{"embeddable":true,"href":"https:\/\/www.europesays.com\/fr\/wp-json\/wp\/v2\/users\/2"}],"replies":[{"embeddable":true,"href":"https:\/\/www.europesays.com\/fr\/wp-json\/wp\/v2\/comments?post=595420"}],"version-history":[{"count":0,"href":"https:\/\/www.europesays.com\/fr\/wp-json\/wp\/v2\/posts\/595420\/revisions"}],"wp:featuredmedia":[{"embeddable":true,"href":"https:\/\/www.europesays.com\/fr\/wp-json\/wp\/v2\/media\/595421"}],"wp:attachment":[{"href":"https:\/\/www.europesays.com\/fr\/wp-json\/wp\/v2\/media?parent=595420"}],"wp:term":[{"taxonomy":"category","embeddable":true,"href":"https:\/\/www.europesays.com\/fr\/wp-json\/wp\/v2\/categories?post=595420"},{"taxonomy":"post_tag","embeddable":true,"href":"https:\/\/www.europesays.com\/fr\/wp-json\/wp\/v2\/tags?post=595420"}],"curies":[{"name":"wp","href":"https:\/\/api.w.org\/{rel}","templated":true}]}}