{"id":595436,"date":"2025-12-12T18:55:22","date_gmt":"2025-12-12T18:55:22","guid":{"rendered":"https:\/\/www.europesays.com\/fr\/595436\/"},"modified":"2025-12-12T18:55:22","modified_gmt":"2025-12-12T18:55:22","slug":"atp-alcaraz-persiste-et-signe-mon-objectif-pour-2026-est-clair","status":"publish","type":"post","link":"https:\/\/www.europesays.com\/fr\/595436\/","title":{"rendered":"ATP > Alcaraz persiste et signe : \u00ab\u00a0Mon objectif pour 2026 est clair\u00a0\u00bb"},"content":{"rendered":"<p>Au micro de la COPE, Carlos Alcaraz a r\u00e9af\u00adfirm\u00e9 son prin\u00adcipal objectif pour 2026\u00a0: remporter le seul Grand Chelem qui manque \u00e0 son palmar\u00e8s, c\u2019est\u2010\u00e0\u2010dire l\u2019Open d\u2019Australie (18 janvier au 1er f\u00e9vrier 2026).\u00a0<\/p>\n<blockquote class=\"twitter-tweet\">\n<p lang=\"es\" dir=\"ltr\">\ud83c\udf99\ufe0f <a href=\"https:\/\/twitter.com\/carlosalcaraz?ref_src=twsrc%5Etfw\" data-wpel-link=\"external\" target=\"_blank\" rel=\"nofollow external noopener\">@carlosalcaraz<\/a> atiende a <a href=\"https:\/\/twitter.com\/COPE?ref_src=twsrc%5Etfw\" data-wpel-link=\"external\" target=\"_blank\" rel=\"nofollow external noopener\">@COPE<\/a> y resto de medios antes de recibir el premio como mejor Deportista de la regi\u00f3n de <a href=\"https:\/\/twitter.com\/hashtag\/Murcia?src=hash&amp;ref_src=twsrc%5Etfw\" data-wpel-link=\"external\" target=\"_blank\" rel=\"nofollow external noopener\">#Murcia<\/a><a href=\"https:\/\/twitter.com\/APDRM_COM?ref_src=twsrc%5Etfw\" data-wpel-link=\"external\" target=\"_blank\" rel=\"nofollow external noopener\">@APDRM_COM<\/a> <a href=\"https:\/\/twitter.com\/DeportesCopeMur?ref_src=twsrc%5Etfw\" data-wpel-link=\"external\" target=\"_blank\" rel=\"nofollow external noopener\">@DeportesCopeMur<\/a> <br \/>\ud83d\udd25 Retos para 2026 y obje\u00adtivo <a href=\"https:\/\/twitter.com\/AustralianOpen?ref_src=twsrc%5Etfw\" data-wpel-link=\"external\" target=\"_blank\" rel=\"nofollow external noopener\">@AustralianOpen<\/a> <a href=\"https:\/\/twitter.com\/COPE?ref_src=twsrc%5Etfw\" data-wpel-link=\"external\" target=\"_blank\" rel=\"nofollow external noopener\">@COPE<\/a> <a href=\"https:\/\/t.co\/XDsShYM3Mc\" data-wpel-link=\"external\" target=\"_blank\" rel=\"nofollow external noopener\">pic.twitter.com\/XDsShYM3Mc<\/a><\/p>\n<p>\u2014 COPE Murcia (@cope_murcia) <a href=\"https:\/\/twitter.com\/cope_murcia\/status\/1999223492990960011?ref_src=twsrc%5Etfw\" data-wpel-link=\"external\" target=\"_blank\" rel=\"nofollow external noopener\">December 11,\u00a02025<\/a><\/p><\/blockquote>\n<p><strong>\u00ab\u202fCette semaine, je commence la pr\u00e9\u2010saison, j\u2019ai h\u00e2te de bien travailler et de me pr\u00e9parer au mieux, physi\u00adque\u00adment et menta\u00adle\u00adment, pour le d\u00e9but de l\u2019ann\u00e9e. Mon objectif clair pour 2026 est de remporter l\u2019Open d\u2019Australie. Le bon et le mauvais c\u00f4t\u00e9, c\u2019est que c\u2019est le premier tournoi de l\u2019ann\u00e9e. Je veux \u00eatre pr\u00eat \u00e0 jouer \u00e0 un bon niveau.\u202f\u00bb<\/strong><\/p>\n<p class=\"post-published-date\" style=\"color: silver; font-size: 75%; text-align: left;\">Publi\u00e9 le vendredi 12 d\u00e9cembre 2025 \u00e0 12:15<\/p>\n<p><script async src=\"https:\/\/platform.twitter.com\/widgets.js\" charset=\"utf-8\"><\/script><\/p>\n","protected":false},"excerpt":{"rendered":"Au micro de la COPE, Carlos Alcaraz a r\u00e9af\u00adfirm\u00e9 son prin\u00adcipal objectif pour 2026\u00a0: remporter le seul Grand&hellip;\n","protected":false},"author":2,"featured_media":29544,"comment_status":"","ping_status":"","sticky":false,"template":"","format":"standard","meta":{"footnotes":""},"categories":[1415],"tags":[1744,1011,27,60,1467],"class_list":{"0":"post-595436","1":"post","2":"type-post","3":"status-publish","4":"format-standard","5":"has-post-thumbnail","7":"category-tennis","8":"tag-alcaraz","9":"tag-fr","10":"tag-france","11":"tag-sports","12":"tag-tennis"},"share_on_mastodon":{"url":"https:\/\/pubeurope.com\/@fr\/115708121816585358","error":""},"_links":{"self":[{"href":"https:\/\/www.europesays.com\/fr\/wp-json\/wp\/v2\/posts\/595436","targetHints":{"allow":["GET"]}}],"collection":[{"href":"https:\/\/www.europesays.com\/fr\/wp-json\/wp\/v2\/posts"}],"about":[{"href":"https:\/\/www.europesays.com\/fr\/wp-json\/wp\/v2\/types\/post"}],"author":[{"embeddable":true,"href":"https:\/\/www.europesays.com\/fr\/wp-json\/wp\/v2\/users\/2"}],"replies":[{"embeddable":true,"href":"https:\/\/www.europesays.com\/fr\/wp-json\/wp\/v2\/comments?post=595436"}],"version-history":[{"count":0,"href":"https:\/\/www.europesays.com\/fr\/wp-json\/wp\/v2\/posts\/595436\/revisions"}],"wp:featuredmedia":[{"embeddable":true,"href":"https:\/\/www.europesays.com\/fr\/wp-json\/wp\/v2\/media\/29544"}],"wp:attachment":[{"href":"https:\/\/www.europesays.com\/fr\/wp-json\/wp\/v2\/media?parent=595436"}],"wp:term":[{"taxonomy":"category","embeddable":true,"href":"https:\/\/www.europesays.com\/fr\/wp-json\/wp\/v2\/categories?post=595436"},{"taxonomy":"post_tag","embeddable":true,"href":"https:\/\/www.europesays.com\/fr\/wp-json\/wp\/v2\/tags?post=595436"}],"curies":[{"name":"wp","href":"https:\/\/api.w.org\/{rel}","templated":true}]}}