{"id":595445,"date":"2025-12-12T19:05:12","date_gmt":"2025-12-12T19:05:12","guid":{"rendered":"https:\/\/www.europesays.com\/fr\/595445\/"},"modified":"2025-12-12T19:05:12","modified_gmt":"2025-12-12T19:05:12","slug":"les-telespectateurs-sous-le-charme-de-la-publicite-dintermarche","status":"publish","type":"post","link":"https:\/\/www.europesays.com\/fr\/595445\/","title":{"rendered":"les t\u00e9l\u00e9spectateurs sous le charme de la publicit\u00e9 d\u2019Intermarch\u00e9"},"content":{"rendered":"<p>\n    Les spots t\u00e9l\u00e9vis\u00e9s n\u2019ont pas pour habitude de rencontrer un tel succ\u00e8s. Pourtant, l\u2019enseigne de grande distribution fait sensation depuis pr\u00e8s d\u2019une semaine gr\u00e2ce \u00e0 sa r\u00e9clame pour les f\u00eates de fin d\u2019ann\u00e9e.<\/p>\n<p class=\"fig-paragraph\">Un succ\u00e8s mondial. L\u2019enseigne de grande distribution fran\u00e7aise a frapp\u00e9 fort pour cette fin d\u2019ann\u00e9e. Si<a href=\"https:\/\/www.lefigaro.fr\/tag\/intermarche\" target=\"_blank\" rel=\"sponsored noopener\" data-gtm-custom-categorie=\"navigation\" data-gtm-custom-action=\"crossclick\" data-gtm-custom-label=\"Contextuel\" data-gtm-event=\"customEventSPE\">\u00a0Intermarch\u00e9<\/a>\u00a0se d\u00e9marque depuis quelques ann\u00e9es de ses concurrents du secteur gr\u00e2ce \u00e0 ses spots publicitaires t\u00e9l\u00e9vis\u00e9s, 2025 signe un v\u00e9ritable coup de ma\u00eetre, et ce, gr\u00e2ce au conte de No\u00ebl mettant en sc\u00e8ne un loup.<\/p>\n<p class=\"fig-paragraph\">\u00c0 l\u2019instar d\u2019un v\u00e9ritable film cin\u00e9matographie, il porte un nom\u00a0: Le Mal-Aim\u00e9. Les premi\u00e8res secondes n\u2019ont rien de particuli\u00e8rement original. Une famille attabl\u00e9e lors de la soir\u00e9e de No\u00ebl, riant et parlant ensemble. Seul un petit gar\u00e7on s\u2019ennuie. Pour lui changer les id\u00e9es, un membre de sa famille lui offre une peluche \u00e0 l\u2019effigie d\u2019un loup. Seulement l\u2019enfant la refuse sous pr\u00e9texte qu\u2019il a peur des loups.<\/p>\n<p class=\"fig-body-link\">\n            \u00c0 lire aussi<br \/>\n        <a class=\"fig-body-link__link\" href=\"http:\/\/www.lefigaro.fr\/conjoncture\/intermarche-va-produire-la-peluche-a-l-effigie-du-loup-de-sa-publicite-de-fin-d-annee-20251212\" target=\"_blank\" data-fig-type=\"Article\" rel=\"noopener\" data-gtm-custom-categorie=\"navigation\" data-gtm-custom-action=\"crossclick\" data-gtm-custom-label=\"Contextuel\" data-gtm-event=\"customEventSPE\" data-fig-domain=\"LEFIGARO\"><\/p>\n<p>        Intermarch\u00e9 va produire la peluche \u00e0 l\u2019effigie du loup de sa publicit\u00e9 de fin d\u2019ann\u00e9e<br \/>\n    <\/a>\n<\/p>\n<p>                                                                <a class=\"fig-a11y-skip\" href=\"#fig-a11y-skip-main-inarticle\" data-module=\"a11y-skip\" data-context=\"was @visible\"><br \/>\n    Passer la publicit\u00e9<br \/>\n<\/a>            <\/p>\n<p class=\"fig-paragraph\">De l\u00e0 n\u00e9e l\u2019histoire d\u2019un loup, seul dans la for\u00eat, mal aim\u00e9 de tous \u00e0 cause de ses&#8230; pr\u00e9f\u00e9rences alimentaires. D\u00e8s lors que les autres animaux l\u2019apercevaient, ils se sauvaient par peur de se faire manger. Sur les conseils d\u2019un h\u00e9risson intr\u00e9pide, le loup s\u2019est familiaris\u00e9 et a commenc\u00e9 \u00e0 cuisiner de la nourriture v\u00e9g\u00e9tarienne, laissant ainsi tranquilles les biches, moutons et autres b\u00eates de la for\u00eat. \u00c0 la fin des deux minutes trente de ce dessin anim\u00e9, le loup parvient \u00e0 partager un grand d\u00eener avec tout le monde, pr\u00f4nant ainsi le \u00abmieux vivre ensemble\u00bb, comme l\u2019a soulign\u00e9 le patron d\u2019Intermarch\u00e9 \u00e0 de nombreuses reprises lors d\u2019interviews.<\/p>\n<p class=\"fig-paragraph\">Le pari est gagn\u00e9. En plus de l\u2019\u00e9motion suscit\u00e9e durant ces quelques minutes, les internautes ont f\u00e9licit\u00e9 l\u2019enseigne de ne pas avoir recouru \u00e0 l\u2019intelligence artificielle, contrairement Coca-Cola et McDonald\u2019s. En quelques heures, la vid\u00e9o a cumul\u00e9 plus de 10 millions de vues sur les r\u00e9seaux sociaux. Des chiffres qui s\u2019ajoutent aux vues des t\u00e9l\u00e9spectateurs derri\u00e8re leur t\u00e9l\u00e9vision. Ces derniers ne se cachent pas de t\u00e9moigner leur admiration devant cette publicit\u00e9.<\/p>\n<p class=\"fig-paragraph\">\u00abJe suis \u00e0 2 doigts de regarder la t\u00e9l\u00e9 juste pour tomber sur cette jolie pub encore et encore\u00bb, s\u2019extasie un internaute sur X tandis que d\u2019autres encensent l\u2019enseigne de grande distribution\u00a0: \u00ab\u00c7a fait quelques ann\u00e9es que les pubs intermarch\u00e9 sont vraiment belles. Bravo \u00e0 eux et \u00e0 leur agence de pub\u00a0!\u00bb, \u00abCette pub est g\u00e9niale&#8230; Chaque hiver, Intermarch\u00e9 est coutumier du fait\u00a0: Ils font des pubs de plus de 2 minutes qui changent des traditionnelles r\u00e9clames\u00a0! Bravo pour ces cr\u00e9ativit\u00e9s remarquables\u00a0!\u00bb, \u00abEn effet, Intermarch\u00e9 a bien renouvel\u00e9 ses pubs qui \u00e9taient longues et chiantes .. celle-l\u00e0, pour le coup on en redemanderait encore.\u00bb<\/p>\n<p class=\"fig-paragraph\">Pour certains t\u00e9l\u00e9spectateurs, il ne s\u2019agit m\u00eame plus l\u00e0 d\u2019une r\u00e9clame bien r\u00e9alis\u00e9e mais d\u2019un v\u00e9ritable travail d\u2019art. \u00abLa France n\u2019a pas brill\u00e9 pour grand-chose cette ann\u00e9e mais on peut \u00eatre fier de ses cr\u00e9atifs\u00bb, \u00abBeaucoup de gens parlent de \u00ab\u00a0la pub\u00a0\u00bb intermarch\u00e9. Mais ce n\u2019est pas une pub. C\u2019est un film. Qui m\u00e9rite le cin\u00e9ma. Bravo UGC\u00a0!!!!\u00bb, \u00abVous avez cr\u00e9\u00e9 une pub chef-d\u2019\u0153uvre, un truc qui donne v\u00e9ritablement la banane\u2026 Merci \u00e0 vous et encore bravo\u00a0!\u00bb Au-del\u00e0 des internautes fran\u00e7ais, la publicit\u00e9 a fait sensation \u00e0 l\u2019international. \u00abWow&#8230; Cette publicit\u00e9 d\u2019un supermarch\u00e9 fran\u00e7ais est d\u2019un autre niveau\u00bb, a f\u00e9licit\u00e9 un internaute \u00e9tranger quand un autre soulignait\u00a0: \u00ab\u00c7a, c\u2019est du marketing\u00a0!\u00bb<\/p>\n","protected":false},"excerpt":{"rendered":"Les spots t\u00e9l\u00e9vis\u00e9s n\u2019ont pas pour habitude de rencontrer un tel succ\u00e8s. Pourtant, l\u2019enseigne de grande distribution fait&hellip;\n","protected":false},"author":2,"featured_media":595446,"comment_status":"","ping_status":"","sticky":false,"template":"","format":"standard","meta":{"footnotes":""},"categories":[1356],"tags":[58,59,1011,27,2529,1834,252,1364],"class_list":{"0":"post-595445","1":"post","2":"type-post","3":"status-publish","4":"format-standard","5":"has-post-thumbnail","7":"category-television","8":"tag-divertissement","9":"tag-entertainment","10":"tag-fr","11":"tag-france","12":"tag-intermarche","13":"tag-publicite","14":"tag-television","15":"tag-tv"},"share_on_mastodon":{"url":"","error":""},"_links":{"self":[{"href":"https:\/\/www.europesays.com\/fr\/wp-json\/wp\/v2\/posts\/595445","targetHints":{"allow":["GET"]}}],"collection":[{"href":"https:\/\/www.europesays.com\/fr\/wp-json\/wp\/v2\/posts"}],"about":[{"href":"https:\/\/www.europesays.com\/fr\/wp-json\/wp\/v2\/types\/post"}],"author":[{"embeddable":true,"href":"https:\/\/www.europesays.com\/fr\/wp-json\/wp\/v2\/users\/2"}],"replies":[{"embeddable":true,"href":"https:\/\/www.europesays.com\/fr\/wp-json\/wp\/v2\/comments?post=595445"}],"version-history":[{"count":0,"href":"https:\/\/www.europesays.com\/fr\/wp-json\/wp\/v2\/posts\/595445\/revisions"}],"wp:featuredmedia":[{"embeddable":true,"href":"https:\/\/www.europesays.com\/fr\/wp-json\/wp\/v2\/media\/595446"}],"wp:attachment":[{"href":"https:\/\/www.europesays.com\/fr\/wp-json\/wp\/v2\/media?parent=595445"}],"wp:term":[{"taxonomy":"category","embeddable":true,"href":"https:\/\/www.europesays.com\/fr\/wp-json\/wp\/v2\/categories?post=595445"},{"taxonomy":"post_tag","embeddable":true,"href":"https:\/\/www.europesays.com\/fr\/wp-json\/wp\/v2\/tags?post=595445"}],"curies":[{"name":"wp","href":"https:\/\/api.w.org\/{rel}","templated":true}]}}