{"id":595465,"date":"2025-12-12T19:15:23","date_gmt":"2025-12-12T19:15:23","guid":{"rendered":"https:\/\/www.europesays.com\/fr\/595465\/"},"modified":"2025-12-12T19:15:23","modified_gmt":"2025-12-12T19:15:23","slug":"dermatose-nodulaire-contagieuse-premier-cas-detecte-dans-un-elevage-en-haute-garonne","status":"publish","type":"post","link":"https:\/\/www.europesays.com\/fr\/595465\/","title":{"rendered":"Dermatose nodulaire contagieuse\u00a0: premier cas d\u00e9tect\u00e9 dans un \u00e9levage en Haute-Garonne"},"content":{"rendered":"<p>\n                                                                    l&rsquo;essentiel<br \/>\n                                                                Un cas de dermatose nodulaire contagieuse (DNC) a \u00e9t\u00e9 d\u00e9tect\u00e9, vendredi 12\u00a0d\u00e9cembre, dans un \u00e9levage sur le territoire de la commune de Touille en Haute-Garonne. La zone r\u00e9glement\u00e9e, incluant les p\u00e9rim\u00e8tres de protection et de surveillance, concerne 444 communes du d\u00e9partement.\n                            <\/p>\n<p>Apr\u00e8s l\u2019Ari\u00e8ge et les Hautes-Pyr\u00e9n\u00e9es, un foyer contamin\u00e9 par la dermatose nodulaire contagieuse (DNC) a \u00e9t\u00e9 confirm\u00e9 ce vendredi en Haute-Garonne sur la commune de Touille, entre Caz\u00e8res et Saint-Gaudens, selon plusieurs sources concordantes. Il s\u2019agit d\u2019un cheptel de 35 bovins. Comme redout\u00e9, le virus continue de se propager dans le Sud-Ouest.<\/p>\n<p class=\"std-elt__inline\">\n        <strong>\u00c0 lire aussi :<\/strong><br \/>\n        <a href=\"https:\/\/www.ladepeche.fr\/2025\/12\/12\/dermatose-nodulaire-en-ariege-des-barrages-dagriculteurs-prevus-sur-la-route-de-landorre-13107442.php\" target=\"_blank\" rel=\"noopener\">Dermatose nodulaire en Ari\u00e8ge. \u00ab\u00a0La circulation est interrompue sur la RN20\u00a0\u00bb\u00a0: des barrages d\u2019agriculteurs pr\u00e9vus sur la route de l\u2019Andorre<\/a>\n    <\/p>\n<p>\u00ab\u00a0Je vous appelle \u00e0 la plus grande vigilance\u00a0\u00bb<\/p>\n<p>Dans un communiqu\u00e9, le pr\u00e9sident de la Chambre d\u2019agriculture de Haute-Garonne, Christian Dequ\u00e9, a exprim\u00e9 son \u00ab\u00a0soutien aux \u00e9leveurs concern\u00e9s ainsi qu\u2019\u00e0 l\u2019ensemble de la profession\u00a0\u00bb\u00a0: \u00ab\u00a0Je vous appelle \u00e0 la plus grande vigilance\u00a0\u00bb, \u00e9crit-il, en insistant sur la n\u00e9cessit\u00e9 de respecter \u00ab\u00a0strictement les mesures de bios\u00e9curit\u00e9\u00a0\u00bb et de faire vacciner les animaux sans d\u00e9lai pour limiter la propagation de la maladie.<\/p>\n<p>Alors que grandit la pol\u00e9mique sur l\u2019abattage des cheptels lors d\u2019un cas de DNC, le pr\u00e9sident de la Chambre d\u2019agriculture estime que d\u2019autres pistes doivent \u00eatre explor\u00e9es pour \u00e9viter des drames au sein des exploitations.<\/p>\n<p>\u00ab\u00a0Nous demandons une r\u00e9flexion\u00a0\u00bb<\/p>\n<p>\u00ab\u00a0Nous avons conscience que certains d\u2019entre vous perdent confiance face au protocole en vigueur, explique Christian D\u00e9qu\u00e9. Nous entendons ces interrogations et partageons le besoin l\u00e9gitime d\u2019\u00e9valuer son efficacit\u00e9. C\u2019est pourquoi, nous demandons une r\u00e9flexion et une exp\u00e9rimentation d\u2019un protocole d\u2019all\u00e8gement des euthanasies dans les \u00e9levages prenant en compte les risques de propagation de la maladie (animaux en b\u00e2timent, baisse de la pression des insectes piqueurs, vaccination des autres bovins en contact\u2026)\u00a0\u00bb.<\/p>\n<p>Des r\u00e9unions d\u2019information sur la maladie bovine seront organis\u00e9es, la semaine prochaine, annonce la Chambre d\u2019agriculture.<\/p>\n<p>Un arr\u00eat\u00e9 pr\u00e9fectoral de d\u00e9claration d\u2019infection<\/p>\n<p>\u00ab\u00a0Un arr\u00eat\u00e9 pr\u00e9fectoral de d\u00e9claration d\u2019infection (APDI) a \u00e9t\u00e9 pris vendredi 12\u00a0d\u00e9cembre 2025, permettant le d\u00e9ploiement des mesures pour contenir et limiter la propagation de la maladie. Cet arr\u00eat\u00e9 pr\u00e9voit notamment le d\u00e9peuplement de l\u2019unit\u00e9 de bovins dans laquelle la pr\u00e9sence de la DNC a \u00e9t\u00e9 confirm\u00e9e, conform\u00e9ment \u00e0 la r\u00e9glementation en vigueur qui prescrit le d\u00e9peuplement de l\u2019ensemble des troupeaux infect\u00e9s et l\u2019instauration de zones r\u00e9glement\u00e9es autour des foyers afin d\u2019enrayer la propagation de la maladie\u00a0\u00bb, indique la pr\u00e9fecture de la Haute-Garonne.<\/p>\n<p>\u00ab\u00a0L\u2019objectif est clair\u00a0: \u00e9radiquer la maladie\u00a0\u00bb<\/p>\n<p>Les services de l\u2019\u00c9tat rappellent que \u00ab\u00a0l\u2019objectif est clair\u00a0: emp\u00eacher que la maladie ne se propage, et l\u2019\u00e9radiquer.\u00a0Tout le territoire de la Haute-Garonne est d\u00e9sormais int\u00e9gr\u00e9 \u00e0 la zone vaccinale \u00e9largie, mise en place sur d\u00e9cision du minist\u00e8re charg\u00e9 de l\u2019agriculture. Les mesures appliqu\u00e9es dans cette zone incluent\u00a0: la vaccination obligatoire de tous les bovins, int\u00e9gralement prise en charge par l\u2019\u00c9tat et\u00a0l\u2019interdiction de toute sortie de bovin de la zone vaccinale, sauf vers un abattoir\u00a0\u00bb.<\/p>\n<p>De son c\u00f4t\u00e9, le pr\u00e9sident du conseil d\u00e9partemental de la Haute-Garonne S\u00e9bastien Vincini a interpell\u00e9 la ministre de l\u2019Agriculture, consid\u00e9rant que \u00ab\u00a0plus de 1\u00a0400 \u00e9leveurs et pr\u00e8s de 80\u00a0000 bovins sont concern\u00e9s dans le d\u00e9partement par les mesures mises en place pour contenir l\u2019\u00e9pizootie\u00a0\u00bb.<\/p>\n","protected":false},"excerpt":{"rendered":"l&rsquo;essentiel Un cas de dermatose nodulaire contagieuse (DNC) a \u00e9t\u00e9 d\u00e9tect\u00e9, vendredi 12\u00a0d\u00e9cembre, dans un \u00e9levage sur le&hellip;\n","protected":false},"author":2,"featured_media":595466,"comment_status":"","ping_status":"","sticky":false,"template":"","format":"standard","meta":{"footnotes":""},"categories":[2],"tags":[11,327,70814,33,1011,27,2722,12,2312],"class_list":{"0":"post-595465","1":"post","2":"type-post","3":"status-publish","4":"format-standard","5":"has-post-thumbnail","7":"category-actualites","8":"tag-actualites","9":"tag-agriculture","10":"tag-dermatose-nodulaire","11":"tag-economie","12":"tag-fr","13":"tag-france","14":"tag-haute-garonne","15":"tag-news","16":"tag-toulouse"},"share_on_mastodon":{"url":"https:\/\/pubeurope.com\/@fr\/115708200672561911","error":""},"_links":{"self":[{"href":"https:\/\/www.europesays.com\/fr\/wp-json\/wp\/v2\/posts\/595465","targetHints":{"allow":["GET"]}}],"collection":[{"href":"https:\/\/www.europesays.com\/fr\/wp-json\/wp\/v2\/posts"}],"about":[{"href":"https:\/\/www.europesays.com\/fr\/wp-json\/wp\/v2\/types\/post"}],"author":[{"embeddable":true,"href":"https:\/\/www.europesays.com\/fr\/wp-json\/wp\/v2\/users\/2"}],"replies":[{"embeddable":true,"href":"https:\/\/www.europesays.com\/fr\/wp-json\/wp\/v2\/comments?post=595465"}],"version-history":[{"count":0,"href":"https:\/\/www.europesays.com\/fr\/wp-json\/wp\/v2\/posts\/595465\/revisions"}],"wp:featuredmedia":[{"embeddable":true,"href":"https:\/\/www.europesays.com\/fr\/wp-json\/wp\/v2\/media\/595466"}],"wp:attachment":[{"href":"https:\/\/www.europesays.com\/fr\/wp-json\/wp\/v2\/media?parent=595465"}],"wp:term":[{"taxonomy":"category","embeddable":true,"href":"https:\/\/www.europesays.com\/fr\/wp-json\/wp\/v2\/categories?post=595465"},{"taxonomy":"post_tag","embeddable":true,"href":"https:\/\/www.europesays.com\/fr\/wp-json\/wp\/v2\/tags?post=595465"}],"curies":[{"name":"wp","href":"https:\/\/api.w.org\/{rel}","templated":true}]}}