{"id":595467,"date":"2025-12-12T19:16:15","date_gmt":"2025-12-12T19:16:15","guid":{"rendered":"https:\/\/www.europesays.com\/fr\/595467\/"},"modified":"2025-12-12T19:16:15","modified_gmt":"2025-12-12T19:16:15","slug":"jean-luc-degraix-a-saint-chamond-le-centre-ville-est-la-priorite-absolue","status":"publish","type":"post","link":"https:\/\/www.europesays.com\/fr\/595467\/","title":{"rendered":"Jean-Luc Degraix\u00a0: \u00ab A Saint-Chamond, le centre-ville est la priorit\u00e9 absolue\u00a0\u00bb\u00a0"},"content":{"rendered":"<p class=\"is-style-chapo\">Apr\u00e8s l\u2019union constitu\u00e9e par la <a href=\"https:\/\/www.if-saint-etienne.fr\/politique-societe\/municipales-2026-a-saint-chamond-lunion-de-la-gauche-ferme-et-complete\" target=\"_blank\" rel=\"noreferrer noopener\">gauche<\/a> puis les listes annonc\u00e9es par le maire sortant Axel <a href=\"https:\/\/www.if-saint-etienne.fr\/politique\/municipales-2026\/municipales-2026-a-saint-chamond-le-maire-axel-dugua-sera-officiellement-candidat\" target=\"_blank\" rel=\"noreferrer noopener\">Dugua<\/a> et Isabelle <a href=\"https:\/\/www.if-saint-etienne.fr\/politique\/municipales-2026\/a-saint-chamond-isabelle-surply-remettra-le-couvert-pour-lextreme-droite\" target=\"_blank\" rel=\"noreferrer noopener\">Surply<\/a>, nous poursuivons le tour des candidatures de Saint-Chamond, 2e ville de la m\u00e9tropole. Adjoint de la majorit\u00e9 de droite d\u2019Herv\u00e9 Reynaud de 2014 \u00e0 2024, Jean-Luc Degraix\u00a0a quitt\u00e9 cette derni\u00e8re \u00e0 la suite d\u2019une situation conflictuelle pour lancer une liste DVD \u2013 Agir pour les Saint-Chamonais \u2013 et proposer son propre projet aux couramiauds. \u00a0\u00a0<\/p>\n<p><img fetchpriority=\"high\" decoding=\"async\" width=\"1024\" height=\"576\" src=\"https:\/\/www.europesays.com\/fr\/wp-content\/uploads\/2025\/12\/IMG_38561g-1024x576.jpg\" alt=\"\" class=\"wp-image-81378\"  \/>La liste men\u00e9e par Jean-Luc Degraix est pr\u00eate depuis la fin de l\u2019\u00e9t\u00e9. Photo transmise par \u00ab\u00a0Agir pour les Saint-Chamonais\u00a0\u00bb<\/p>\n<p>Rediffusion de match \u00e0 Saint-Chamond\u00a0? Oui et non. Certes, la droite et le centre droit partiront divis\u00e9s en 2026 laissant des chances a priori s\u00e9rieuses \u00e0 la gauche, unie comme jamais, de l\u2019emporter. Mais en <a href=\"https:\/\/www.archives-resultats-elections.interieur.gouv.fr\/resultats\/municipales_2008\/042\/042207.php\" target=\"_blank\" rel=\"noreferrer noopener\">2008<\/a>, l\u2019extr\u00eame droite \u00e9tait absente du 1er tour. Or, rappelons le encore une fois : aux <a href=\"https:\/\/www.vie-publique.fr\/elections-municipales\" target=\"_blank\" rel=\"noreferrer noopener\">Municipales<\/a>, il suffit de 10 % des votants pour \u00eatre du second. L\u2019abstention hors-jeu, triangulaires voire quadrangulaires sont \u00e0 pr\u00e9voir pour le 2e round\u2026 Premier candidat d\u00e9clar\u00e9 \u00e0 Saint-Chamond, d\u00e8s avril pour \u00ab\u00a0clarifier la situation\u00a0\u00bb, Jean-Luc Degraix dit en avoir conscience toute en se d\u00e9fendant d\u2019\u00eatre en lice pour r\u00e9gler des comptes\u00a0:<\/p>\n<p>\u00ab\u00a0Je ne fais pas une campagne contre mais pour. J\u2019ai un projet pour Saint-Chamond propre \u00e0 nous pour que cette ville aille dans le bon sens. Je n\u2019ai pas d\u2019autre ambition. Je m\u2019engage \u00e0 ne rien briguer d\u2019autre et ne souhaite pas mener une carri\u00e8re politique au-del\u00e0 de la mairie. Si les Saint-Chamonais n\u2019en veulent pas, j\u2019arr\u00eaterai l\u00e0.\u00a0\u00bb Saint-Chamonais, J.-L. Degraix, 55 ans, p\u00e8re de 2 enfants, prof d\u2019histoire-g\u00e9o depuis 2001 au lyc\u00e9e Claude-Lebois l\u2019est depuis toujours\u00a0: il est originaire du centre-ville et est revenu y habiter apr\u00e8s une parenth\u00e8se de quelques ans, \u00e9tudes et d\u00e9but de carri\u00e8re obligeaient. Les affaires publiques ? \u00ab\u00a0Cet engagement est venu dans la foul\u00e9e de mon attachement aux valeurs de la R\u00e9publique, sans doute la dimension \u00e9ducation civique de mon enseignement\u2026\u00a0\u00bb \u00a0<\/p>\n<p>\u00ab\u00a0Depuis le second mandat, on patauge\u00a0\u00bb\u00a0<\/p>\n<p>Premi\u00e8re entr\u00e9e au conseil municipal en 2009, dans l\u2019opposition men\u00e9e par le futur maire LR Herv\u00e9 Reynaud, h\u00e9ritier de G\u00e9rard Ducarre. \u00ab\u00a0LR\u00a0\u00bb, J.-L. Degraix l\u2019a \u00e9t\u00e9. Il ne l\u2019est plus mais \u00ab\u00a0oui, on ne se cache pas\u00a0: c\u2019est une candidature de droite et centre droit. Estampiller la liste DVD (\u00ab\u00a0Divers droite\u00a0\u00bb) ne sera pas usurp\u00e9 m\u00eame si des gens n\u2019ont aucune filiation de parti et que nous sommes ouverts.\u00a0\u00bb Liste aux 39 noms complets depuis l\u2019\u00e9t\u00e9,\u00a0indique-t-il lors de cet entretien fin novembre. S\u2019y retrouvent des personnalit\u00e9s et comp\u00e9tences \u00ab\u00a0vari\u00e9es\u00a0\u00bb\u00a0: responsables associatifs, commer\u00e7ant, cadre d\u2019entreprise\u2026 Des St\u00e9phanie Calaciura, Michelle Duvernay, Jean-Luc Bouchacourt, Jean-Paul Rivat et derni\u00e8rement Jean-Marc Laval, aussi, tous \u00ab\u00a0ex\u00a0\u00bb adjoints et conseillers de la mairie partis volontairement ou mis \u00e0 la porte par anticipation apr\u00e8s des mois de tension au sein de la majorit\u00e9.<\/p>\n<p>Les suites du conflit Dugua \/ Degraix issu de la <a href=\"https:\/\/www.if-saint-etienne.fr\/politique\/succession-a-saint-chamond-ce-sera-bien-axel-dugua\" target=\"_blank\" rel=\"noreferrer noopener\">succession<\/a> d\u2019Herv\u00e9 Reynaud qui, \u00e9lu s\u00e9nateur, avait accord\u00e9 ses faveurs \u00e0 l\u2019adjoint aux sports plut\u00f4t qu\u2019\u00e0 celui \u00e0 l\u2019urbanisme \u00e0 l\u2019automne 2023. Opposant depuis l\u2019\u00e9t\u00e9 2024, J.-L. Degraix a cependant \u00e9t\u00e9 \u00e9lu avant cette rupture \u00e0 la vice-pr\u00e9sidence aux grands \u00e9quipements de Saint-Etienne M\u00e9tropole. Et n\u2019en d\u00e9mord pas\u00a0: \u00ab\u00a0Le Covid comme partout d\u2019abord puis ensuite, cette histoire ont paralys\u00e9 le 2e mandat. Tout ne sera jamais parfait mais ce qui a \u00e9t\u00e9 r\u00e9alis\u00e9 de 2014\/2020 allait dans le bon sens. Depuis, on patauge.\u00a0La requalification en profondeur du centre-ville de Saint-Chamond est la priorit\u00e9 absolue. Elle a \u00e9t\u00e9 malheureusement d\u00e9cal\u00e9e mais il faut en avoir le courage\u2026 \u00bb Pour Jean-Luc Degraix, Saint-Chamond g\u00e2che ses chances, ses atouts \u2013 \u00e0 commencer par sa situation g\u00e9ographique \u2013 \u00e0 trop attendre. \u00ab\u00a0Nous avons besoin de retrouver un centre-ville qui fait envie. Sa mauvaise image cache tout ce qui va bien ici.\u00a0Vis-\u00e0-vis de l\u2019ext\u00e9rieur mais aussi de tous ces Saint-Chamonais qui ont perdu l\u2019envie de le fr\u00e9quenter. \u00bb<\/p>\n<p>C\u00f4t\u00e9 commerces<\/p>\n<p>Rien, promet il, ne se fera sans concertations \u2013 une <a href=\"https:\/\/www.jean-lucdegraix.com\/questionnaire\" target=\"_blank\" rel=\"noreferrer noopener\">consultation<\/a> citoyenne effectu\u00e9e en juin \u00e0 laquelle ont r\u00e9pondu plusieurs centaines de personnes est pr\u00e9sent\u00e9e comme base du programme \u2013 dans un contexte \u00e9conomique et commercial aussi tendu. A propos du centre, il fait r\u00e9f\u00e9rence, donc, \u00e0 61 % d\u2019habitants r\u00e9pondant indiquant ne jamais y mettre les pieds. Pour l\u2019ex adjoint \u00e0 l\u2019urbanisme, il convient d\u2019ouvrir, v\u00e9g\u00e9taliser, d\u2019affr\u00e9ter des navettes \u00e9lectriques gratuites pour raccorder l\u2019hyper centre \u00e0 Novaci\u00e9ries et autres zones proches. Ou encore de refaire l\u2019ensemble place \/ Dorian \/ square Gauthier \/ Rond-point des Rencontres, le tout \u00e9tant trop vieillissant et obsol\u00e8te quant \u00e0 leur fonctionnalit\u00e9 pour aider ce centre. Evidemment, \u00ab\u00a0il faut aussi agir sur le logement mais cela passe par notre existence \u00e0 M\u00e9tropole dans ses programmes. Au niveau commercial, je constate aussi que le droit de pr\u00e9emption, un bon moyen d\u2019agir, est d\u00e9laiss\u00e9\u00a0\u00bb.<\/p>\n<p>C\u00f4t\u00e9 commerces, Agir pour les Saint-Chamonais aimerait imposer un cahier des charges sur une zone r\u00e9serv\u00e9e du march\u00e9 de la place de la Libert\u00e9 afin d\u2019am\u00e9liorer sa qualit\u00e9. Le projet parle aussi de faire d\u2019un march\u00e9 couvert, une halle le b\u00e2timent en briques de Lathuilli\u00e8re \u00e0 c\u00f4t\u00e9 de ces b\u00e2timents appel\u00e9s \u00e0 \u00eatre <a href=\"https:\/\/www.if-saint-etienne.fr\/politique-societe\/devant-novacieries-la-dup-est-declaree\" target=\"_blank\" rel=\"noreferrer noopener\">ras\u00e9s<\/a> devant le Hall in One. Ces ambitions n\u00e9cessitent aussi de maintenir les investissements \u00e0 une moyenne de 10 M\u20ac par an. Est-ce seulement possible alors que J.-L. Degraix conteste une trajectoire financi\u00e8re que son ex-majorit\u00e9 pr\u00e9sente comme toujours solide\u00a0? \u00ab\u00a0La dette est pass\u00e9e du 31\/12 2019 au 31\/12 2024 de 9 \u00e0 26 M\u20ac\u2026 Soit une capacit\u00e9 \u00e0 rembourser pass\u00e9e de 2,5 ans \u00e0 7,5 ans fin 2025, si l\u2019encours atteint bien les 30 M\u20ac comme attendu.\u00a0\u00bb<\/p>\n<p>C\u00f4t\u00e9 finances<\/p>\n<p><img loading=\"lazy\" decoding=\"async\" width=\"1024\" height=\"576\" src=\"https:\/\/www.europesays.com\/fr\/wp-content\/uploads\/2025\/12\/esign-IF-7-1-1024x576.png\" alt=\"\" class=\"wp-image-81380\"  \/>Jean-Luc Degraix lors de sa d\u00e9claration de candidature en avril. Photo transmise par \u00ab\u00a0Agir pour les Saint-Chamonais\u00a0\u00bb<\/p>\n<p>Alors, \u00ab\u00a0oui, pour pouvoir agir, des d\u00e9cisions courageuses doivent \u00eatre prises. Le projet de <a href=\"https:\/\/www.if-saint-etienne.fr\/politique-societe\/saint-chamond-une-sacree-cure-de-jouvence-pour-son-hotel-dieu\" target=\"_blank\" rel=\"noreferrer noopener\">l\u2019H\u00f4tel Dieu<\/a> doit \u00eatre stopp\u00e9\u00a0car beaucoup trop dispendieux vis-\u00e0-vis de ses objectifs de cr\u00e9er des salles pour les services municipaux ou les associations. Dans l\u2019id\u00e9al, ok mais y mettre 15 M\u20ac alors qu\u2019il y a tant d\u2019autres priorit\u00e9s. Il est encore temps d\u2019\u00e9conomiser pr\u00e8s de 10 M\u20ac sur cet investissement. Je pense aussi \u00e0 nos 250 b\u00e2timents communaux \u00e0 entretenir\u00a0: c\u2019est trop. On peut se d\u00e9gager des marges de man\u0153uvre l\u00e0-dessus, comme sur nos frais de fonctionnement. Il y a des achats qui manquent de rationalit\u00e9 au point d\u2019impacter r\u00e9ellement nos capacit\u00e9s.\u00a0\u00bb<\/p>\n<p>La s\u00e9curit\u00e9 n\u2019est \u00e9videmment pas absente des projections de Jean-Luc Degraix. L\u00e0 encore, la consultation indique que 62%\u00a0des Saint-Chamonais y ayant r\u00e9pondu ne se sentent pas en s\u00e9curit\u00e9 de jour comme de nuit (\u00ab\u00a0ins\u00e9curit\u00e9 place de la Libert\u00e9 surtout pour les femmes seules le soir\u00a0\u00bb, est-il mis en avant), que 90 %\u00a0consid\u00e8rent que les r\u00e8gles du code de la route sont de moins en moins respect\u00e9es (\u00ab\u00a0stop aux rod\u00e9os\u00a0\u00bb) et que 72 %\u00a0\u00a0ne se sentent pas toujours en s\u00e9curit\u00e9 lors de d\u00e9placements pi\u00e9tons (\u00ab\u00a0trop de trottinettes \u00e9lectriques dont la vitesse est excessive sur les trottoirs, dans les parcs et rue de la R\u00e9publique\u00a0\u00bb).<\/p>\n<p>Un Saint-Chamond jug\u00e9 fragment\u00e9<\/p>\n<p>\u00ab\u00a0Nous avons besoin d\u2019arr\u00eater de regarder ailleurs par peur de \u00ab\u00a0faire de vagues\u00a0\u00bb. \u00c7a ne veut pas dire r\u00e9pression \u00e0 tout va. Mais d\u00e9j\u00e0, cr\u00e9ons une brigade de la police municipale sp\u00e9cialement affect\u00e9e au centre-ville, de nettoyage aussi, et qui circule, d\u00e9montre que tout n\u2019est pas permis pour vivre ensemble. Accordons leur les moyens d\u2019agir\u00a0! Il y a le plus grave\u00a0: ces trafics \u00e0 la  vue de tous qui doivent \u00eatre arr\u00eat\u00e9s mais ayons, aussi, le courage d\u2019aller voir les parents des gamins qui tra\u00eenent la nuit. Ce n\u2019est pas forc\u00e9ment tr\u00e8s m\u00e9chant \u00e0 chaque fois mais ne serait-ce que laisser des enfants jouer \u00e0 2 h du matin l\u2019\u00e9t\u00e9 au ballon en plein centre-ville, pour le cadre de vie, la tranquillit\u00e9\u2026 Et c\u2019est ancrer de tr\u00e8s mauvaises habitudes.\u00a0\u00bb<\/p>\n<blockquote class=\"wp-block-quote is-layout-flow wp-block-quote-is-layout-flow\">\n<p>La s\u00e9curit\u00e9 ? Nous avons besoin d\u2019arr\u00eater de regarder ailleurs par peur de \u00ab\u00a0faire des vagues\u00a0\u00bb.<\/p>\n<\/blockquote>\n<p>Le centre-ville, la s\u00e9curit\u00e9 en g\u00e9n\u00e9ral n\u2019occupent pas toutes les ambitions de la liste\u00a0en faveur de <a href=\"https:\/\/www.if-saint-etienne.fr\/economie\/saint-etienne-metropole-ne-fera-pas-du-amazon-avec-stelytec-ii\" target=\"_blank\" rel=\"noreferrer noopener\">Stelytec II<\/a> pour ce qui est de l\u2019\u00e9conomie, d\u2019un am\u00e9nagement apaisant et esth\u00e9tique flanqu\u00e9 d\u2019une voie verte, ce qui doit se n\u00e9gocier avec L\u2019Horme l\u00e0 aussi donc, de la sortie est de la ville, ancien morceau de l\u2019A47 rejoignant le trac\u00e9 actuel. J.-L. Degraix souhaite encore cr\u00e9er un nouveau lieu de vie, d\u2019activit\u00e9s pour les ados, un poste d\u2019adjoint \u00e0 l\u2019\u00e9ducation qui manque \u00e0 ses yeux, revoir l\u2019accessibilit\u00e9 dans les rues, recoudre l\u2019ensemble de Saint-Chamond, qu\u2019il consid\u00e8re fragment\u00e9 en communaut\u00e9s, lieux de vie partageant de moins en moins un destin commun.<\/p>\n<p>Bref, c\u2019est contre une \u00ab\u00a0impression\u00a0\u00bb \u2013 une r\u00e9alit\u00e9\u00a0? \u2013 g\u00e9n\u00e9rale de \u00ab\u00a0d\u00e9clin\u00a0\u00bb que Jean-Luc Degraix dit vouloir lutter. Et effectivement, toute nouvelle rediffusion pourrait d\u00e9sormais plus que dramatiquement lasser.<\/p>\n","protected":false},"excerpt":{"rendered":"Apr\u00e8s l\u2019union constitu\u00e9e par la gauche puis les listes annonc\u00e9es par le maire sortant Axel Dugua et Isabelle&hellip;\n","protected":false},"author":2,"featured_media":595468,"comment_status":"","ping_status":"","sticky":false,"template":"","format":"standard","meta":{"footnotes":""},"categories":[9653],"tags":[1111,11,2430,15916,4188,2761,1777,674,1011,27,70815,70816,70817,12,25,4001,20803],"class_list":{"0":"post-595467","1":"post","2":"type-post","3":"status-publish","4":"format-standard","5":"has-post-thumbnail","7":"category-saint-etienne","8":"tag-actu","9":"tag-actualites","10":"tag-auvergne-rhone-alpes","11":"tag-electif","12":"tag-elections-municipales","13":"tag-elections-municipales-2026","14":"tag-eu","15":"tag-europe","16":"tag-fr","17":"tag-france","18":"tag-jean-luc-degraix","19":"tag-liste-agir-pour-les-saint-chamonais","20":"tag-mairie-de-saint-chamond","21":"tag-news","22":"tag-republique-francaise","23":"tag-saint-etienne","24":"tag-ville-de-saint-chamond"},"share_on_mastodon":{"url":"https:\/\/pubeurope.com\/@fr\/115708205421756823","error":""},"_links":{"self":[{"href":"https:\/\/www.europesays.com\/fr\/wp-json\/wp\/v2\/posts\/595467","targetHints":{"allow":["GET"]}}],"collection":[{"href":"https:\/\/www.europesays.com\/fr\/wp-json\/wp\/v2\/posts"}],"about":[{"href":"https:\/\/www.europesays.com\/fr\/wp-json\/wp\/v2\/types\/post"}],"author":[{"embeddable":true,"href":"https:\/\/www.europesays.com\/fr\/wp-json\/wp\/v2\/users\/2"}],"replies":[{"embeddable":true,"href":"https:\/\/www.europesays.com\/fr\/wp-json\/wp\/v2\/comments?post=595467"}],"version-history":[{"count":0,"href":"https:\/\/www.europesays.com\/fr\/wp-json\/wp\/v2\/posts\/595467\/revisions"}],"wp:featuredmedia":[{"embeddable":true,"href":"https:\/\/www.europesays.com\/fr\/wp-json\/wp\/v2\/media\/595468"}],"wp:attachment":[{"href":"https:\/\/www.europesays.com\/fr\/wp-json\/wp\/v2\/media?parent=595467"}],"wp:term":[{"taxonomy":"category","embeddable":true,"href":"https:\/\/www.europesays.com\/fr\/wp-json\/wp\/v2\/categories?post=595467"},{"taxonomy":"post_tag","embeddable":true,"href":"https:\/\/www.europesays.com\/fr\/wp-json\/wp\/v2\/tags?post=595467"}],"curies":[{"name":"wp","href":"https:\/\/api.w.org\/{rel}","templated":true}]}}