{"id":595470,"date":"2025-12-12T19:18:17","date_gmt":"2025-12-12T19:18:17","guid":{"rendered":"https:\/\/www.europesays.com\/fr\/595470\/"},"modified":"2025-12-12T19:18:17","modified_gmt":"2025-12-12T19:18:17","slug":"nous-avons-vecu-un-moment-magique-en-france","status":"publish","type":"post","link":"https:\/\/www.europesays.com\/fr\/595470\/","title":{"rendered":"\u00ab Nous avons v\u00e9cu un moment magique en France \u00bb"},"content":{"rendered":"<p><strong>Nathan, vous avez rejoint Worlds Apart en 1994. En 1996, votre succ\u00e8s en France \u00e9tait total. Comment avez-vous v\u00e9cu cette ascension incroyable ?<\/strong><\/p>\n<p>\u00ab Nous avons \u00e9t\u00e9 tr\u00e8s chanceux. Nous sommes arriv\u00e9s au moment parfait. Je ne pense pas qu\u2019il y avait un groupe comme <a href=\"https:\/\/www.estrepublicain.fr\/culture-loisirs\/2025\/08\/10\/stars-80-heritage-goldman-i-gotta-feeling-ces-concerts-qui-ravivent-la-nostalgie\" target=\"_blank\" rel=\"noopener\">Worlds Apart<\/a> en France alors. Au Royaume-Uni, il y avait beaucoup de boys bands, mais nous, nous sommes arriv\u00e9s avec la bonne chanson. Baby Come Back \u00e9tait tr\u00e8s entra\u00eenant. Notre look, la chor\u00e9graphie, l\u2019\u00e9nergie\u2026 C\u2019\u00e9tait le bon alignement de plan\u00e8tes. Mais c\u2019\u00e9tait aussi beaucoup de chance. Nous avions en France un homme, J\u00e9r\u00f4me Favier, qui travaillait pour EMI. Il m\u2019a dit : Je peux faire de vous un succ\u00e8s en France. Je vais amener des journalistes. Il les a emmen\u00e9s en Allemagne pour un show, et \u00e0 partir de l\u00e0, tout a d\u00e9marr\u00e9. \u00bb <\/p>\n<p><strong>Une de vos particularit\u00e9s, a \u00e9t\u00e9 de chanter \u00ab Je Te Donne \u00bb en fran\u00e7ais. Comment cette id\u00e9e est-elle n\u00e9e ?<\/strong><\/p>\n<p>\u00ab C\u2019est \u00e9galement J\u00e9r\u00f4me Favier qui nous a propos\u00e9 l\u2019id\u00e9e, juste apr\u00e8s Baby Come Back. Il nous a dit : Il y a cette chanson classique, je veux que vous en fassiez une version pop-dance. Nous ne comprenions rien au fran\u00e7ais ! Les gens non plus peut-\u00eatre (rires), mais ils adoraient notre accent. C\u2019\u00e9tait charmant. Et encore une fois, un moment magique. Des Anglais chantant du Goldman\u2026 C\u2019\u00e9tait diff\u00e9rent. Et c\u2019est devenu un \u00e9norme atout pour nous aupr\u00e8s des fans. \u00bb<\/p>\n<p><strong>Cette p\u00e9riode semblait folle : \u00ab Baby Come Back \u00bb se classant tout de suite num\u00e9ro 3, l\u2019album \u00ab Everybody \u00bb num\u00e9ro 1, les concerts complets\u2026<\/strong><\/p>\n<p>\u00ab C\u2019\u00e9tait incroyable. Partout o\u00f9 nous allions, il y avait des milliers de fans. Chaque radio, chaque magazine, chaque \u00e9mission t\u00e9l\u00e9. \u00c0 l\u2019a\u00e9roport, nous \u00e9tions sur toutes les couvertures. C\u2019\u00e9tait une exp\u00e9rience incroyable. Il n\u2019y avait pas Internet. Il fallait aller partout : radios, t\u00e9l\u00e9s &#8211; chez Charly et Lulu notamment -, s\u00e9ances photos\u2026 Nous travaillions jour et nuit. Pour des jeunes, c\u2019\u00e9tait merveilleux. \u00bb<\/p>\n<p>  \u00ab Les boys bands ont tu\u00e9 notre propre succ\u00e8s \u00bb<\/p>\n<p><strong>Vous \u00e9tiez les pionniers du ph\u00e9nom\u00e8ne boys band. Comment avez-vous v\u00e9cu l\u2019arriv\u00e9e des autres groupes ?<\/strong><\/p>\n<p>\u00ab Nous savions que cela allait arriver. M\u00eame EMI, notre label, a cr\u00e9\u00e9 2Be3. Au d\u00e9but, \u00e7a allait\u2026 Puis le probl\u00e8me est arriv\u00e9. Les m\u00e9dias et radios se sont retourn\u00e9s contre <a href=\"https:\/\/www.estrepublicain.fr\/culture-loisirs\/2025\/08\/09\/vingt-cinq-ans-que-je-n-ai-fait-que-ca-ces-stars-presque-oubliees-qui-remplissent-a-nouveau-des-grandes-salles\" target=\"_blank\" rel=\"noopener\"> les boys bands<\/a> , expliquant qu\u2019il n\u2019y avait pas de vrai talent et que c\u2019\u00e9tait trop marketing. Et nous avons \u00e9t\u00e9 mis dans le m\u00eame panier que G-Squad, Alliage, 2Be3\u2026 Ils disaient : D\u00e9sol\u00e9, on ne joue plus vos titres. \u00c7a a \u00e9t\u00e9 d\u00e9vastateur. Les fans nous demandaient : Pourquoi on ne vous entend plus ? Nous r\u00e9pondions : On a un nouveau single ! Mais personne ne l\u2019entendait. Oui, les boys band ont tu\u00e9 notre propre succ\u00e8s. Et \u00e7a a vraiment men\u00e9 \u00e0 la fin du groupe. \u00bb<\/p>\n<p>  Apr\u00e8s Worlds Apart : \u00ab Il fallait retrouver une vie \u00bb<\/p>\n<p><strong>L\u2019arr\u00eat du succ\u00e8s a-t-il \u00e9t\u00e9 difficile pour vous ?<\/strong><\/p>\n<p>\u00ab Oui. Mais apr\u00e8s sept ans, nous savions que \u00e7a devait s\u2019arr\u00eater. La vie dans Worlds Apart \u00e9tait trop folle pour construire une vie personnelle. Steve est parti en Am\u00e9rique. Cal aussi. Moi, j\u2019ai rencontr\u00e9 ma femme, j\u2019ai eu un fils, Nico. Je vis dans le nord de l\u2019Angleterre. J\u2019ai commenc\u00e9 \u00e0 manager des artistes. C\u2019\u00e9tait important de redescendre, de se retrouver. \u00bb<\/p>\n<p><strong>On vous a effectivement vu manager le groupe fran\u00e7ais Mademoiselle\u2026<\/strong><\/p>\n<p>\u00ab Exact et j\u2019ai beaucoup appr\u00e9ci\u00e9. J\u2019ai pu leur d\u00e9crocher un deal au Royaume-Uni. Mais il y avait toujours une petite voix en moi qui disait : Ce serait bien d\u2019\u00eatre encore sur sc\u00e8ne \u2026 Difficile de l\u00e2cher compl\u00e8tement. \u00bb<\/p>\n<p><strong>En 2006, vous \u00eates alors retourn\u00e9s en studio\u2026<\/strong><\/p>\n<p>\u00ab Oui mais c\u2019\u00e9tait trop t\u00f4t. Rien ne fonctionnait vraiment. Aujourd\u2019hui, nous faisons enfin de la nouvelle musique avec Steve. En octobre, nous pr\u00e9senterons des nouveaux titres. Apr\u00e8s 30 ans, le public semble vraiment vouloir nous revoir. Le Trianon et la Cigale se sont vendus en 10 minutes. Pour <a href=\"https:\/\/www.estrepublicain.fr\/pour-sortir\/loisirs\/Concert-musique\/Chanson-variete\/Lorraine\/Meurthe-et-moselle\/Ludres\/2026\/10\/03\/Worlds-apart-30th-anniversary\" target=\"_blank\" rel=\"noopener\">Nancy aussi, les ventes sont excellentes<\/a>. On a h\u00e2te ! \u00bb<\/p>\n<p>  \u00ab Quand le public chante avec nous, c\u2019est magique \u00bb<\/p>\n<p><strong>On sent que vous \u00eates heureux de vivre et revivre tout cela\u2026<\/strong><\/p>\n<p>\u00ab C\u2019est incroyable. Sur la tourn\u00e9e, j\u2019ai un bon ressenti. Quand on chante Baby Come Back ou Everlasting Love  et que le public chante avec nous\u2026 C\u2019est tellement magique. Je savoure chaque instant. \u00bb<\/p>\n<p><strong>Qu\u2019est-ce que cela repr\u00e9sente, aujourd\u2019hui, de retravailler avec Cal et Steve ?<\/strong><\/p>\n<p>\u00ab Ce sont deux fr\u00e8res. Une famille. J\u2019ai aussi eu du succ\u00e8s dans les ann\u00e9es 80 avec le groupe Brother Beyond. Quand je fais des shows en solo au Royaume-Uni, je suis seul. Avec Worlds Apart, je partage tout avec mes fr\u00e8res. C\u2019est pr\u00e9cieux. \u00bb<\/p>\n<p>  \u00ab Une vie incroyable \u00bb<\/p>\n<p><strong>Quel regard portez-vous sur ces 30 ann\u00e9es \u00e9coul\u00e9es ?<\/strong><\/p>\n<p>\u00ab Je me dis : Quelle vie incroyable. J\u2019ai jou\u00e9 dans l\u2019\u00e9mission de Jacques Martin en 1988, aux c\u00f4t\u00e9s de <a href=\"https:\/\/www.estrepublicain.fr\/p\/vanessa-paradis\" target=\"_blank\" rel=\"noopener\">Vanessa Paradis<\/a> qui chantait Joe le Taxi. Un photographe m\u2019a demand\u00e9 une photo avec moi. Et j\u2019ai fait une photo avec elle ! Trente-sept ans plus tard, j\u2019ai tourn\u00e9 une sc\u00e8ne avec elle et Laurent Lafitte dans <a href=\"https:\/\/www.youtube.com\/watch?v=WMoz645gSoU\" target=\"_blank\" rel=\"noopener\">le film de J\u00e9r\u00f4me Commandeur<\/a> , c\u2019est fou ! J\u2019ai rencontr\u00e9 <a href=\"https:\/\/www.estrepublicain.fr\/p\/brigitte-bardot\" target=\"_blank\" rel=\"noopener\">Brigitte Bardot<\/a>, <a href=\"https:\/\/www.estrepublicain.fr\/p\/alain-delon\" target=\"_blank\" rel=\"noopener\">Alain Delon<\/a>\u2026 Gr\u00e2ce \u00e0 <a href=\"https:\/\/www.estrepublicain.fr\/p\/michel-drucker\" target=\"_blank\" rel=\"noopener\">Michel Drucker<\/a>, toujours lui, j\u2019ai emmen\u00e9 mon p\u00e8re au foot lors de la Coupe du monde 1998, puis sur une \u00e9tape du Tour de France avec <a href=\"https:\/\/www.estrepublicain.fr\/p\/bernard-hinault\" target=\"_blank\" rel=\"noopener\">Bernard Hinault<\/a>, en buvant du champagne dans une voiture officielle. C\u2019\u00e9tait un r\u00eave pour lui. Tout cela gr\u00e2ce \u00e0 Worlds Apart ! Et si maintenant le public aime nos nouveaux titres, ce sera la cerise sur le g\u00e2teau. Mais quoi qu\u2019il arrive, j\u2019ai \u00e9t\u00e9 un homme chanceux. \u00bb<\/p>\n<p>        &#13;<br \/>\n          <a href=\"https:\/\/cdn-s-www.estrepublicain.fr\/images\/a92235a0-53fb-43bb-b46e-74229c83843b\/NW_raw\/les-boys-bands-ont-la-cote-en-septembre-dernier-franck-des-2be3-et-chris-g-squad-ont-enflamme-la-foire-nationale-de-verdun-photo-d-archives-jean-noel-portmann-1765566747.jpg\" title=\"Les boys bands ont la cote. En septembre dernier, Franck des 2be3 et Chris G-Squad ont enflamm\u00e9 la Foire nationale de Verdun.\u00a0 Photo d\u2019archives Jean-No\u00ebl Portmann\" class=\"chocolat-image GA-tracking\" data-ga_type=\"click\" data-ga_category=\"D\u00e9tail\" data-ga_action=\"zoomer\" data-ga_label=\"agrandir image\" target=\"_blank\" rel=\"noopener\">&#13;<br \/>\n            <img loading=\"lazy\" decoding=\"async\" src=\"https:\/\/www.europesays.com\/fr\/wp-content\/uploads\/2025\/12\/les-boys-bands-ont-la-cote-en-septembre-dernier-franck-des-2be3-et-chris-g-squad-ont-enflamme-la-foi.jpeg\" alt=\"Les boys bands ont la cote. En septembre dernier, Franck des 2be3 et Chris G-Squad ont enflamm\u00e9 la Foire nationale de Verdun.\u00a0 Photo d\u2019archives Jean-No\u00ebl Portmann\"\/>&#13;<br \/>\n          <\/a>&#13;<br \/>\n          &#13;<\/p>\n<p class=\"insetTitle\">Concerts dans le Grand Est : il n&rsquo;y en aura pas pour tout le monde !<\/p>\n<p>Les fans du boys band ne l\u2019attendaient plus. Certes, tous ont vu les deux dates parisiennes, en mai 2026, \u00e9merger, mais les places \u00e9tant parties \u00e0 la vitesse de l\u2019\u00e9clair, ils et elles s\u2019\u00e9taient fait une raison.<\/p>\n<p>Jusqu\u2019\u00e0 ce que l\u2019annonce fasse fr\u00e9mir les r\u00e9seaux sociaux, puisque c\u2019est l\u00e0 que tout se passe d\u00e9sormais, y compris pour les boys bands des ann\u00e9es 90. Nathan Moore, Steve Hart et Aaron \u00ab Cal \u00bb Cooper ont annonc\u00e9 d\u2019autres dates pour f\u00eater comme il se doit les 30 ans de Worlds Apart. Mais il s\u2019agit de dates en Province, cette fois, et une autre \u00e0 Bruxelles.<\/p>\n<p>Huit concerts \u00e9v\u00e9nements dont deux pr\u00e9vus dans le Grand Est. \u00c0 savoir du c\u00f4t\u00e9 de Nancy, pr\u00e9cis\u00e9ment \u00e0 l\u2019Espace Chaudeau \u00e0 Ludres, le samedi 3 octobre 2026 pour le coup d\u2019envoi de la s\u00e9rie de concerts, et en Alsace, non loin de Mulhouse, \u00e0 l\u2019Ed&amp;n de Sausheim, le mardi 13 octobre. Ouverte le 10 d\u00e9cembre, la billetterie s\u2019est rapidement affol\u00e9e. Ces deux concerts devraient rapidement afficher complet.<\/p>\n<p>Une cadence laissant esp\u00e9rer d\u2019autres dates ? Qui sait. Les nouveaux titres du groupe sont attendus \u00e0 la m\u00eame p\u00e9riode.<\/p>\n<p class=\"insetSignature\">Y.V.<\/p>\n","protected":false},"excerpt":{"rendered":"Nathan, vous avez rejoint Worlds Apart en 1994. En 1996, votre succ\u00e8s en France \u00e9tait total. Comment avez-vous&hellip;\n","protected":false},"author":2,"featured_media":595471,"comment_status":"","ping_status":"","sticky":false,"template":"","format":"standard","meta":{"footnotes":""},"categories":[9635],"tags":[1111,11,1687,1704,1777,674,107,1011,27,775,873,1702,1703,12,3456,25,273],"class_list":{"0":"post-595470","1":"post","2":"type-post","3":"status-publish","4":"format-standard","5":"has-post-thumbnail","7":"category-nancy","8":"tag-actu","9":"tag-actualites","10":"tag-culture-loisirs","11":"tag-edition-nancy-et-agglomeration","12":"tag-eu","13":"tag-europe","14":"tag-fil-info","15":"tag-fr","16":"tag-france","17":"tag-grand-est","18":"tag-musique","19":"tag-nancy","20":"tag-nancy-ville-54b","21":"tag-news","22":"tag-region-lorraine","23":"tag-republique-francaise","24":"tag-selection-de-la-redaction"},"share_on_mastodon":{"url":"https:\/\/pubeurope.com\/@fr\/115708213536702600","error":""},"_links":{"self":[{"href":"https:\/\/www.europesays.com\/fr\/wp-json\/wp\/v2\/posts\/595470","targetHints":{"allow":["GET"]}}],"collection":[{"href":"https:\/\/www.europesays.com\/fr\/wp-json\/wp\/v2\/posts"}],"about":[{"href":"https:\/\/www.europesays.com\/fr\/wp-json\/wp\/v2\/types\/post"}],"author":[{"embeddable":true,"href":"https:\/\/www.europesays.com\/fr\/wp-json\/wp\/v2\/users\/2"}],"replies":[{"embeddable":true,"href":"https:\/\/www.europesays.com\/fr\/wp-json\/wp\/v2\/comments?post=595470"}],"version-history":[{"count":0,"href":"https:\/\/www.europesays.com\/fr\/wp-json\/wp\/v2\/posts\/595470\/revisions"}],"wp:featuredmedia":[{"embeddable":true,"href":"https:\/\/www.europesays.com\/fr\/wp-json\/wp\/v2\/media\/595471"}],"wp:attachment":[{"href":"https:\/\/www.europesays.com\/fr\/wp-json\/wp\/v2\/media?parent=595470"}],"wp:term":[{"taxonomy":"category","embeddable":true,"href":"https:\/\/www.europesays.com\/fr\/wp-json\/wp\/v2\/categories?post=595470"},{"taxonomy":"post_tag","embeddable":true,"href":"https:\/\/www.europesays.com\/fr\/wp-json\/wp\/v2\/tags?post=595470"}],"curies":[{"name":"wp","href":"https:\/\/api.w.org\/{rel}","templated":true}]}}