{"id":595480,"date":"2025-12-12T19:23:26","date_gmt":"2025-12-12T19:23:26","guid":{"rendered":"https:\/\/www.europesays.com\/fr\/595480\/"},"modified":"2025-12-12T19:23:26","modified_gmt":"2025-12-12T19:23:26","slug":"grenoble-mhsc-christopher-jullien-de-retour-mais-khalil-fayad-absent-du-groupe-montpellierain-forfait-de-taille-cote-grenoblois","status":"publish","type":"post","link":"https:\/\/www.europesays.com\/fr\/595480\/","title":{"rendered":"Grenoble-MHSC\u00a0: Christopher Jullien de retour mais Khalil Fayad absent du groupe montpelli\u00e9rain, forfait de taille c\u00f4t\u00e9 grenoblois"},"content":{"rendered":"<p>\n                                                                Si le d\u00e9fenseur fait son retour de blessure apr\u00e8s quasiment un mois d\u2019absence, le milieu, lui, ne figure pas dans le groupe retenu par Zoumana Camara ce vendredi 12\u00a0d\u00e9cembre, avant le match \u00e0 Grenoble samedi (14\u00a0h).\n                            <\/p>\n<p>Khalil Fayad s\u2019est ajout\u00e9 \u00e0 la liste des absents du Montpellier H\u00e9rault SC. Alors que le forfait de Th\u00e9o Sainte-Luce avait \u00e9t\u00e9 act\u00e9 dans la semaine, celui du milieu s\u2019est confirm\u00e9 ce vendredi, avec son absence du groupe retenu par Zoumana Camara. Le coach h\u00e9raultais r\u00e9cup\u00e8re, en revanche, le d\u00e9fenseur central Christopher Jullien pour le d\u00e9placement \u00e0 Grenoble, samedi (14\u00a0h) lors de la 17e journ\u00e9e de Ligue 2.<\/p>\n<p>Jullien avait \u00e9t\u00e9 \u00e9loign\u00e9 des terrains \u00e0 cause d\u2019une torsion d\u2019un genou, contract\u00e9e lors du 7e tour de Coupe de France \u00e0 Agde (0-2), le 16\u00a0novembre. \u00ab\u00a0Il a fait sa semaine normalement et il va la compl\u00e9ter l\u00e0, donc il n\u2019y aura pas de soucis\u00a0\u00bb, <a href=\"https:\/\/www.midilibre.fr\/2025\/12\/11\/grenoble-mhsc-il-faut-retrouver-certaines-valeurs-qui-se-sont-un-peu-effilochees-estime-lentraineur-zoumana-camara-13104793.php\" target=\"_blank\" rel=\"noopener\">avait indiqu\u00e9 Zoumana Camara en conf\u00e9rence de presse jeudi<\/a>. Le technicien a joint le geste \u00e0 la parole en retenant l\u2019ex-d\u00e9fenseur du Celtic Glasgow dans le groupe appel\u00e9 pour d\u00e9fier le GF38.<\/p>\n<p>Fayad avait \u00e9t\u00e9 m\u00e9nag\u00e9 cette semaine<\/p>\n<p>Ce retour vient renforcer une d\u00e9fense priv\u00e9e de plusieurs \u00e9l\u00e9ments. \u00c0 l\u2019absence de Julien Laporte, touch\u00e9 aux adducteurs \u00e0 Reims (2-0) le 24\u00a0novembre, s\u2019est ajout\u00e9e celle de Th\u00e9o Sainte-Luce. Le lat\u00e9ral gauche avait quitt\u00e9 le terrain contre Pau (0-1), samedi dernier, touch\u00e9 aux ischios. \u00ab\u00a0J\u2019imagine qu\u2019il sera absent sur ces deux matches\u00a0\u00bb, samedi \u00e0 Grenoble puis le vendredi 19\u00a0d\u00e9cembre \u00e0 Canet (32es de finale de Coupe de France), a affirm\u00e9 Camara jeudi.<\/p>\n<p class=\"std-elt__inline\">\n        <strong>\u00c0 lire aussi :<\/strong><br \/>\n        <a href=\"https:\/\/www.midilibre.fr\/2025\/12\/09\/grenoble-mhsc-nathanael-mbuku-et-simon-ngapandouetnbu-seront-presents-pour-le-voyage-dans-les-alpes-13100326.php\" target=\"_blank\" rel=\"noopener\">Grenoble \u2013 MHSC. Nathana\u00ebl Mbuku et Simon Ngapandouetnbu seront pr\u00e9sents pour le voyage dans les Alpes<\/a>\n    <\/p>\n<p>Le technicien montpelli\u00e9rain doit enfin composer avec les forfaits d\u2019Ayanda Sishuba, lui aussi bless\u00e9 \u00e0 Reims, mais \u00e9galement de Khalil Fayad. Titularis\u00e9 contre Pau, le milieu avait c\u00e9d\u00e9 sa place \u00e0 la 74e minute, se plaignant d\u2019une cheville. <a href=\"https:\/\/www.midilibre.fr\/2025\/12\/09\/grenoble-mhsc-nathanael-mbuku-et-simon-ngapandouetnbu-seront-presents-pour-le-voyage-dans-les-alpes-13100326.php\" target=\"_blank\" rel=\"noopener\">Il avait \u00e9t\u00e9 m\u00e9nag\u00e9 mardi en raison d\u2019une douleur \u00e0 un orteil<\/a> et devait reprendre l\u2019entra\u00eenement mercredi. Son absence dans le groupe laisse \u00e0 penser qu\u2019il n\u2019\u00e9tait pas en capacit\u00e9 de tenir sa place.<\/p>\n<p>Diop, une tuile pour le GF38<\/p>\n<p>S\u2019il doit faire avec ces d\u00e9fections, le MHSC peut toutefois compter sur les pr\u00e9sences de Nathana\u00ebl Mbuku et Simon Ngapandouetnbu. Les internationaux congolais et camerounais avaient \u00e9t\u00e9 laiss\u00e9s libres de d\u00e9cider s\u2019ils rejoignaient ou non leur s\u00e9lection en vue de la Coupe d\u2019Afrique des Nations (21\u00a0d\u00e9cembre-18\u00a0janvier). Comme annonc\u00e9 cette semaine, l\u2019ailier et le gardien ont choisi de rester avec leur club pour disputer cette derni\u00e8re rencontre de l\u2019ann\u00e9e en L2 et de la phase aller.<\/p>\n<p>\u00c0 Grenoble, l\u2019entra\u00eeneur Franck Rizzetto, bien connu des supporters montpelli\u00e9rains, doit pour sa part faire face \u00e0 une absence de taille\u00a0: le gardien Mamadou Diop, auteur de plusieurs performances d\u00e9cisives cette saison, a d\u00fb renoncer apr\u00e8s la blessure subie lors du dernier match \u00e0 Nancy. Il sera \u00e0 nouveau suppl\u00e9\u00e9 ce samedi par sa doublure, Bobby Allain.<\/p>\n","protected":false},"excerpt":{"rendered":"Si le d\u00e9fenseur fait son retour de blessure apr\u00e8s quasiment un mois d\u2019absence, le milieu, lui, ne figure&hellip;\n","protected":false},"author":2,"featured_media":595481,"comment_status":"","ping_status":"","sticky":false,"template":"","format":"standard","meta":{"footnotes":""},"categories":[9599],"tags":[1111,11,1777,674,63,1011,27,7089,2208,12,2680,25,517],"class_list":{"0":"post-595480","1":"post","2":"type-post","3":"status-publish","4":"format-standard","5":"has-post-thumbnail","7":"category-montpellier","8":"tag-actu","9":"tag-actualites","10":"tag-eu","11":"tag-europe","12":"tag-football","13":"tag-fr","14":"tag-france","15":"tag-herault","16":"tag-montpellier","17":"tag-news","18":"tag-occitanie","19":"tag-republique-francaise","20":"tag-sport"},"share_on_mastodon":{"url":"https:\/\/pubeurope.com\/@fr\/115708231983022189","error":""},"_links":{"self":[{"href":"https:\/\/www.europesays.com\/fr\/wp-json\/wp\/v2\/posts\/595480","targetHints":{"allow":["GET"]}}],"collection":[{"href":"https:\/\/www.europesays.com\/fr\/wp-json\/wp\/v2\/posts"}],"about":[{"href":"https:\/\/www.europesays.com\/fr\/wp-json\/wp\/v2\/types\/post"}],"author":[{"embeddable":true,"href":"https:\/\/www.europesays.com\/fr\/wp-json\/wp\/v2\/users\/2"}],"replies":[{"embeddable":true,"href":"https:\/\/www.europesays.com\/fr\/wp-json\/wp\/v2\/comments?post=595480"}],"version-history":[{"count":0,"href":"https:\/\/www.europesays.com\/fr\/wp-json\/wp\/v2\/posts\/595480\/revisions"}],"wp:featuredmedia":[{"embeddable":true,"href":"https:\/\/www.europesays.com\/fr\/wp-json\/wp\/v2\/media\/595481"}],"wp:attachment":[{"href":"https:\/\/www.europesays.com\/fr\/wp-json\/wp\/v2\/media?parent=595480"}],"wp:term":[{"taxonomy":"category","embeddable":true,"href":"https:\/\/www.europesays.com\/fr\/wp-json\/wp\/v2\/categories?post=595480"},{"taxonomy":"post_tag","embeddable":true,"href":"https:\/\/www.europesays.com\/fr\/wp-json\/wp\/v2\/tags?post=595480"}],"curies":[{"name":"wp","href":"https:\/\/api.w.org\/{rel}","templated":true}]}}