{"id":595492,"date":"2025-12-12T19:30:29","date_gmt":"2025-12-12T19:30:29","guid":{"rendered":"https:\/\/www.europesays.com\/fr\/595492\/"},"modified":"2025-12-12T19:30:29","modified_gmt":"2025-12-12T19:30:29","slug":"cisaille-en-action-jury-en-visite-et-pieux-en-attente-des-nouvelles-de-la-destruction-du-parking","status":"publish","type":"post","link":"https:\/\/www.europesays.com\/fr\/595492\/","title":{"rendered":"Cisaille en action, jury en visite et pieux en attente\u00a0: des nouvelles de la destruction du parking"},"content":{"rendered":"<p>Rarement chantier rennais aura suscit\u00e9 autant de curiosit\u00e9. En t\u00e9moigne cette (petite) for\u00eat de cam\u00e9ras de t\u00e9l\u00e9vision qui entourait ce vendredi 12\u00a0d\u00e9cembre 2025 la maire socialiste de Rennes (Ille-et-Vilaine) Nathalie App\u00e9r\u00e9. Les m\u00e9dias nationaux venaient d\u00e9couvrir l\u2019avanc\u00e9e de la destruction du parking Vilaine, <a href=\"https:\/\/rennes.maville.com\/actu\/actudet_-demolition-du-parking-pont-flottant-a-rennes-3-ans-de-travaux-pour-se-reconnecter-a-la-vilaine-_52674-6842202_actu.Htm\" target=\"_self\" rel=\"noopener\">r\u00e9v\u00e9lant le fleuve coulant dessous<\/a>. Sept des trente membres du jury citoyen qui, en 2021, avait \u00e9t\u00e9 <a href=\"https:\/\/rennes.maville.com\/actu\/actudet_-en-images.-a-rennes-la-dalle-du-parking-vilaine-sera-detruite-le-fleuve-va-reapparaitre-_52674-5036237_actu.Htm\" target=\"_self\" rel=\"noopener\">charg\u00e9 d\u2019imaginer l\u2019avenir du site<\/a> \u00e9taient \u00e9galement convi\u00e9s.<\/p>\n<p>\t<img decoding=\"async\" src=\"https:\/\/www.europesays.com\/fr\/wp-content\/uploads\/2025\/12\/P35636450D7106866G_px_640_.jpg\" alt=\"photo le chantier vu du ciel ce vendredi 12\u00a0d\u00e9cembre 2025.  \u00a9  marc ollivier\/ouest-france\" width=\"640\" title=\" Le chantier vu du ciel ce vendredi 12\u00a0d\u00e9cembre 2025.   Marc Ollivier\/Ouest-France \"\/><\/p>\n<p class=\"elmt-legende\"> Le chantier vu du ciel ce vendredi 12\u00a0d\u00e9cembre 2025.   Marc Ollivier\/Ouest-France <\/p>\n<p>Une dalle d\u00e9truite \u00e0 11\u00a0%<\/p>\n<p>Sur les 270\u00a0m\u00e8tres s\u00e9parant le pont de la Mission de la rue de Nemours, 30\u00a0m\u00e8tres de la dalle en b\u00e9ton ont d\u00e9j\u00e0 \u00e9t\u00e9 sci\u00e9s depuis d\u00e9but novembre. Ce vendredi 12\u00a0d\u00e9cembre, changement de m\u00e9thode. Une pelleteuse de 50\u00a0tonnes \u00e9quip\u00e9e tant\u00f4t d\u2019une cisaille tant\u00f4t d\u2019un broyeur, et positionn\u00e9e sur un ponton flottant de 24\u00a0m\u00e8tres, est entr\u00e9e en action.<\/p>\n<p>\t<img decoding=\"async\" src=\"https:\/\/www.europesays.com\/fr\/wp-content\/uploads\/2025\/12\/P35636451D7106866G_px_640_.jpg\" alt=\"photo la pelle de 50\u00a0tonnes est install\u00e9e sur un ponton flottant sur la vilaine dans le centre-ville de rennes (ille-et-vilaine).  \u00a9  marc ollivier\/ouest-france\" width=\"640\" title=\" La pelle de 50\u00a0tonnes est install\u00e9e sur un ponton flottant sur la Vilaine dans le centre-ville de Rennes (Ille-et-Vilaine).   Marc Ollivier\/Ouest-France \"\/><\/p>\n<p class=\"elmt-legende\"> La pelle de 50\u00a0tonnes est install\u00e9e sur un ponton flottant sur la Vilaine dans le centre-ville de Rennes (Ille-et-Vilaine).   Marc Ollivier\/Ouest-France <\/p>\n<p>Un premier coup de croc symbolique a \u00e9t\u00e9 donn\u00e9 avant un grignotage plus s\u00e9rieux annonc\u00e9 \u00e0 partir de la semaine prochaine. C\u2019est cette machine qui se chargera, d\u2019ici \u00e0 avril, de d\u00e9truire le reste du parking jusqu\u2019au niveau des Galeries Lafayette.<\/p>\n<p>\u00ab\u00a0Ce qui prend du temps c\u2019est\u2026\u00a0\u00bb<\/p>\n<p>\t<img decoding=\"async\" src=\"https:\/\/www.europesays.com\/fr\/wp-content\/uploads\/2025\/12\/P35636452D7106866G_px_640_.jpg\" alt=\"photo beaucoup de curieux viennent voir le chantier.  \u00a9  marc ollivier\/ouest-france\" width=\"640\" title=\" Beaucoup de curieux viennent voir le chantier.   Marc Ollivier\/Ouest-France \"\/><\/p>\n<p class=\"elmt-legende\"> Beaucoup de curieux viennent voir le chantier.   Marc Ollivier\/Ouest-France <\/p>\n<p>Jean-Fran\u00e7ois Papin, conducteur d\u2019op\u00e9ration \u00e0 Rennes m\u00e9tropole, annonce\u00a0: \u00a0En rythme de croisi\u00e8re, on esp\u00e8re d\u00e9construire cinq m\u00e8tres par jour. Ce qui est long, ce n\u2019est pas le grignotage en tant que tel. Cela prend deux grosses heures. Ce qui prend du temps, c\u2019est de faire avancer tout le complexe.\u00a0 \u00c0 savoir\u00a0: le ponton, la pelleteuse, mais aussi les deux barges qui de part et d\u2019autre de ce ponton central r\u00e9ceptionnent l\u2019ensemble des gravats. 6\u00a0000\u00a0tonnes seront, au total, \u00e9vacu\u00e9es en bateau jusqu\u2019\u00e0 un site de recyclage situ\u00e9 route de Lorient.<\/p>\n<p>Les pieux qui soutiennent la dalle vont aussi dispara\u00eetre. La pelleteuse va tenter de les extraire. Si la man\u0153uvre est impossible, des plongeurs \u00e9quip\u00e9s d\u2019une scie coulissante se chargeront de les couper au pied.<\/p>\n<p>\u00a0<\/p>\n","protected":false},"excerpt":{"rendered":"Rarement chantier rennais aura suscit\u00e9 autant de curiosit\u00e9. En t\u00e9moigne cette (petite) for\u00eat de cam\u00e9ras de t\u00e9l\u00e9vision qui&hellip;\n","protected":false},"author":2,"featured_media":595493,"comment_status":"","ping_status":"","sticky":false,"template":"","format":"standard","meta":{"footnotes":""},"categories":[2821],"tags":[631,1111,11,13375,829,70818,1145,1777,674,1011,27,20497,12,1113,16025,70819,3086,584,25,7009,510],"class_list":{"0":"post-595492","1":"post","2":"type-post","3":"status-publish","4":"format-standard","5":"has-post-thumbnail","7":"category-rennes","8":"tag-action","9":"tag-actu","10":"tag-actualites","11":"tag-attente","12":"tag-bretagne","13":"tag-cisaille","14":"tag-destruction","15":"tag-eu","16":"tag-europe","17":"tag-fr","18":"tag-france","19":"tag-jury","20":"tag-news","21":"tag-nouvelles","22":"tag-parking","23":"tag-pieux","24":"tag-redon","25":"tag-rennes","26":"tag-republique-francaise","27":"tag-vilaine","28":"tag-visite"},"share_on_mastodon":{"url":"https:\/\/pubeurope.com\/@fr\/115708260257220101","error":""},"_links":{"self":[{"href":"https:\/\/www.europesays.com\/fr\/wp-json\/wp\/v2\/posts\/595492","targetHints":{"allow":["GET"]}}],"collection":[{"href":"https:\/\/www.europesays.com\/fr\/wp-json\/wp\/v2\/posts"}],"about":[{"href":"https:\/\/www.europesays.com\/fr\/wp-json\/wp\/v2\/types\/post"}],"author":[{"embeddable":true,"href":"https:\/\/www.europesays.com\/fr\/wp-json\/wp\/v2\/users\/2"}],"replies":[{"embeddable":true,"href":"https:\/\/www.europesays.com\/fr\/wp-json\/wp\/v2\/comments?post=595492"}],"version-history":[{"count":0,"href":"https:\/\/www.europesays.com\/fr\/wp-json\/wp\/v2\/posts\/595492\/revisions"}],"wp:featuredmedia":[{"embeddable":true,"href":"https:\/\/www.europesays.com\/fr\/wp-json\/wp\/v2\/media\/595493"}],"wp:attachment":[{"href":"https:\/\/www.europesays.com\/fr\/wp-json\/wp\/v2\/media?parent=595492"}],"wp:term":[{"taxonomy":"category","embeddable":true,"href":"https:\/\/www.europesays.com\/fr\/wp-json\/wp\/v2\/categories?post=595492"},{"taxonomy":"post_tag","embeddable":true,"href":"https:\/\/www.europesays.com\/fr\/wp-json\/wp\/v2\/tags?post=595492"}],"curies":[{"name":"wp","href":"https:\/\/api.w.org\/{rel}","templated":true}]}}