{"id":595496,"date":"2025-12-12T19:34:03","date_gmt":"2025-12-12T19:34:03","guid":{"rendered":"https:\/\/www.europesays.com\/fr\/595496\/"},"modified":"2025-12-12T19:34:03","modified_gmt":"2025-12-12T19:34:03","slug":"a-strasbourg-catherine-trautmann-veut-simposer-sur-la-securite","status":"publish","type":"post","link":"https:\/\/www.europesays.com\/fr\/595496\/","title":{"rendered":"\u00e0 Strasbourg, Catherine Trautmann veut s\u2019imposer sur la s\u00e9curit\u00e9"},"content":{"rendered":"<p>    <img loading=\"lazy\" width=\"1800\" height=\"900\" src=\"https:\/\/www.europesays.com\/fr\/wp-content\/uploads\/2025\/11\/jeanne-callthepolice.jpg\" class=\"attachment-full size-full\" alt=\"\" id=\"imageLove\" decoding=\"async\"  \/><\/p>\n<p id=\"breadcrumbs\"><a href=\"https:\/\/pokaa.fr\/\" target=\"_blank\" rel=\"noopener\">Accueil<\/a> \/ <a href=\"https:\/\/pokaa.fr\/categories\/municipales-2026\/\" target=\"_blank\" rel=\"noopener\">Municipales 2026<\/a> \/ Municipales 2026 : \u00e0 Strasbourg, Catherine Trautmann veut s\u2019imposer sur la s\u00e9curit\u00e9<\/p>\n<p>                    Municipales 2026<\/p>\n<p><b>Le 9 d\u00e9cembre, Catherine Trautmann pr\u00e9sentait tout un panel de mesures pour s\u2019attaquer au sujet de la s\u00e9curit\u00e9 \u00e0 Strasbourg. En t\u00eate des sondages, l\u2019ancienne maire compte notamment renforcer la pr\u00e9sence de la police municipale, r\u00e9tablir l\u2019\u00e9clairage dans toutes les rues \u00e0 toute heure et installer des \u00ab pi\u00e8ges photographiques \u00bb. Pr\u00e9sentation.<\/b><\/p>\n<p class=\"p1\">Lors des municipales de 2020, tout le monde se disait \u00e9cologiste \u00e0 Strasbourg ; en 2026, il semblerait que bon nombre de candidat(e)s se veulent d\u00e9sormais s\u00e9curitaires. Credo de Virginie Joron (RN) et Jean-Philippe Vetter, <b>la s\u00e9curit\u00e9 fait \u00e9galement son petit chemin au centre-gauche : premi\u00e8re priorit\u00e9 de <a href=\"https:\/\/pokaa.fr\/2025\/11\/27\/municipales-2026-a-gauche-thibaut-vinci-en-campagne-pour-parler-securite-a-strasbourg\/\" target=\"_blank\" rel=\"noopener\">Thibaut Vinci<\/a>, c\u2019est aussi l\u2019un des temps forts de campagne de Catherine Trautmann<\/b>.<\/p>\n<p class=\"p1\">Caracolant en t\u00eate du dernier sondage, et b\u00e9n\u00e9ficiant depuis du ralliement de Chantal Cutajar, <strong>l\u2019ex-maire de Strasbourg a d\u00e9voil\u00e9 ses mesures sur le sujet le 9 d\u00e9cembre<\/strong>. Dressant un tableau d\u2019un Strasbourg \u00e0 la limite de l\u2019apocalypse, entre \u00ab\u00a0d\u00e9classement de la ville, ins\u00e9curit\u00e9 accrue, espaces publics d\u00e9grad\u00e9s, difficult\u00e9s d\u2019acc\u00e8s pour les secours, incivilit\u00e9s, polarisation entre quartiers\u00a0\u00bb, <b>elle se pose en candidate qui veut rassurer<\/b>. Pour cela, elle a plusieurs id\u00e9es.<\/p>\n<p>                <a href=\"https:\/\/pokaa.fr\/2025\/12\/10\/municipales-2026-un-nouveau-sondage-place-trautmann-largement-en-tete-a-strasbourg\/\" target=\"_blank\" rel=\"noopener\"><br \/>\n                    <img width=\"450\" height=\"270\" src=\"https:\/\/www.europesays.com\/fr\/wp-content\/uploads\/2025\/12\/b4-450x270.jpg\" class=\"attachment-card-horizontal--same-subject size-card-horizontal--same-subject wp-post-image\" alt=\"\" decoding=\"async\" loading=\"lazy\"\/>                <\/a><\/p>\n<p>    <img width=\"800\" height=\"600\" src=\"https:\/\/www.europesays.com\/fr\/wp-content\/uploads\/2025\/10\/img-1772-grande-800x600.jpeg\" class=\"attachment-image-size-L size-image-size-L\" alt=\"catherine trautmann\" decoding=\"async\" loading=\"lazy\"  \/>         \u00a9 Nicolas Kaspar \/ Pokaa <\/p>\n<p>Renforcer la police municipale et lutter \u00ab\u00a0offensivement\u00a0\u00bb contre le narcotrafic<\/p>\n<p class=\"p1\">D\u00e9j\u00e0, <b>elle souhaite renforcer la pr\u00e9sence de la police municipale sur le terrain avec des patrouilles r\u00e9guli\u00e8res et visibles dans tous les quartiers<\/b>. Une mesure qui s\u2019accompagne d\u2019une cr\u00e9ation d\u2019antennes de police municipale de proximit\u00e9 dans les quartiers. Dans le m\u00eame temps, Catherine Trautmann propose le d\u00e9veloppement d\u2019une brigade d\u00e9di\u00e9e aux transports, afin de lutter contre les comportements dangereux dans les trams et bus.<\/p>\n<p class=\"p1\">Dans la m\u00eame logique de cette s\u00e9curit\u00e9 renforc\u00e9e, <b>elle annonce une \u00ab\u00a0lutte offensive contre le narcotrafic\u00a0\u00bb<\/b>. Contact\u00e9e pour d\u00e9tailler concr\u00e8tement ce qu\u2019elle compte faire, <b>Catherine Trautmann \u00e9voque la r\u00e9ouverture \u00ab d\u2019un vrai dialogue entre l\u2019\u00c9tat et la Ville \u00bb, \u00ab\u00a0des sanctions gradu\u00e9es contre les commerces servant au blanchiment ou aux trafics\u00a0\u00bb<\/b>, ou encore \u00ab\u00a0la mise en \u0153uvre d\u2019un plan de pr\u00e9vention en lien avec les centres socio-culturels, les associations de quartiers\u00a0\u00bb afin de pr\u00e9venir l\u2019enr\u00f4lement des plus jeunes dans ces trafics.<\/p>\n<p>    <img width=\"800\" height=\"534\" src=\"https:\/\/www.europesays.com\/fr\/wp-content\/uploads\/2025\/12\/dsc-0211-3-2-800x534.jpg\" class=\"attachment-image-size-L size-image-size-L\" alt=\"emeutes quartier police nahel violences lacrymo\" decoding=\"async\" loading=\"lazy\"  \/>         \u00a9 Mathilde Cybulski \/ Pokaa <\/p>\n<p>Rallumer l\u2019\u00e9clairage public tout le temps et partout, et la protection des femmes comme priorit\u00e9<\/p>\n<p class=\"p1\">Catherine Trautmann encha\u00eene ensuite sur une proposition qui peut \u00eatre retrouv\u00e9e dans plusieurs programmes d\u2019opposition : rallumer l\u2019\u00e9clairage public tout le temps et partout. <b>Critique du plan LED de la municipalit\u00e9 actuelle, co\u00fbtant trop cher pour des r\u00e9sultats insuffisants selon elle<\/b>, la candidate souhaite \u00ab travailler sur les coutures urbaines et les trous noirs pour lutter contre le sentiment d\u2019ins\u00e9curit\u00e9, qui sont des r\u00e9alit\u00e9s v\u00e9cues par les Strasbourgeoises et des Strasbourgeois \u00bb.<\/p>\n<blockquote><p>\n        La s\u00e9curit\u00e9, c\u2019est la condition d\u2019une ville libre, d\u2019une ville accueillante, d\u2019une ville solidaire.    <\/p><\/blockquote>\n<p>            Catherine Trautmann<\/p>\n<p class=\"p4\">Au-del\u00e0 de ce plan d\u2019\u00e9clairage global, <b>Catherine Trautmann souhaite \u00e9galement d\u00e9ployer \u00e0 terme \u00ab\u00a0l\u2019\u00e9clairage intelligent\u00a0\u00bb<\/b>, soit des technologies qui s\u2019allument lorsqu\u2019elles d\u00e9tectent un passage humain. Des dispositifs qui permettent d\u2019\u00eatre \u00ab\u00a0plus \u00e9conomes et protecteurs de la biodiversit\u00e9 nocturne tout en rassurant les habitants et usagers de l\u2019espace public\u00a0\u00bb ; dispositifs qui sont d\u00e9j\u00e0 exp\u00e9riment\u00e9s un peu partout \u00e0 Strasbourg aujourd\u2019hui.<\/p>\n<p class=\"p5\">Dans cette logique de lutte contre l\u2019ins\u00e9curit\u00e9, <b>la candidate propose \u00e9galement de d\u00e9velopper le dispositif Angela, un r\u00e9seau de commerces-refuges pour toute personne en danger pr\u00e9sent dans de nombreuses villes en France, dont Haguenau et Mulhouse<\/b>. Elle assure \u00e9galement que la verbalisation des outrages sexistes sera renforc\u00e9e, avec en outre une am\u00e9lioration de la formation de la police municipale sur les violences sexistes et sexuelles. Pas une mince affaire.<\/p>\n<p>    <img width=\"800\" height=\"533\" src=\"https:\/\/www.europesays.com\/fr\/wp-content\/uploads\/2025\/12\/dsc00333.jpg\" class=\"attachment-image-size-L size-image-size-L\" alt=\"v\u00e9lo nuit deliveroo\" decoding=\"async\" loading=\"lazy\"  \/>         \u00a9 Hugo Favre &#8211; Napoli \/ Pokaa <\/p>\n<p>\u00ab\u00a0Pi\u00e8ges photographiques\u00a0\u00bb et \u00ab\u00a0plan d\u2019urgence propret\u00e9\u00a0\u00bb : les derni\u00e8res propositions<\/p>\n<p class=\"p4\">Pour parfaire son tableau de propositions sur la s\u00e9curit\u00e9, <b>l\u2019ex-maire de Strasbourg propose d\u2019installer des \u00ab\u00a0pi\u00e8ges photographiques\u00a0\u00bb, pour lutter notamment contre les d\u00e9p\u00f4ts sauvages<\/b>. Un syst\u00e8me qui permet la captation d\u2019images des plaques d\u2019immatriculation de v\u00e9hicules qui stationnent pour d\u00e9poser ordures et encombrants, captations ensuite envoy\u00e9es \u00e0 la police municipale.<\/p>\n<blockquote><p>\n        Notre ambition est claire : reconstruire une ville o\u00f9 la puissance publique prot\u00e8ge, o\u00f9 la solidarit\u00e9 se vit, o\u00f9 la s\u00e9curit\u00e9 est un droit et une r\u00e9alit\u00e9 pour toutes et tous.    <\/p><\/blockquote>\n<p>            Catherine Trautmann<\/p>\n<p>    <img width=\"800\" height=\"600\" src=\"https:\/\/www.europesays.com\/fr\/wp-content\/uploads\/2025\/12\/dechets-poubelle-credit-coraline-lafon-4.jpg\" class=\"attachment-image-size-L size-image-size-L\" alt=\"dechets poubelle\" decoding=\"async\" loading=\"lazy\"  \/>         \u00a9 Coraline Lafon \/ Pokaa <\/p>\n<p class=\"p4\">Enfin, <b>Catherine Trautmann a \u00e9galement pr\u00e9vu un \u00ab\u00a0plan d\u2019urgence propret\u00e9\u00a0\u00bb afin de lutter contre la prolif\u00e9ration des rats<\/b>. Un sujet on ne peut plus pol\u00e9mique en d\u00e9but de mandat, <a href=\"https:\/\/pokaa.fr\/2025\/12\/09\/aide-durgence-au-neudorf-projet-xxl-a-la-robertsau-et-polesi-ce-que-strasbourg-a-decide-hier\/\" target=\"_blank\" rel=\"noopener\">et revenu par la petite porte lors du dernier conseil municipal<\/a>. La candidate assure que la lutte contre les d\u00e9p\u00f4ts sauvages expliqu\u00e9e plus haut permettra d\u00e9j\u00e0 de limiter cette prolif\u00e9ration, car \u00ab\u00a0un espace urbain assaini est le premier pas en faveur de la non-prolif\u00e9ration des animaux liminaires \u00bb.<\/p>\n<p class=\"p7\">Elle pr\u00e9cise ensuite que<b> <\/b><b>\u00ab\u00a0des <\/b><b>campagnes de d\u00e9ratisation seront men\u00e9es et une exp\u00e9rimentation sera r\u00e9alis\u00e9e avec l\u2019appel \u00e0 des soci\u00e9t\u00e9s de d\u00e9ratisation par les furets \u00bb.<\/b> Et que \u00ab\u00a0des op\u00e9rations cibl\u00e9es, massives en recourant \u00e0 des moyens innovants respectueux de l\u2019environnement\u00a0\u00bb seront \u00e9galement mises en place pour assurer la salubrit\u00e9 des espaces priv\u00e9s. Tout un programme, alors que Catherine Trautmann cherche \u00e0 reprendre la main sur une ville dont elle a quitt\u00e9 la t\u00eate il y a 24 ans.<\/p>\n","protected":false},"excerpt":{"rendered":"Accueil \/ Municipales 2026 \/ Municipales 2026 : \u00e0 Strasbourg, Catherine Trautmann veut s\u2019imposer sur la s\u00e9curit\u00e9 Municipales&hellip;\n","protected":false},"author":2,"featured_media":595497,"comment_status":"","ping_status":"","sticky":false,"template":"","format":"standard","meta":{"footnotes":""},"categories":[2820],"tags":[1111,11,5848,1777,674,1011,27,775,3434,12,316,25,640,58524],"class_list":{"0":"post-595496","1":"post","2":"type-post","3":"status-publish","4":"format-standard","5":"has-post-thumbnail","7":"category-strasbourg","8":"tag-actu","9":"tag-actualites","10":"tag-catherine-trautmann","11":"tag-eu","12":"tag-europe","13":"tag-fr","14":"tag-france","15":"tag-grand-est","16":"tag-municipales-2026","17":"tag-news","18":"tag-politique","19":"tag-republique-francaise","20":"tag-strasbourg","21":"tag-strasbourg-actualite"},"share_on_mastodon":{"url":"https:\/\/pubeurope.com\/@fr\/115708277661327672","error":""},"_links":{"self":[{"href":"https:\/\/www.europesays.com\/fr\/wp-json\/wp\/v2\/posts\/595496","targetHints":{"allow":["GET"]}}],"collection":[{"href":"https:\/\/www.europesays.com\/fr\/wp-json\/wp\/v2\/posts"}],"about":[{"href":"https:\/\/www.europesays.com\/fr\/wp-json\/wp\/v2\/types\/post"}],"author":[{"embeddable":true,"href":"https:\/\/www.europesays.com\/fr\/wp-json\/wp\/v2\/users\/2"}],"replies":[{"embeddable":true,"href":"https:\/\/www.europesays.com\/fr\/wp-json\/wp\/v2\/comments?post=595496"}],"version-history":[{"count":0,"href":"https:\/\/www.europesays.com\/fr\/wp-json\/wp\/v2\/posts\/595496\/revisions"}],"wp:featuredmedia":[{"embeddable":true,"href":"https:\/\/www.europesays.com\/fr\/wp-json\/wp\/v2\/media\/595497"}],"wp:attachment":[{"href":"https:\/\/www.europesays.com\/fr\/wp-json\/wp\/v2\/media?parent=595496"}],"wp:term":[{"taxonomy":"category","embeddable":true,"href":"https:\/\/www.europesays.com\/fr\/wp-json\/wp\/v2\/categories?post=595496"},{"taxonomy":"post_tag","embeddable":true,"href":"https:\/\/www.europesays.com\/fr\/wp-json\/wp\/v2\/tags?post=595496"}],"curies":[{"name":"wp","href":"https:\/\/api.w.org\/{rel}","templated":true}]}}