{"id":595502,"date":"2025-12-12T19:41:14","date_gmt":"2025-12-12T19:41:14","guid":{"rendered":"https:\/\/www.europesays.com\/fr\/595502\/"},"modified":"2025-12-12T19:41:14","modified_gmt":"2025-12-12T19:41:14","slug":"elle-pretend-avoir-un-colis-a-livrer-et-vole-des-bijoux-a-une-dame-agee-a-nantes","status":"publish","type":"post","link":"https:\/\/www.europesays.com\/fr\/595502\/","title":{"rendered":"Elle pr\u00e9tend avoir un colis \u00e0 livrer et vole des bijoux \u00e0 une dame \u00e2g\u00e9e \u00e0 Nantes"},"content":{"rendered":"<tr wp_automatic_readability=\"2.9268292682927\">\n<td valign=\"middle\" align=\"center\" class=\"col-logo\">\n    <img decoding=\"async\" src=\"https:\/\/www.europesays.com\/fr\/wp-content\/uploads\/2025\/04\/presse-ocean.gif\" alt=\"logo Presse-Oc\u00e9an\" height=\"66\"\/><\/p>\n<\/td>\n<td class=\"col-titre\">\n\t\t\tVendredi 12 d\u00e9cembre 2025 18:40<br \/>\n\t\t\t<a class=\"icon-bulle sizeL count\" href=\"#ancreAvis\"><br \/>\n\t&#8230;<br \/>\n<\/a><\/td>\n<\/tr>\n<p>\t\t<a class=\"mavillebox2 elmt-photo\" href=\"https:\/\/maville.com\/photosmvi\/2025\/12\/12\/P35636353D7106811G.jpg\" title=\" La victime a appel\u00e9 le 17\u00a0apr\u00e8s le d\u00e9part des voleuses.  \u00a9  Photo illustration Presse Oc\u00e9an  \" rel=\"galerie_actu noopener\" target=\"_blank\"><br \/>\n\t<img decoding=\"async\" src=\"https:\/\/www.europesays.com\/fr\/wp-content\/uploads\/2025\/12\/P35636353D7106811G_crop_640-330_.jpg\" alt=\"photo  la victime a appel\u00e9 le 17\u00a0apr\u00e8s le d\u00e9part des voleuses.  \u00a9  photo illustration presse oc\u00e9an \"\/><br \/>\n\t1<br \/>\n<\/a><\/p>\n<p class=\"elmt-legende\"> La victime a appel\u00e9 le 17\u00a0apr\u00e8s le d\u00e9part des voleuses.  \u00a9  Photo illustration Presse Oc\u00e9an  <\/p>\n<p>\t\tCette semaine \u00e0 Nantes, une femme s\u2019est pr\u00e9sent\u00e9e comme \u00e9tant une livreuse. La dame \u00e2g\u00e9e qui lui a ouvert sa porte a appel\u00e9 le 17\u00a0peu apr\u00e8s.<\/p>\n<p><b>Cet article est r\u00e9serv\u00e9 aux abonn\u00e9s<\/b><\/p>\n<p>Pour un acc\u00e8s imm\u00e9diat, abonnez-vous<\/p>\n<p><b>1\u00e8re semaine offerte<\/b><\/p>\n<p>\t\tPresse-Oc\u00e9an<\/p>\n<p>Retrouvez d&rsquo;autres actus sur les communes de :<\/p>\n<p>\t\t&#13;<\/p>\n","protected":false},"excerpt":{"rendered":"Vendredi 12 d\u00e9cembre 2025 18:40 &#8230; 1 La victime a appel\u00e9 le 17\u00a0apr\u00e8s le d\u00e9part des voleuses. \u00a9&hellip;\n","protected":false},"author":2,"featured_media":595503,"comment_status":"","ping_status":"","sticky":false,"template":"","format":"standard","meta":{"footnotes":""},"categories":[2818],"tags":[1111,11,32077,5417,12784,1777,674,1011,27,8055,766,12,2636,70820,25,9343],"class_list":{"0":"post-595502","1":"post","2":"type-post","3":"status-publish","4":"format-standard","5":"has-post-thumbnail","7":"category-nantes","8":"tag-actu","9":"tag-actualites","10":"tag-agee","11":"tag-bijoux","12":"tag-colis","13":"tag-eu","14":"tag-europe","15":"tag-fr","16":"tag-france","17":"tag-livrer","18":"tag-nantes","19":"tag-news","20":"tag-pays-de-la-loire","21":"tag-pretend","22":"tag-republique-francaise","23":"tag-vole"},"share_on_mastodon":{"url":"https:\/\/pubeurope.com\/@fr\/115708303810568799","error":""},"_links":{"self":[{"href":"https:\/\/www.europesays.com\/fr\/wp-json\/wp\/v2\/posts\/595502","targetHints":{"allow":["GET"]}}],"collection":[{"href":"https:\/\/www.europesays.com\/fr\/wp-json\/wp\/v2\/posts"}],"about":[{"href":"https:\/\/www.europesays.com\/fr\/wp-json\/wp\/v2\/types\/post"}],"author":[{"embeddable":true,"href":"https:\/\/www.europesays.com\/fr\/wp-json\/wp\/v2\/users\/2"}],"replies":[{"embeddable":true,"href":"https:\/\/www.europesays.com\/fr\/wp-json\/wp\/v2\/comments?post=595502"}],"version-history":[{"count":0,"href":"https:\/\/www.europesays.com\/fr\/wp-json\/wp\/v2\/posts\/595502\/revisions"}],"wp:featuredmedia":[{"embeddable":true,"href":"https:\/\/www.europesays.com\/fr\/wp-json\/wp\/v2\/media\/595503"}],"wp:attachment":[{"href":"https:\/\/www.europesays.com\/fr\/wp-json\/wp\/v2\/media?parent=595502"}],"wp:term":[{"taxonomy":"category","embeddable":true,"href":"https:\/\/www.europesays.com\/fr\/wp-json\/wp\/v2\/categories?post=595502"},{"taxonomy":"post_tag","embeddable":true,"href":"https:\/\/www.europesays.com\/fr\/wp-json\/wp\/v2\/tags?post=595502"}],"curies":[{"name":"wp","href":"https:\/\/api.w.org\/{rel}","templated":true}]}}