{"id":595504,"date":"2025-12-12T19:45:35","date_gmt":"2025-12-12T19:45:35","guid":{"rendered":"https:\/\/www.europesays.com\/fr\/595504\/"},"modified":"2025-12-12T19:45:35","modified_gmt":"2025-12-12T19:45:35","slug":"suivez-le-match-douverture-de-la-16e-journee-de-ligue-1-en-live","status":"publish","type":"post","link":"https:\/\/www.europesays.com\/fr\/595504\/","title":{"rendered":"suivez le match d&rsquo;ouverture de la 16e journ\u00e9e de Ligue 1 en live"},"content":{"rendered":"<p>L&rsquo;ascension d&rsquo;Haris Belkebla, dont les statistiques s\u00e9duisent en Alg\u00e9rie<\/p>\n<p>Si Vitinha, Joao Neves ou encore Adrien Thomasson sont devenus des r\u00e9f\u00e9rences en France chez les milieux de terrain, un autre joueur se fait une place parmi les meilleurs de sa cat\u00e9gorie, sans faire de bruit, \u00e0 l\u2019image de son club\u00a0: Haris Belkebla.<\/p>\n<p><a href=\"https:\/\/rmcsport.bfmtv.com\/football\/ligue-1\/angers-l-ascension-d-haris-belkebla-dont-les-statistiques-seduisent-en-algerie_AV-202512030556.html\" title=\"Angers: l&#039;ascension d&#039;Haris Belkebla, dont les statistiques s\u00e9duisent en Alg\u00e9rie\" class=\"internal_link\" target=\"_blank\" rel=\"noopener\">&gt;&gt; L&rsquo;ascension d&rsquo;Haris Belkebla, dont les statistiques s\u00e9duisent en Alg\u00e9rie<\/a><\/p>\n<p>Flops, joueurs \u00e0 la cave&#8230; comment un mercato estival totalement rat\u00e9 a plomb\u00e9 le FC Nantes<\/p>\n<p>Avant-dernier de Ligue 1 avant son d\u00e9placement \u00e0 Angers ce vendredi (20h45), le FC Nantes s&rsquo;est r\u00e9solu cette semaine, comme souvent dans pareille situation, \u00e0 changer d&rsquo;entra\u00eeneur. La mission maintien devra aussi passer par un mercato hivernal actif apr\u00e8s les nombreux \u00e9checs de l&rsquo;\u00e9t\u00e9 dernier.<\/p>\n<p><a href=\"https:\/\/rmcsport.bfmtv.com\/football\/ligue-1\/flops-joueurs-a-la-cave-comment-un-mercato-estival-totalement-rate-a-plombe-le-fc-nantes_AV-202512120528.html\" title=\"Flops, joueurs \u00e0 la cave... comment un mercato estival totalement rat\u00e9 a plomb\u00e9 le FC Nantes\" class=\"internal_link\" target=\"_blank\" rel=\"noopener\">&gt;&gt; Flops, joueurs \u00e0 la cave&#8230; comment un mercato estival totalement rat\u00e9 a plomb\u00e9 le FC Nantes<\/a><\/p>\n<p>Gentil, meneur et parfois sanguin, qui est Ahmed Kantari, le nouvel entra\u00eeneur qui doit sauver le FC Nantes?<\/p>\n<p>Ahmed Kantari, 40 ans, va faire ses d\u00e9buts en Ligue 1 sur le banc nantais face \u00e0 Angers ce vendredi au stade Raymond Kopa (20h45). Voici les atouts et les obstacles pour ce d\u00e9butant dans l\u2019exercice dans l&rsquo;\u00e9lite mais qui poss\u00e8de de multiples exp\u00e9riences.<\/p>\n<p><a href=\"https:\/\/rmcsport.bfmtv.com\/football\/ligue-1\/gentil-meneur-et-parfois-sanguin-qui-est-ahmed-kantari-le-nouvel-entraineur-qui-doit-sauver-le-fc-nantes_AV-202512110867.html\" title=\"Gentil, meneur et parfois sanguin, qui est Ahmed Kantari, le nouvel entra\u00eeneur qui doit sauver le FC Nantes?\" class=\"internal_link\" target=\"_blank\" rel=\"noopener\">&gt;&gt; Gentil, meneur et parfois sanguin, qui est Ahmed Kantari, le nouvel entra\u00eeneur qui doit sauver le FC Nantes?<\/a><\/p>\n<p>Bonjour \u00e0 tous !<\/p>\n<p>La 16e journ\u00e9e de Ligue 1, la derni\u00e8re de 2025, s&rsquo;ouvre ce vendredi par une affiche entre Angers et Nantes, \u00e0 Raymond-Kopa (20h45). Face \u00e0 des Angevins en forme, les Nantais, qui viennent de changer d&rsquo;entra\u00eeneur, doivent r\u00e9agir. A suivre en direct comment\u00e9 sur le site et l&rsquo;application RMC Sport.<\/p>\n","protected":false},"excerpt":{"rendered":"L&rsquo;ascension d&rsquo;Haris Belkebla, dont les statistiques s\u00e9duisent en Alg\u00e9rie Si Vitinha, Joao Neves ou encore Adrien Thomasson sont&hellip;\n","protected":false},"author":2,"featured_media":595505,"comment_status":"","ping_status":"","sticky":false,"template":"","format":"standard","meta":{"footnotes":""},"categories":[2818],"tags":[1111,11,1777,674,1011,27,766,12,2636,25],"class_list":{"0":"post-595504","1":"post","2":"type-post","3":"status-publish","4":"format-standard","5":"has-post-thumbnail","7":"category-nantes","8":"tag-actu","9":"tag-actualites","10":"tag-eu","11":"tag-europe","12":"tag-fr","13":"tag-france","14":"tag-nantes","15":"tag-news","16":"tag-pays-de-la-loire","17":"tag-republique-francaise"},"share_on_mastodon":{"url":"https:\/\/pubeurope.com\/@fr\/115708318431947240","error":""},"_links":{"self":[{"href":"https:\/\/www.europesays.com\/fr\/wp-json\/wp\/v2\/posts\/595504","targetHints":{"allow":["GET"]}}],"collection":[{"href":"https:\/\/www.europesays.com\/fr\/wp-json\/wp\/v2\/posts"}],"about":[{"href":"https:\/\/www.europesays.com\/fr\/wp-json\/wp\/v2\/types\/post"}],"author":[{"embeddable":true,"href":"https:\/\/www.europesays.com\/fr\/wp-json\/wp\/v2\/users\/2"}],"replies":[{"embeddable":true,"href":"https:\/\/www.europesays.com\/fr\/wp-json\/wp\/v2\/comments?post=595504"}],"version-history":[{"count":0,"href":"https:\/\/www.europesays.com\/fr\/wp-json\/wp\/v2\/posts\/595504\/revisions"}],"wp:featuredmedia":[{"embeddable":true,"href":"https:\/\/www.europesays.com\/fr\/wp-json\/wp\/v2\/media\/595505"}],"wp:attachment":[{"href":"https:\/\/www.europesays.com\/fr\/wp-json\/wp\/v2\/media?parent=595504"}],"wp:term":[{"taxonomy":"category","embeddable":true,"href":"https:\/\/www.europesays.com\/fr\/wp-json\/wp\/v2\/categories?post=595504"},{"taxonomy":"post_tag","embeddable":true,"href":"https:\/\/www.europesays.com\/fr\/wp-json\/wp\/v2\/tags?post=595504"}],"curies":[{"name":"wp","href":"https:\/\/api.w.org\/{rel}","templated":true}]}}