{"id":595510,"date":"2025-12-12T19:54:39","date_gmt":"2025-12-12T19:54:39","guid":{"rendered":"https:\/\/www.europesays.com\/fr\/595510\/"},"modified":"2025-12-12T19:54:39","modified_gmt":"2025-12-12T19:54:39","slug":"ce-quartier-prend-le-contrepied-des-marches-de-noel-et-organise-une-fete-de-village","status":"publish","type":"post","link":"https:\/\/www.europesays.com\/fr\/595510\/","title":{"rendered":"ce quartier prend le contrepied des march\u00e9s de No\u00ebl et organise une f\u00eate de village"},"content":{"rendered":"<p>                    Par<br \/>\n        <strong><br \/>\n            <a href=\"https:\/\/actu.fr\/auteur\/lea-afonso\" title=\"Consulter tous les articles de L\u00e9a Afonso\" target=\"_blank\" rel=\"noopener\">L\u00e9a Afonso<\/a><br \/>\n                    <\/strong><\/p>\n<p>        Publi\u00e9 le<\/p>\n<p>            12 d\u00e9c. 2025 \u00e0 18h50        <\/p>\n<p>Vin chaud, sandwich \u00e0 la saucisse de <a href=\"https:\/\/actu.fr\/toulouse\/\" target=\"_blank\" rel=\"noopener\">Toulouse<\/a>, bretzel\u2026 Les<a href=\"https:\/\/actu.fr\/occitanie\/toulouse_31555\/notre-selection-de-marches-de-noel-a-decouvrir-a-toulouse-et-aux-alentours-ces-prochains-jours_63513948.html\" target=\"_blank\" rel=\"noopener\"> march\u00e9s de No\u00ebl<\/a> poussent un peu partout dans la Ville rose en cette p\u00e9riode de f\u00eate. Mais<a href=\"https:\/\/actu.fr\/occitanie\/toulouse_31555\/video-pourquoi-retrouve-t-on-chaque-annee-les-memes-stands-au-marche-du-capitole-de-toulouse_63556363.html\" target=\"_blank\" rel=\"noopener\">, jug\u00e9s trop industriels ou r\u00e9p\u00e9titifs,<\/a> ils laissent parfois un go\u00fbt de d\u00e9j\u00e0-vu \u00e0 certains habitu\u00e9s. Pour bousculer cette tendance, un <strong>petit village dans la vil<\/strong>le a d\u00e9cid\u00e9 de prendre le contrepied : le quartier Saint-Cyprien organise sa propre<strong> f\u00eate de village de No\u00ebl<\/strong>, ce samedi 13 d\u00e9cembre 2025, sur la place de l\u2019Estrapade.<\/p>\n<p>Une place qui s\u2019anime<\/p>\n<p class=\" wall-content\">C\u2019est ici que l\u2019association Les Amis de l\u2019Estrapade multiplie, tout au long de l\u2019ann\u00e9e, les rendez-vous pour \u00ab <strong>apporter de la vie dans le quartier<\/strong> \u00bb, explique Colombe Giscard, commer\u00e7ante et membre active de l\u2019association. L\u2019id\u00e9e d\u2019une f\u00eate de No\u00ebl s\u2019est donc impos\u00e9e naturellement. Mais pas question d\u2019un march\u00e9 de No\u00ebl classique :<\/p>\n<p class=\" wall-content\">\u00ab Nous<strong> mettons en avant les commer\u00e7ants de la place,<\/strong> la <strong>coh\u00e9sion sociale et l\u2019esprit village<\/strong> \u00bb, souligne Colombe Giscard. Un esprit que refl\u00e8te d\u2019ailleurs l\u2019intitul\u00e9 de l\u2019\u00e9v\u00e9nement : la f\u00eate de village de Saint-Cyprien, version No\u00ebl.<\/p>\n<p>    <img   decoding=\"async\" loading=\"lazy\" src=\"https:\/\/www.europesays.com\/fr\/wp-content\/uploads\/2025\/12\/place-de-lestrapade-960x640.jpg\" alt=\"Mise en avant des commer\u00e7ants de la place, de la coh\u00e9sion sociale et de l\u2019esprit village\" width=\"960\" height=\"640\"\/><br \/>\n    Mise en avant des commer\u00e7ants de la place, de la coh\u00e9sion sociale et de l\u2019esprit village (\u00a9DR Colombe Giscard)Aligot, funk, breakdance et karaok\u00e9<\/p>\n<p class=\" wall-content\">Le programme sera copieux. D\u00e8s 12 h, les visiteurs pourront savourer \u00ab un<strong> aligot-saucisse<\/strong> pr\u00e9par\u00e9 par des habitants du quartier, originaires de l\u2019Aveyron \u00bb. L\u2019apr\u00e8s-midi fera la part belle \u00e0 la culture :<\/p>\n<p>Vid\u00e9os : en ce moment sur Actu<\/p>\n<ul class=\" wall-content\">\n<li>15 h : d\u00e9monstrations de <strong>breakdance<\/strong> par l\u2019\u00e9cole Breaking School, venue de la Cartoucherie<\/li>\n<li>15 h 30 : <strong>concert de funk<\/strong><\/li>\n<li>16 h 30 \u00e0 18 h : karaok\u00e9 d\u00e9jant\u00e9, \u00ab avec d\u00e9guisements \u00e0 disposition pour ceux qui voudront pousser la chansonnette \u00bb.<\/li>\n<\/ul>\n<p class=\" wall-content\">\u00ab Cette f\u00eate est l\u2019occasion de <strong>danser, chanter et se retrouver sur notre place de village<\/strong> \u00bb, se r\u00e9jouit la commer\u00e7ante. Une buvette proposera boissons et gourmandises issues des commerces de la place.<\/p>\n<p>Votre r\u00e9gion, votre actu !<\/p>\n<p>Recevez chaque jour les infos qui comptent pour vous.<\/p>\n<p>\t<a href=\"https:\/\/actu.fr\/newsletter\" class=\"ac-btn ac-btn--corner ac-btn--medium ac-btn--blue800\" target=\"_blank\" rel=\"noopener\">S&rsquo;incrire<\/a><\/p>\n<p>    <a href=\"https:\/\/www.facebook.com\/plugins\/post.php?href=https%3A%2F%2Fwww.facebook.com%2Fplaceestrapade%2Fposts%2Fpfbid08XsDUgqmEkem8gyJCN7r2kXEV9CqMhMPCEJs67DB1TXkQoZ9HxrsNXYtpisTrRbel&amp;show_text=true&amp;width=350\" title=\"Ouvrie le lien\" target=\"_blank\" rel=\"noopener\">Cliquez ici pour visualiser le contenu<\/a><\/p>\n<p>Le P\u00e8re No\u00ebl en invit\u00e9 surprise<br \/>\n    <img   decoding=\"async\" loading=\"lazy\" src=\"https:\/\/www.europesays.com\/fr\/wp-content\/uploads\/2025\/12\/place-estrapade-2-960x640.jpg\" alt=\"Le P\u00e8re No\u00ebl sera de la partie ce samedi. \" width=\"960\" height=\"640\"\/><br \/>\n    Le P\u00e8re No\u00ebl sera de la partie ce samedi. (\u00a9DR Colombe Giscard)<\/p>\n<p class=\" wall-content\">Les enfants ne seront pas oubli\u00e9s : le<strong> P\u00e8re No\u00ebl devrait faire plusieurs apparitions<\/strong> au cours de l\u2019apr\u00e8s-midi. Une f\u00eate familiale, conviviale et r\u00e9solument locale, qui \u00ab fait vivre le quartier gr\u00e2ce aux animations et \u00e0 la culture, sans tomber dans le tout-commercial \u00bb, conclut Colombe Giscard.<\/p>\n<p class=\" wall-content\">Personnalisez votre actualit\u00e9 en ajoutant vos villes et m\u00e9dias en favori avec <a href=\"https:\/\/moncompte.actu.fr\" title=\"D\u00e9couvez Mon Actu\" rel=\"nofollow noopener\" data-trk=\"{&quot;cta&quot;:{&quot;action&quot;:&quot;https:\\\/\\\/moncompte.actu.fr&quot;,&quot;category&quot;:&quot;mon compte&quot;,&quot;from&quot;:&quot;article footer&quot;,&quot;name&quot;:&quot;Mon actu&quot;,&quot;type&quot;:&quot;cta&quot;}}\" target=\"_blank\">Mon Actu<\/a>.<\/p>\n","protected":false},"excerpt":{"rendered":"Par L\u00e9a Afonso Publi\u00e9 le 12 d\u00e9c. 2025 \u00e0 18h50 Vin chaud, sandwich \u00e0 la saucisse de Toulouse,&hellip;\n","protected":false},"author":2,"featured_media":595511,"comment_status":"","ping_status":"","sticky":false,"template":"","format":"standard","meta":{"footnotes":""},"categories":[2816],"tags":[1111,11,1777,674,1011,27,1652,12,15830,2680,25,1341,2312],"class_list":{"0":"post-595510","1":"post","2":"type-post","3":"status-publish","4":"format-standard","5":"has-post-thumbnail","7":"category-toulouse","8":"tag-actu","9":"tag-actualites","10":"tag-eu","11":"tag-europe","12":"tag-fr","13":"tag-france","14":"tag-loisirs-culture","15":"tag-news","16":"tag-noel","17":"tag-occitanie","18":"tag-republique-francaise","19":"tag-sortir-a-toulouse","20":"tag-toulouse"},"share_on_mastodon":{"url":"https:\/\/pubeurope.com\/@fr\/115708354169213090","error":""},"_links":{"self":[{"href":"https:\/\/www.europesays.com\/fr\/wp-json\/wp\/v2\/posts\/595510","targetHints":{"allow":["GET"]}}],"collection":[{"href":"https:\/\/www.europesays.com\/fr\/wp-json\/wp\/v2\/posts"}],"about":[{"href":"https:\/\/www.europesays.com\/fr\/wp-json\/wp\/v2\/types\/post"}],"author":[{"embeddable":true,"href":"https:\/\/www.europesays.com\/fr\/wp-json\/wp\/v2\/users\/2"}],"replies":[{"embeddable":true,"href":"https:\/\/www.europesays.com\/fr\/wp-json\/wp\/v2\/comments?post=595510"}],"version-history":[{"count":0,"href":"https:\/\/www.europesays.com\/fr\/wp-json\/wp\/v2\/posts\/595510\/revisions"}],"wp:featuredmedia":[{"embeddable":true,"href":"https:\/\/www.europesays.com\/fr\/wp-json\/wp\/v2\/media\/595511"}],"wp:attachment":[{"href":"https:\/\/www.europesays.com\/fr\/wp-json\/wp\/v2\/media?parent=595510"}],"wp:term":[{"taxonomy":"category","embeddable":true,"href":"https:\/\/www.europesays.com\/fr\/wp-json\/wp\/v2\/categories?post=595510"},{"taxonomy":"post_tag","embeddable":true,"href":"https:\/\/www.europesays.com\/fr\/wp-json\/wp\/v2\/tags?post=595510"}],"curies":[{"name":"wp","href":"https:\/\/api.w.org\/{rel}","templated":true}]}}