{"id":595518,"date":"2025-12-12T20:04:34","date_gmt":"2025-12-12T20:04:34","guid":{"rendered":"https:\/\/www.europesays.com\/fr\/595518\/"},"modified":"2025-12-12T20:04:34","modified_gmt":"2025-12-12T20:04:34","slug":"au-conseil-departemental-la-campagne-des-municipales-a-marseille-sinvite-dans-le-debat-sur-laide-aux-communes","status":"publish","type":"post","link":"https:\/\/www.europesays.com\/fr\/595518\/","title":{"rendered":"Au Conseil d\u00e9partemental, la campagne des municipales \u00e0 Marseille s\u2019invite dans le d\u00e9bat sur l\u2019aide aux communes"},"content":{"rendered":"<p>Avant m\u00eame le d\u00e9but de la s\u00e9ance pl\u00e9ni\u00e8re, on savait d\u00e9j\u00e0 &#8211; campagne des municipales oblige &#8211; que la gauche marseillaise allait attaquer les finances du Conseil d\u00e9partemental avec le <a href=\"https:\/\/www.laprovence.com\/article\/region\/1959628039498615\/pourquoi-les-aides-aux-communes-du-departement-sont-dans-le-viseur-de-la-chambre-regionale-des-comptes\" target=\"_blank\" rel=\"noopener\">rapport de la Chambre r\u00e9gionale des comptes (CRC)<\/a>, ce vendredi 12\u00a0d\u00e9cembre \u00e0 Marseille. En guise de mise en bouche en d\u00e9but de semaine, Anthony Krehmeier (PS) avait expliqu\u00e9 combien il jugeait inqui\u00e9tant le <a href=\"https:\/\/www.laprovence.com\/article\/economie\/507756525662314\/dette-a-2-2-milliards-deuros-carton-rouge-pour-les-finances-du-departement-des-bouches-du-rhone\" target=\"_blank\" rel=\"noopener\">niveau de la dette (2,2\u00a0milliards d\u2019euros)<\/a>, dans une vid\u00e9o post\u00e9e sur les r\u00e9seaux sociaux le mettant en sc\u00e8ne devant le Bateau bleu.<\/p>\n<p>\u00ab\u00a0Vous avez descendu les marches du D\u00e9partement comme si vous \u00e9tiez au festival de Cannes\u00a0\u00bb, raillait l\u2019exp\u00e9riment\u00e9 Denis Rossi (DVD) ce vendredi matin.\u00a0Du spectacle, il y en a eu effectivement, mais il n\u2019a pas sp\u00e9cialement rendu gr\u00e2ce au d\u00e9bat d\u00e9mocratique.<\/p>\n<p>Dans la ligne de mire de la gauche marseillaise\u00a0: Martine Vassal (DVD). \u00ab\u00a0Pour vos dix ans \u00e0 la t\u00eate du D\u00e9partement, les magistrats vous offrent un constat d\u2019\u00e9chec avec une explosion de la dette de 244%\u00a0\u00bb, a jug\u00e9 le socialiste. Avant d\u2019essayer de d\u00e9montrer que \u00ab\u00a0Marseille a \u00e9t\u00e9 la grande absente des aides aux communes\u00a0\u00bb, contrairement \u00e0 \u00ab\u00a0d\u2019autres communes arros\u00e9es aux subventions\u00a0\u00bb. Au total, pr\u00e8s de 900\u00a0millions d\u2019euros e&#8230;<\/p>\n","protected":false},"excerpt":{"rendered":"Avant m\u00eame le d\u00e9but de la s\u00e9ance pl\u00e9ni\u00e8re, on savait d\u00e9j\u00e0 &#8211; campagne des municipales oblige &#8211; que&hellip;\n","protected":false},"author":2,"featured_media":595519,"comment_status":"","ping_status":"","sticky":false,"template":"","format":"standard","meta":{"footnotes":""},"categories":[2814],"tags":[17,1111,11,3226,7516,33961,154,1777,674,1011,27,884,3554,12,316,882,25,42550],"class_list":{"0":"post-595518","1":"post","2":"type-post","3":"status-publish","4":"format-standard","5":"has-post-thumbnail","7":"category-marseille","8":"tag-17","9":"tag-actu","10":"tag-actualites","11":"tag-campagne","12":"tag-conseil","13":"tag-departemental","14":"tag-des","15":"tag-eu","16":"tag-europe","17":"tag-fr","18":"tag-france","19":"tag-marseille","20":"tag-municipales","21":"tag-news","22":"tag-politique","23":"tag-provence-alpes-cote-dazur","24":"tag-republique-francaise","25":"tag-sinvite"},"share_on_mastodon":{"url":"https:\/\/pubeurope.com\/@fr\/115708393112796015","error":""},"_links":{"self":[{"href":"https:\/\/www.europesays.com\/fr\/wp-json\/wp\/v2\/posts\/595518","targetHints":{"allow":["GET"]}}],"collection":[{"href":"https:\/\/www.europesays.com\/fr\/wp-json\/wp\/v2\/posts"}],"about":[{"href":"https:\/\/www.europesays.com\/fr\/wp-json\/wp\/v2\/types\/post"}],"author":[{"embeddable":true,"href":"https:\/\/www.europesays.com\/fr\/wp-json\/wp\/v2\/users\/2"}],"replies":[{"embeddable":true,"href":"https:\/\/www.europesays.com\/fr\/wp-json\/wp\/v2\/comments?post=595518"}],"version-history":[{"count":0,"href":"https:\/\/www.europesays.com\/fr\/wp-json\/wp\/v2\/posts\/595518\/revisions"}],"wp:featuredmedia":[{"embeddable":true,"href":"https:\/\/www.europesays.com\/fr\/wp-json\/wp\/v2\/media\/595519"}],"wp:attachment":[{"href":"https:\/\/www.europesays.com\/fr\/wp-json\/wp\/v2\/media?parent=595518"}],"wp:term":[{"taxonomy":"category","embeddable":true,"href":"https:\/\/www.europesays.com\/fr\/wp-json\/wp\/v2\/categories?post=595518"},{"taxonomy":"post_tag","embeddable":true,"href":"https:\/\/www.europesays.com\/fr\/wp-json\/wp\/v2\/tags?post=595518"}],"curies":[{"name":"wp","href":"https:\/\/api.w.org\/{rel}","templated":true}]}}