{"id":595520,"date":"2025-12-12T20:07:23","date_gmt":"2025-12-12T20:07:23","guid":{"rendered":"https:\/\/www.europesays.com\/fr\/595520\/"},"modified":"2025-12-12T20:07:23","modified_gmt":"2025-12-12T20:07:23","slug":"a-marseille-la-guerre-des-gauches-bat-deja-son-plein-entre-sebastien-delogu-et-benoit-payan","status":"publish","type":"post","link":"https:\/\/www.europesays.com\/fr\/595520\/","title":{"rendered":"\u00e0 Marseille, la guerre des gauches bat d\u00e9j\u00e0 son plein entre S\u00e9bastien Delogu et Beno\u00eet Payan"},"content":{"rendered":"<p>\n    <strong>ANALYSE &#8211; <\/strong>Investi par LFI pour tenter de ravir le fauteuil de maire en mars prochain, le sulfureux d\u00e9put\u00e9 m\u00e9lenchoniste pr\u00eate d\u00e9j\u00e0 le flanc aux pol\u00e9miques.<\/p>\n<p class=\"fig-paragraph\">C\u2019est le laboratoire \u00e0 l\u2019aune duquel se d\u00e9terminera l\u2019\u00e9chec ou la r\u00e9ussite de\u00a0<a href=\"http:\/\/www.lefigaro.fr\/actualite-france\/de-plus-en-plus-radicalises-les-jeunes-musulmans-constituent-un-vivier-electoral-pour-la-france-insoumise-20251117\" target=\"_blank\" data-fig-type=\"Article\" rel=\"noopener\" data-gtm-custom-categorie=\"navigation\" data-gtm-custom-action=\"crossclick\" data-gtm-custom-label=\"Contextuel\" data-gtm-event=\"customEventSPE\" data-fig-domain=\"LEFIGARO\">La France insoumise<\/a>\u00a0(LFI) aux\u00a0<a href=\"http:\/\/www.lefigaro.fr\/economie\/municipales-2026-les-patrons-parisiens-dressent-un-bilan-severe-sur-anne-hidalgo-20251210\" target=\"_blank\" data-fig-type=\"Article\" rel=\"noopener\" data-gtm-custom-categorie=\"navigation\" data-gtm-custom-action=\"crossclick\" data-gtm-custom-label=\"Contextuel\" data-gtm-event=\"customEventSPE\" data-fig-domain=\"LEFIGARO\">municipales<\/a>. \u00c0 Marseille, beaucoup plus qu\u2019ailleurs, le mouvement de\u00a0Jean-Luc M\u00e9lenchon\u00a0a travaill\u00e9 son implantation locale depuis sa cr\u00e9ation en 2016. R\u00e9guli\u00e8rement, il fait de la ville le parangon de la \u00ab\u00a0cr\u00e9olisation\u00a0\u00bb, processus qui structure sa vision du pays. Ce n\u2019est pas un hasard si le tribun Insoumis a choisi la Cit\u00e9 phoc\u00e9enne pour se faire \u00e9lire d\u00e9put\u00e9 en 2017, avant de c\u00e9der sa circonscription cinq ans plus tard \u00e0 son dauphin\u00a0<a href=\"http:\/\/www.lefigaro.fr\/politique\/manuel-bompard-lieutenant-zele-et-successeur-potentiel-de-jean-luc-melenchon-20250721\" target=\"_blank\" data-fig-type=\"Article\" rel=\"noopener\" data-gtm-custom-categorie=\"navigation\" data-gtm-custom-action=\"crossclick\" data-gtm-custom-label=\"Contextuel\" data-gtm-event=\"customEventSPE\" data-fig-domain=\"LEFIGARO\">Manuel Bompard<\/a>, qui cumule aujourd\u2019hui sa fonction de d\u00e9put\u00e9 de Marseille avec celle de coordinateur national du mouvement.<\/p>\n<p class=\"fig-paragraph\">Ce n\u2019est toutefois pas lui qui a \u00e9t\u00e9 choisi pour mener la bataille dans la deuxi\u00e8me ville de France, trop occup\u00e9 \u00e0 pr\u00e9parer la plus que probable candidature de Jean-Luc M\u00e9lenchon \u00e0 l\u2019\u00e9lection reine, la pr\u00e9sidentielle, qui doit se d\u00e9rouler un an plus tard, en 2027. La lourde t\u00e2che de remporter la mairie a donc \u00e9t\u00e9 confi\u00e9e \u00e0\u2026<\/p>\n<p class=\"fig-premium-paywall__infos\">\n        Cet article est r\u00e9serv\u00e9 aux abonn\u00e9s.        Il vous reste 83% \u00e0 d\u00e9couvrir.\n    <\/p>\n<p>                <img  data- alt=\"Le Figaro\" class=\"fig-img--complete fig-img\"\/><\/p>\n<p class=\"fig-premium-paywall__title\">Vente Flash<\/p>\n<p class=\"fig-premium-paywall__subtitle\">-50% sur l&rsquo;abonnement num\u00e9rique<\/p>\n<p class=\"fig-premium-paywall__connect\">\n                D\u00e9j\u00e0 abonn\u00e9\u00a0?                <a class=\"fig-premium-paywall__connect-link\" href=\"https:\/\/connect.lefigaro.fr\/login?client=horizon_web&amp;type=main&amp;redirect_uri=https%3A%2F%2Fwww.lefigaro.fr%2Felections%2Fmunicipales%2Fmunicipales-2026-a-marseille-la-guerre-des-gauches-bat-deja-son-plein-entre-delogu-et-payan-20251212\" data-js-gtm=\"{&quot;customCategorie&quot;: &quot;conversion&quot;, &quot;customAction&quot;: &quot;before_Landing_Connexion_paywall_auto&quot;, &quot;customLabel&quot;: &quot;bGVmaWdhcm8uZnJfXzFmMGQ2OWQzLWIwNDctNmJjYS1hY2E3LTExZDllMTgwZjFlY19fQXJ0aWNsZQ==_Municipales 2026\u00a0: \u00e0 Marseille, la guerre des gauches bat d\u00e9j\u00e0 son plein entre S\u00e9bastien Delogu et Beno\u00eet Payan_323&quot;, &quot;customIDSPE&quot;: &quot;bGVmaWdhcm8uZnJfXzFmMGQ2OWQzLWIwNDctNmJjYS1hY2E3LTExZDllMTgwZjFlY19fQXJ0aWNsZQ==&quot;, &quot;event&quot;: &quot;customEventSPE&quot;}\" target=\"_blank\" rel=\"noopener\"><br \/>\n                    Connectez-vous<br \/>\n                <\/a>\n            <\/p>\n","protected":false},"excerpt":{"rendered":"ANALYSE &#8211; Investi par LFI pour tenter de ravir le fauteuil de maire en mars prochain, le sulfureux&hellip;\n","protected":false},"author":2,"featured_media":595521,"comment_status":"","ping_status":"","sticky":false,"template":"","format":"standard","meta":{"footnotes":""},"categories":[2814],"tags":[1111,11,1777,674,1011,27,2338,884,3554,12,882,25,10338],"class_list":{"0":"post-595520","1":"post","2":"type-post","3":"status-publish","4":"format-standard","5":"has-post-thumbnail","7":"category-marseille","8":"tag-actu","9":"tag-actualites","10":"tag-eu","11":"tag-europe","12":"tag-fr","13":"tag-france","14":"tag-la-france-insoumise","15":"tag-marseille","16":"tag-municipales","17":"tag-news","18":"tag-provence-alpes-cote-dazur","19":"tag-republique-francaise","20":"tag-sebastien-delogu"},"share_on_mastodon":{"url":"https:\/\/pubeurope.com\/@fr\/115708405108748234","error":""},"_links":{"self":[{"href":"https:\/\/www.europesays.com\/fr\/wp-json\/wp\/v2\/posts\/595520","targetHints":{"allow":["GET"]}}],"collection":[{"href":"https:\/\/www.europesays.com\/fr\/wp-json\/wp\/v2\/posts"}],"about":[{"href":"https:\/\/www.europesays.com\/fr\/wp-json\/wp\/v2\/types\/post"}],"author":[{"embeddable":true,"href":"https:\/\/www.europesays.com\/fr\/wp-json\/wp\/v2\/users\/2"}],"replies":[{"embeddable":true,"href":"https:\/\/www.europesays.com\/fr\/wp-json\/wp\/v2\/comments?post=595520"}],"version-history":[{"count":0,"href":"https:\/\/www.europesays.com\/fr\/wp-json\/wp\/v2\/posts\/595520\/revisions"}],"wp:featuredmedia":[{"embeddable":true,"href":"https:\/\/www.europesays.com\/fr\/wp-json\/wp\/v2\/media\/595521"}],"wp:attachment":[{"href":"https:\/\/www.europesays.com\/fr\/wp-json\/wp\/v2\/media?parent=595520"}],"wp:term":[{"taxonomy":"category","embeddable":true,"href":"https:\/\/www.europesays.com\/fr\/wp-json\/wp\/v2\/categories?post=595520"},{"taxonomy":"post_tag","embeddable":true,"href":"https:\/\/www.europesays.com\/fr\/wp-json\/wp\/v2\/tags?post=595520"}],"curies":[{"name":"wp","href":"https:\/\/api.w.org\/{rel}","templated":true}]}}