{"id":595522,"date":"2025-12-12T20:08:55","date_gmt":"2025-12-12T20:08:55","guid":{"rendered":"https:\/\/www.europesays.com\/fr\/595522\/"},"modified":"2025-12-12T20:08:55","modified_gmt":"2025-12-12T20:08:55","slug":"metropole-de-lyon-le-pieton-a-ete-ecrase-par-plusieurs-vehicules-ce-que-lon-sait-du-double-accident-sur-la89","status":"publish","type":"post","link":"https:\/\/www.europesays.com\/fr\/595522\/","title":{"rendered":"M\u00e9tropole de Lyon. Le pi\u00e9ton a \u00e9t\u00e9 \u00e9cras\u00e9 par plusieurs v\u00e9hicules :\u00a0ce que l&rsquo;on sait du double accident sur l\u2019A89"},"content":{"rendered":"<p>On en sait plus sur le tragique double accident survenu sur l\u2019A89 jeudi soir, dans le sens Clermont-Lyon.<\/p>\n<p>Vers 21\u00a0h\u00a030, un pi\u00e9ton a \u00e9t\u00e9 tu\u00e9 alors qu\u2019il traversait l\u2019autoroute. Selon les enqu\u00eateurs de la CRS autorouti\u00e8re, la victime avait eu un accident mat\u00e9riel avec son v\u00e9hicule \u00e0 hauteur de La-Tour-de-Salvagny.<\/p>\n<p>Ce contenu est bloqu\u00e9 car vous n&rsquo;avez pas accept\u00e9 les cookies et autres traceurs.<\/p>\n<p>En cliquant sur \u00ab J\u2019accepte \u00bb, les cookies et autres traceurs seront d\u00e9pos\u00e9s et vous pourrez visualiser les contenus  (<a href=\"\" class=\"consentModule_policy\" target=\"_blank\" title=\"Consulter la politique de protection des donn\u00e9es du fournisseur\">plus d&rsquo;informations<\/a>).<\/p>\n<p>En cliquant sur \u00ab J\u2019accepte tous les cookies \u00bb, vous autorisez des d\u00e9p\u00f4ts de cookies et autres traceurs pour le stockage de vos donn\u00e9es sur nos sites et applications \u00e0 des fins de personnalisation et de ciblage publicitaire.<\/p>\n<p class=\"consentModule_secondaryText\">Vous gardez la possibilit\u00e9 de retirer votre consentement \u00e0 tout moment en consultant notre <a href=\"https:\/\/www.leprogres.fr\/protection-des-donnees\" target=\"_blank\" title=\"Consulter notre politique de protection des donn\u00e9es\" rel=\"noopener\">politique de protection des donn\u00e9es<\/a>. <br \/>&#13;<br \/>\n            <a href=\"https:\/\/www.leprogres.fr\/faits-divers-justice\/2025\/12\/12\/javascript:Didomi.notice.show()\" class=\"consentModule_cmp\" target=\"_blank\" rel=\"noopener\">G\u00e9rer mes choix<\/a>&#13;\n        <\/p>\n<p>&#13;<br \/>\n                        J&rsquo;accepte&#13;<br \/>\n            J&rsquo;accepte tous les cookies&#13;\n        <\/p>\n<p>Pourquoi a-t-il travers\u00e9 les voies\u00a0? Cette question, personne ne peut, pour l\u2019heure, y r\u00e9pondre.\u00a0<\/p>\n<p>Percut\u00e9 par plusieurs v\u00e9hicules<\/p>\n<p>Sa voiture, une Lancia, \u00e9tant en tout cas immobilis\u00e9e, l\u2019automobiliste s\u2019est dans un premier temps plac\u00e9 entre les glissi\u00e8res de s\u00e9curit\u00e9 s\u00e9parant les deux sens de circulation puis il a entrepris de se rendre de l\u2019autre c\u00f4t\u00e9.<\/p>\n<p>Une d\u00e9cision dangereuse car il a \u00e9t\u00e9 violemment percut\u00e9 <a href=\"https:\/\/www.leprogres.fr\/faits-divers-justice\/2025\/12\/11\/suraccidents-sur-l-a89-un-pieton-decede-deux-blesses-en-urgence-relative\" target=\"_blank\" rel=\"noopener\">et \u00e9cras\u00e9 par plusieurs v\u00e9hicules<\/a>.<\/p>\n<p>Alert\u00e9s de cet accident, les gendarmes ont entrepris de baliser la chauss\u00e9e pour s\u00e9curiser les lieux.<\/p>\n<p>Un motard bless\u00e9 dans sa chute<\/p>\n<p>Ils n\u2019ont pas \u00e9t\u00e9 rep\u00e9r\u00e9s par un deux-roues qui est arriv\u00e9 sur leur camionnette sans pouvoir s\u2019arr\u00eater.<\/p>\n<p>La collision a \u00e9t\u00e9 in\u00e9vitable\u00a0; le motard a \u00e9t\u00e9 bless\u00e9 dans sa chute.<\/p>\n<p>\u00c2g\u00e9 de 43 ans et habitant \u00e0 Lyon 9e , il a \u00e9t\u00e9 transport\u00e9 \u00e0\u00a0l\u2019h\u00f4pital Lyon Sud.<\/p>\n<p>Concernant le pi\u00e9ton, il n\u2019a malheureusement pas \u00e9t\u00e9 possible de le r\u00e9animer.<\/p>\n<p>\u00c2g\u00e9 de 41 ans, il r\u00e9sidait \u00e0 \u00c9cully.<\/p>\n","protected":false},"excerpt":{"rendered":"On en sait plus sur le tragique double accident survenu sur l\u2019A89 jeudi soir, dans le sens Clermont-Lyon.&hellip;\n","protected":false},"author":2,"featured_media":595523,"comment_status":"","ping_status":"","sticky":false,"template":"","format":"standard","meta":{"footnotes":""},"categories":[1889],"tags":[119,1111,11,2430,3153,1777,674,274,107,1011,27,32667,2428,12,25,2429,20284],"class_list":{"0":"post-595522","1":"post","2":"type-post","3":"status-publish","4":"format-standard","5":"has-post-thumbnail","7":"category-lyon","8":"tag-accident","9":"tag-actu","10":"tag-actualites","11":"tag-auvergne-rhone-alpes","12":"tag-edition-ouest-lyonnais","13":"tag-eu","14":"tag-europe","15":"tag-faits-divers-justice","16":"tag-fil-info","17":"tag-fr","18":"tag-france","19":"tag-la-tour-de-salvagny","20":"tag-lyon","21":"tag-news","22":"tag-republique-francaise","23":"tag-rhone","24":"tag-tassin-la-demi-lune-bassin"},"share_on_mastodon":{"url":"https:\/\/pubeurope.com\/@fr\/115708412753135502","error":""},"_links":{"self":[{"href":"https:\/\/www.europesays.com\/fr\/wp-json\/wp\/v2\/posts\/595522","targetHints":{"allow":["GET"]}}],"collection":[{"href":"https:\/\/www.europesays.com\/fr\/wp-json\/wp\/v2\/posts"}],"about":[{"href":"https:\/\/www.europesays.com\/fr\/wp-json\/wp\/v2\/types\/post"}],"author":[{"embeddable":true,"href":"https:\/\/www.europesays.com\/fr\/wp-json\/wp\/v2\/users\/2"}],"replies":[{"embeddable":true,"href":"https:\/\/www.europesays.com\/fr\/wp-json\/wp\/v2\/comments?post=595522"}],"version-history":[{"count":0,"href":"https:\/\/www.europesays.com\/fr\/wp-json\/wp\/v2\/posts\/595522\/revisions"}],"wp:featuredmedia":[{"embeddable":true,"href":"https:\/\/www.europesays.com\/fr\/wp-json\/wp\/v2\/media\/595523"}],"wp:attachment":[{"href":"https:\/\/www.europesays.com\/fr\/wp-json\/wp\/v2\/media?parent=595522"}],"wp:term":[{"taxonomy":"category","embeddable":true,"href":"https:\/\/www.europesays.com\/fr\/wp-json\/wp\/v2\/categories?post=595522"},{"taxonomy":"post_tag","embeddable":true,"href":"https:\/\/www.europesays.com\/fr\/wp-json\/wp\/v2\/tags?post=595522"}],"curies":[{"name":"wp","href":"https:\/\/api.w.org\/{rel}","templated":true}]}}