{"id":595528,"date":"2025-12-12T20:20:03","date_gmt":"2025-12-12T20:20:03","guid":{"rendered":"https:\/\/www.europesays.com\/fr\/595528\/"},"modified":"2025-12-12T20:20:03","modified_gmt":"2025-12-12T20:20:03","slug":"la-mere-a-porte-plainte-pour-violences-volontaires-liberation","status":"publish","type":"post","link":"https:\/\/www.europesays.com\/fr\/595528\/","title":{"rendered":"la m\u00e8re a port\u00e9 plainte pour \u00abviolences volontaires\u00bb \u2013 Lib\u00e9ration"},"content":{"rendered":"<p class=\"sc-cPiKLX AiZTS text-element\">La m\u00e8re du gar\u00e7on qui a \u00e9t\u00e9 tondu dans un foyer parisien accueillant des mineurs plac\u00e9s par l\u2019Aide sociale \u00e0 l\u2019enfance <a href=\"https:\/\/www.liberation.fr\/societe\/police-justice\/ase-a-paris-un-enfant-de-8-ans-filme-en-train-detre-tondu-par-les-educateurs-de-son-foyer-20251209_SJAGUJBAPNDNNBV4GAODT7JTXM\/\" target=\"_blank\" rel=\"noopener\" title=\"https:\/\/www.liberation.fr\/societe\/police-justice\/ase-a-paris-un-enfant-de-8-ans-filme-en-train-detre-tondu-par-les-educateurs-de-son-foyer-20251209_SJAGUJBAPNDNNBV4GAODT7JTXM\/\">a d\u00e9pos\u00e9 ce vendredi 12 d\u00e9cembre une plainte pour \u00abviolences volontaires\u00bb,<\/a> selon le proc\u00e8s-verbal consult\u00e9 par l\u2019AFP, confirmant une information de <a href=\"https:\/\/www.franceinfo.fr\/faits-divers\/info-franceinfo-enfant-tondu-dans-un-foyer-a-paris-la-mere-d-eliott-a-porte-plainte-pour-violences-volontaires_7674952.html\" target=\"_blank\" rel=\"noopener\" title=\"https:\/\/www.franceinfo.fr\/faits-divers\/info-franceinfo-enfant-tondu-dans-un-foyer-a-paris-la-mere-d-eliott-a-porte-plainte-pour-violences-volontaires_7674952.html\">France Info.<\/a><\/p>\n<p class=\"sc-cPiKLX AiZTS text-element\">Des employ\u00e9s du foyer \u00e9ducatif Jenner, un \u00e9tablissement du XIIIe arrondissement de la capitale, ont ras\u00e9 la t\u00eate d\u2019un enfant plac\u00e9 en le filmant en f\u00e9vrier 2025, \u00ab\u00e0 des fins d\u2019humiliation\u00bb selon la ville de Paris, qui a saisi la justice.<\/p>\n<p class=\"sc-cPiKLX AiZTS text-element\"><a href=\"https:\/\/www.franceinfo.fr\/societe\/enfance-et-adolescence\/enfant-tondu-dans-un-foyer-le-parquet-de-paris-ouvre-une-enquete-pour-violences-volontaires-sur-mineur-de-quinze-ans-par-personne-ayant-autorite_7668406.html#at_medium=12&amp;at_campaign=Push%20notification&amp;at_offre=3&amp;at_platform=28&amp;at_id_push=fi_content_7668430&amp;at_push=Enfant%20ras%C3%A9%20dans%20un%20foyer%20%C3%A0%20Paris%20%3A%20le%20parquet%20ouvre%20une%20enqu%C3%AAte%20pour%20violences%20volontaires%20sur%20mineur%20par%20personne%20ayant%20autorit%C3%A9\" target=\"_blank\" rel=\"noopener\" title=\"https:\/\/www.franceinfo.fr\/societe\/enfance-et-adolescence\/enfant-tondu-dans-un-foyer-le-parquet-de-paris-ouvre-une-enquete-pour-violences-volontaires-sur-mineur-de-quinze-ans-par-personne-ayant-autorite_7668406.html#at_medium=12&amp;at_campaign=Push%20notification&amp;at_offre=3&amp;at_platform=28&amp;at_id_push=fi_content_7668430&amp;at_push=Enfant%20ras%C3%A9%20dans%20un%20foyer%20%C3%A0%20Paris%20%3A%20le%20parquet%20ouvre%20une%20enqu%C3%AAte%20pour%20violences%20volontaires%20sur%20mineur%20par%20personne%20ayant%20autorit%C3%A9\">France Info<\/a> a mis au jour l\u2019affaire mardi, r\u00e9v\u00e9lant que des images avaient \u00e9t\u00e9 diffus\u00e9es sur un groupe WhatsApp d\u2019\u00e9ducateurs o\u00f9 l\u2019on voyait l\u2019enfant, \u00e2g\u00e9 de 8 ans, appara\u00eetre torse nu, assis sur une chaise les bras crois\u00e9s, tandis qu\u2019une personne lui rasait la t\u00eate \u00e0 l\u2019aide d\u2019une tondeuse.<\/p>\n<p class=\"sc-cPiKLX AiZTS text-element\">Le parquet de Paris avait annonc\u00e9 mardi avoir ouvert une enqu\u00eate pour violences volontaires sur mineur de moins de 15 ans par personne ayant autorit\u00e9.<\/p>\n<p class=\"sc-cPiKLX AiZTS text-element\">Mercredi, <a href=\"https:\/\/www.liberation.fr\/societe\/police-justice\/paris-la-defenseure-des-droits-sautosaisit-apres-la-diffusion-dune-video-dun-enfant-tondu-par-ses-educateurs-dans-un-foyer-20251210_M5JIUNKANFCWDIFNANJBKL2L6A\/\" target=\"_blank\" rel=\"noopener\" title=\"https:\/\/www.liberation.fr\/societe\/police-justice\/paris-la-defenseure-des-droits-sautosaisit-apres-la-diffusion-dune-video-dun-enfant-tondu-par-ses-educateurs-dans-un-foyer-20251210_M5JIUNKANFCWDIFNANJBKL2L6A\/\">la D\u00e9fenseure des droits, Claire H\u00e9don<\/a>, avait indiqu\u00e9 s\u2019autosaisir de ces faits, d\u00e9non\u00e7ant une situation \u00ab\u00e9pouvantable\u00bb, et deux inspectrices avaient entam\u00e9 une mission de contr\u00f4le du foyer \u00e0 la demande de la ville.<\/p>\n<p class=\"sc-cPiKLX AiZTS text-element\">\u00abEprouv\u00e9e par l\u2019affaire\u00bb selon l\u2019avocat de la famille, la m\u00e8re du gar\u00e7on a port\u00e9 plainte ce vendredi au commissariat de police du XIIIe arrondissement en reprenant la qualification des faits choisie par le parquet. \u00abNous sommes port\u00e9s par la volont\u00e9 que les r\u00e9ponses arrivent vite\u00bb, a d\u00e9clar\u00e9 son avocat \u00e0 l\u2019AFP, Me Axel Delaunay-Belleville.<\/p>\n<p class=\"sc-cPiKLX AiZTS text-element\">L\u2019affaire a fait l\u2019effet d\u2019une secousse de plus au milieu <a href=\"https:\/\/www.liberation.fr\/societe\/je-suis-obligee-detre-forte-pour-ma-fille-qui-a-reussi-a-me-parler-a-paris-une-nouvelle-plainte-pour-une-agression-sexuelle-denfant-dans-une-maternelle-20251127_OYB6WIE22RCYDKK4OA5AUJWUXE\/\" target=\"_blank\" rel=\"noopener\" title=\"https:\/\/www.liberation.fr\/societe\/je-suis-obligee-detre-forte-pour-ma-fille-qui-a-reussi-a-me-parler-a-paris-une-nouvelle-plainte-pour-une-agression-sexuelle-denfant-dans-une-maternelle-20251127_OYB6WIE22RCYDKK4OA5AUJWUXE\/\">de plusieurs scandales<\/a> sur <a href=\"https:\/\/www.liberation.fr\/societe\/education\/violences-dans-le-periscolaire-a-paris-le-silence-doit-cesser-exhortent-des-familles-a-bout-20251126_YGMLFZS7IFF7XOY7KN5BLARDPU\/\" target=\"_blank\" rel=\"noopener\" title=\"https:\/\/www.liberation.fr\/societe\/education\/violences-dans-le-periscolaire-a-paris-le-silence-doit-cesser-exhortent-des-familles-a-bout-20251126_YGMLFZS7IFF7XOY7KN5BLARDPU\/\">les maltraitances envers les enfants<\/a>. Le gouvernement avait annonc\u00e9 fin novembre un projet de loi visant \u00e0 refondre la protection de l\u2019enfance qui sera examin\u00e9 d\u00e9but 2026. Il r\u00e9pond au rapport d\u2019une commission d\u2019enqu\u00eate rendu en avril qui d\u00e9non\u00e7ait l\u2019absence de \u00abr\u00e8gle minimale d\u2019encadrement\u00bb.<\/p>\n","protected":false},"excerpt":{"rendered":"La m\u00e8re du gar\u00e7on qui a \u00e9t\u00e9 tondu dans un foyer parisien accueillant des mineurs plac\u00e9s par l\u2019Aide&hellip;\n","protected":false},"author":2,"featured_media":595529,"comment_status":"","ping_status":"","sticky":false,"template":"","format":"standard","meta":{"footnotes":""},"categories":[1888],"tags":[1111,1928,11,1927,1777,674,1011,27,24934,12,1926,626,1925,25],"class_list":{"0":"post-595528","1":"post","2":"type-post","3":"status-publish","4":"format-standard","5":"has-post-thumbnail","7":"category-paris","8":"tag-actu","9":"tag-actu-paris","10":"tag-actualites","11":"tag-actualites-paris","12":"tag-eu","13":"tag-europe","14":"tag-fr","15":"tag-france","16":"tag-maltraitance-infantile","17":"tag-news","18":"tag-news-paris","19":"tag-paris","20":"tag-paris-news","21":"tag-republique-francaise"},"share_on_mastodon":{"url":"https:\/\/pubeurope.com\/@fr\/115708456310541673","error":""},"_links":{"self":[{"href":"https:\/\/www.europesays.com\/fr\/wp-json\/wp\/v2\/posts\/595528","targetHints":{"allow":["GET"]}}],"collection":[{"href":"https:\/\/www.europesays.com\/fr\/wp-json\/wp\/v2\/posts"}],"about":[{"href":"https:\/\/www.europesays.com\/fr\/wp-json\/wp\/v2\/types\/post"}],"author":[{"embeddable":true,"href":"https:\/\/www.europesays.com\/fr\/wp-json\/wp\/v2\/users\/2"}],"replies":[{"embeddable":true,"href":"https:\/\/www.europesays.com\/fr\/wp-json\/wp\/v2\/comments?post=595528"}],"version-history":[{"count":0,"href":"https:\/\/www.europesays.com\/fr\/wp-json\/wp\/v2\/posts\/595528\/revisions"}],"wp:featuredmedia":[{"embeddable":true,"href":"https:\/\/www.europesays.com\/fr\/wp-json\/wp\/v2\/media\/595529"}],"wp:attachment":[{"href":"https:\/\/www.europesays.com\/fr\/wp-json\/wp\/v2\/media?parent=595528"}],"wp:term":[{"taxonomy":"category","embeddable":true,"href":"https:\/\/www.europesays.com\/fr\/wp-json\/wp\/v2\/categories?post=595528"},{"taxonomy":"post_tag","embeddable":true,"href":"https:\/\/www.europesays.com\/fr\/wp-json\/wp\/v2\/tags?post=595528"}],"curies":[{"name":"wp","href":"https:\/\/api.w.org\/{rel}","templated":true}]}}