{"id":595536,"date":"2025-12-12T20:26:17","date_gmt":"2025-12-12T20:26:17","guid":{"rendered":"https:\/\/www.europesays.com\/fr\/595536\/"},"modified":"2025-12-12T20:26:17","modified_gmt":"2025-12-12T20:26:17","slug":"le-conseil-interdit-temporairement-tout-transfert-vers-la-russie-des-actifs-immobilises-de-la-banque-centrale-russe","status":"publish","type":"post","link":"https:\/\/www.europesays.com\/fr\/595536\/","title":{"rendered":"le Conseil interdit temporairement tout transfert vers la Russie des actifs immobilis\u00e9s de la Banque centrale russe"},"content":{"rendered":"<p>AA \/\u00a0Istanbul\u00a0\/\u00a0Serap\u00a0Dogansoy\u00a0et Adama Bamba<\/p>\n<p>Le Conseil de l\u2019Union europ\u00e9enne a d\u00e9cid\u00e9 ce vendredi d\u2019interdire, \u00e0 titre provisoire, tout transfert vers la Russie des actifs de la Banque centrale de Russie immobilis\u00e9s dans l\u2019UE, une mesure adopt\u00e9e en urgence afin de pr\u00e9venir de potentielles r\u00e9percussions \u00e9conomiques pour l\u2019Union.<\/p>\n<p>Selon l\u2019institution, toute mise \u00e0 disposition de ressources suppl\u00e9mentaires pourrait \u00eatre utilis\u00e9e par Moscou pour financer sa guerre d\u2019agression contre l\u2019Ukraine, avec un risque accru d&rsquo;aggravation des difficult\u00e9s \u00e9conomiques au sein des \u00c9tats membres et d\u2019escalade d\u2019activit\u00e9s hybrides dirig\u00e9es contre l\u2019UE.<\/p>\n<p>Le r\u00e8glement adopt\u00e9 interdit temporairement tout transfert direct ou indirect d\u2019actifs ou de r\u00e9serves de la Banque centrale de Russie, ainsi que de toute entit\u00e9 agissant pour son compte ou sous sa direction, notamment le Fonds national de richesse russe.<\/p>\n<p>Ces mesures resteront en vigueur tant que la mise \u00e0 disposition de ressources financi\u00e8res importantes \u00e0 la Russie continuera de poser, ou menacer de poser, de graves difficult\u00e9s \u00e9conomiques pour l\u2019Union et ses \u00c9tats membres, indique le Conseil.<\/p>\n<p><strong>&#8211; Le ministre fran\u00e7ais des Affaires \u00e9trang\u00e8res Jean-No\u00ebl Barrot salue une mesure \u00ab majeure \u00bb<\/strong><\/p>\n<p>Dans un message publi\u00e9 sur le r\u00e9seau social am\u00e9ricain X, Jean-No\u00ebl Barrot a affirm\u00e9 que \u00ab la Russie sera priv\u00e9e de ses actifs plac\u00e9s en Europe jusqu\u2019\u00e0 ce qu\u2019elle cesse sa guerre d\u2019agression et verse des r\u00e9parations \u00e0 l\u2019Ukraine \u00bb, ajoutant que \u00ab personne ne d\u00e9cidera \u00e0 la place des Europ\u00e9ens du sort de ces fonds \u00bb.<\/p>\n<p>S\u2019exprimant sur\u00a0Franceinfo, le chef de la diplomatie fran\u00e7aise a expliqu\u00e9 que pr\u00e8s de 200 milliards d\u2019euros d\u2019actifs russes avaient \u00e9t\u00e9 initialement gel\u00e9s pour des p\u00e9riodes renouvelables de six mois, sous r\u00e9serve de l\u2019accord unanime des 27 \u00c9tats membres. \u00ab Cela signifiait que si un seul pays s\u2019y opposait, la Russie pouvait r\u00e9cup\u00e9rer ces sommes \u00e0 tout moment \u00bb, a-t-il rappel\u00e9.<\/p>\n<p>Selon Jean-No\u00ebl Barrot, la d\u00e9cision prise met fin \u00e0 cette fragilit\u00e9 juridique. \u00ab Nous avons d\u00e9cid\u00e9 de bloquer ces sommes aussi longtemps que n\u00e9cessaire \u00bb, a-t-il soulign\u00e9, \u00e9voquant \u00e9galement la possibilit\u00e9 de constituer un important paquet de financements en discussion \u00e0 Bruxelles, destin\u00e9 \u00e0 garantir la stabilit\u00e9 financi\u00e8re de l\u2019Ukraine pour au moins deux ans.<\/p>\n<p>En France, le d\u00e9put\u00e9 Benjamin Haddad a \u00e9galement qualifi\u00e9 cette mesure d\u2019\u00ab avanc\u00e9e majeure \u00bb, soulignant que les avoirs russes ne seraient d\u00e9sormais plus soumis au renouvellement semestriel des sanctions. \u00ab Personne ne d\u00e9cidera de la s\u00e9curit\u00e9 des Europ\u00e9ens \u00e0 notre place \u00bb, a-t-il insist\u00e9.<\/p>\n<p>La cheffe de la diplomatie europ\u00e9enne,\u00a0Kaja\u00a0Kallas, a salu\u00e9 cette d\u00e9cision, affirmant que l\u2019Union europ\u00e9enne venait d\u2019\u00ab immobiliser ind\u00e9finiment les actifs russes \u00bb. Elle a pr\u00e9cis\u00e9 que jusqu\u2019\u00e0 210 milliards d\u2019euros resteraient en Europe tant que Moscou ne paierait pas de r\u00e9parations, ajoutant que la pression sur la Russie continuerait \u00ab jusqu\u2019\u00e0 ce qu\u2019elle prenne les n\u00e9gociations au s\u00e9rieux \u00bb.<\/p>\n<p>De son c\u00f4t\u00e9, la pr\u00e9sidente de la Commission europ\u00e9enne Ursula von der\u00a0Leyen\u00a0a d\u00e9clar\u00e9 accueillir favorablement la d\u00e9cision du Conseil, estimant qu\u2019elle envoyait \u00ab un signal fort \u00e0 la Russie \u00bb et un message clair de soutien \u00e0 l\u2019Ukraine, afin de renforcer sa position \u00ab sur le champ de bataille comme \u00e0 la table des n\u00e9gociations \u00bb.<\/p>\n<p>                            &#13;<br \/>\n                                <a href=\"https:\/\/www.aa.com.tr\/fr\/p\/abonnement\/1001\" target=\"_blank\" style=\"font-size:12px; color:#444; text-decoration:none;\" rel=\"noopener\">&#13;<br \/>\n                                    Seulement une partie des d\u00e9p\u00eaches, que l&rsquo;Agence Anadolu diffuse \u00e0 ses abonn\u00e9s via le Syst\u00e8me de Diffusion interne (HAS), est diffus\u00e9e sur le site de l&rsquo;AA, de mani\u00e8re r\u00e9sum\u00e9e. <b style=\"color:#1897F7\">Contactez-nous s&rsquo;il vous pla\u00eet pour vous abonner.<\/b>&#13;<br \/>\n                                <\/a>&#13;<\/p>\n","protected":false},"excerpt":{"rendered":"AA \/\u00a0Istanbul\u00a0\/\u00a0Serap\u00a0Dogansoy\u00a0et Adama Bamba Le Conseil de l\u2019Union europ\u00e9enne a d\u00e9cid\u00e9 ce vendredi d\u2019interdire, \u00e0 titre provisoire, tout&hellip;\n","protected":false},"author":2,"featured_media":595537,"comment_status":"","ping_status":"","sticky":false,"template":"","format":"standard","meta":{"footnotes":""},"categories":[1591],"tags":[11,1785,70821,1887,12,1885,1886,132],"class_list":{"0":"post-595536","1":"post","2":"type-post","3":"status-publish","4":"format-standard","5":"has-post-thumbnail","7":"category-russie","8":"tag-actualites","9":"tag-anadolu-ajansi","10":"tag-conseil-de-lunion-europenne","11":"tag-federation-de-russie","12":"tag-news","13":"tag-russia","14":"tag-russian-federation","15":"tag-russie"},"share_on_mastodon":{"url":"https:\/\/pubeurope.com\/@fr\/115708479678440268","error":""},"_links":{"self":[{"href":"https:\/\/www.europesays.com\/fr\/wp-json\/wp\/v2\/posts\/595536","targetHints":{"allow":["GET"]}}],"collection":[{"href":"https:\/\/www.europesays.com\/fr\/wp-json\/wp\/v2\/posts"}],"about":[{"href":"https:\/\/www.europesays.com\/fr\/wp-json\/wp\/v2\/types\/post"}],"author":[{"embeddable":true,"href":"https:\/\/www.europesays.com\/fr\/wp-json\/wp\/v2\/users\/2"}],"replies":[{"embeddable":true,"href":"https:\/\/www.europesays.com\/fr\/wp-json\/wp\/v2\/comments?post=595536"}],"version-history":[{"count":0,"href":"https:\/\/www.europesays.com\/fr\/wp-json\/wp\/v2\/posts\/595536\/revisions"}],"wp:featuredmedia":[{"embeddable":true,"href":"https:\/\/www.europesays.com\/fr\/wp-json\/wp\/v2\/media\/595537"}],"wp:attachment":[{"href":"https:\/\/www.europesays.com\/fr\/wp-json\/wp\/v2\/media?parent=595536"}],"wp:term":[{"taxonomy":"category","embeddable":true,"href":"https:\/\/www.europesays.com\/fr\/wp-json\/wp\/v2\/categories?post=595536"},{"taxonomy":"post_tag","embeddable":true,"href":"https:\/\/www.europesays.com\/fr\/wp-json\/wp\/v2\/tags?post=595536"}],"curies":[{"name":"wp","href":"https:\/\/api.w.org\/{rel}","templated":true}]}}