{"id":595540,"date":"2025-12-12T20:28:16","date_gmt":"2025-12-12T20:28:16","guid":{"rendered":"https:\/\/www.europesays.com\/fr\/595540\/"},"modified":"2025-12-12T20:28:16","modified_gmt":"2025-12-12T20:28:16","slug":"trump-affirme-que-les-dirigeants-thailandais-et-cambodgiens-ont-accepte-de-mettre-fin-aux-combats","status":"publish","type":"post","link":"https:\/\/www.europesays.com\/fr\/595540\/","title":{"rendered":"Trump affirme que les dirigeants tha\u00eflandais et cambodgiens ont accept\u00e9 de mettre fin aux combats"},"content":{"rendered":"<p>AA \/ Washington \/ Michael Hernandez<\/p>\n<p>Le pr\u00e9sident am\u00e9ricain Donald Trump a d\u00e9clar\u00e9 vendredi que les dirigeants de la Tha\u00eflande et du Cambodge ont accept\u00e9 de mettre un terme \u00e0 la reprise des combats et de revenir \u00e0 un accord de paix qu\u2019il avait contribu\u00e9 \u00e0 n\u00e9gocier.<\/p>\n<p>Trump a indiqu\u00e9 que sa conversation avec le Premier ministre tha\u00eflandais Anutin Charnvirakul et le Premier ministre cambodgien Hun Manet avait permis cette avanc\u00e9e.<\/p>\n<p>\u00ab Ils ont accept\u00e9 de cesser tous les tirs d\u00e8s ce soir et de revenir \u00e0 l\u2019accord de paix initial conclu avec moi, et avec eux, avec l\u2019aide du Premier ministre de Malaisie, Anwar Ibrahim \u00bb, a-t-il \u00e9crit sur sa plateforme Truth Social.<\/p>\n<p>Il a ajout\u00e9: \u00ab l\u2019engin explosif artisanal en bord de route, qui a initialement tu\u00e9 et bless\u00e9 de nombreux soldats tha\u00eflandais, \u00e9tait un accident, mais la Tha\u00eflande a n\u00e9anmoins ripost\u00e9 tr\u00e8s fermement. Les deux pays sont pr\u00eats pour la paix et pour la poursuite de leurs \u00e9changes commerciaux avec les \u00c9tats-Unis. C\u2019est pour moi un honneur de travailler avec Anutin et Hun afin de r\u00e9soudre ce qui aurait pu \u00e9voluer vers une guerre majeure \u00bb.<\/p>\n<p>Les affrontements frontaliers entre la Tha\u00eflande et le Cambodge ont d\u00e9plac\u00e9 environ 700 000 personnes des deux c\u00f4t\u00e9s de la fronti\u00e8re, tandis que le bilan des victimes s\u2019\u00e9l\u00e8ve \u00e0 23 morts depuis lundi, selon des responsables et des m\u00e9dias locaux.<\/p>\n<p>Les deux pays avaient sign\u00e9 un accord de paix en octobre \u00e0 Kuala Lumpur, en pr\u00e9sence de Donald Trump et du Premier ministre malaisien Anwar Ibrahim. Cet accord avait \u00e9t\u00e9 suspendu apr\u00e8s que des soldats tha\u00eflandais ont \u00e9t\u00e9 gri\u00e8vement bless\u00e9s par l\u2019explosion d\u2019une mine terrestre dans une province frontali\u00e8re.<\/p>\n<p>Les deux pays voisins sont engag\u00e9s de longue date dans un diff\u00e9rend frontalier, \u00e0 l\u2019origine de violents affrontements r\u00e9p\u00e9t\u00e9s, notamment en juillet dernier, lorsque au moins 48 personnes avaient \u00e9t\u00e9 tu\u00e9es.<\/p>\n<p>Le Premier ministre malaisien Anwar Ibrahim, dont le pays assure en 2025 la pr\u00e9sidence de l\u2019Association des nations de l\u2019Asie du Sud-Est (ASEAN), a indiqu\u00e9 avoir discut\u00e9 du conflit entre le Cambodge et la Tha\u00eflande avec Donald Trump, ainsi que des relations bilat\u00e9rales et de questions mondiales d\u2019int\u00e9r\u00eat commun, selon un communiqu\u00e9 publi\u00e9 vendredi sur la plateforme sociale Facebook, bas\u00e9e aux \u00c9tats-unis. <\/p>\n<p>Kuala Lumpur est pr\u00eate \u00e0 \u00ab soutenir les efforts visant \u00e0 d\u00e9samorcer la situation, prot\u00e9ger les civils et contribuer au r\u00e9tablissement de la stabilit\u00e9 r\u00e9gionale, conform\u00e9ment \u00e0 l\u2019esprit de bon voisinage de l\u2019ASEAN \u00bb, a-t-il d\u00e9clar\u00e9.<\/p>\n<p>Anwar Ibrahim a \u00e9galement annonc\u00e9 que la Malaisie convoquera prochainement une r\u00e9union sp\u00e9ciale des ministres des Affaires \u00e9trang\u00e8res de l\u2019ASEAN \u00ab afin d\u2019\u00e9valuer la situation et de soutenir les mesures de d\u00e9sescalade \u00bb.<\/p>\n<p>* traduit de l&rsquo;anglais par Ayse Betul Akcesme<\/p>\n<p>                            &#13;<br \/>\n                                <a href=\"https:\/\/www.aa.com.tr\/fr\/p\/abonnement\/1001\" target=\"_blank\" style=\"font-size:12px; color:#444; text-decoration:none;\" rel=\"noopener\">&#13;<br \/>\n                                    Seulement une partie des d\u00e9p\u00eaches, que l&rsquo;Agence Anadolu diffuse \u00e0 ses abonn\u00e9s via le Syst\u00e8me de Diffusion interne (HAS), est diffus\u00e9e sur le site de l&rsquo;AA, de mani\u00e8re r\u00e9sum\u00e9e. <b style=\"color:#1897F7\">Contactez-nous s&rsquo;il vous pla\u00eet pour vous abonner.<\/b>&#13;<br \/>\n                                <\/a>&#13;<\/p>\n","protected":false},"excerpt":{"rendered":"AA \/ Washington \/ Michael Hernandez Le pr\u00e9sident am\u00e9ricain Donald Trump a d\u00e9clar\u00e9 vendredi que les dirigeants de&hellip;\n","protected":false},"author":2,"featured_media":595541,"comment_status":"","ping_status":"","sticky":false,"template":"","format":"standard","meta":{"footnotes":""},"categories":[1589],"tags":[4295,11,1785,9265,73,1866,12,66645,467,1864,1865,1863,308],"class_list":{"0":"post-595540","1":"post","2":"type-post","3":"status-publish","4":"format-standard","5":"has-post-thumbnail","7":"category-etats-unis","8":"tag-tats-unis","9":"tag-actualites","10":"tag-anadolu-ajansi","11":"tag-cambodge","12":"tag-etats-unis","13":"tag-etats-unis-damerique","14":"tag-news","15":"tag-thalande","16":"tag-trump","17":"tag-united-states","18":"tag-united-states-of-america","19":"tag-us","20":"tag-usa"},"share_on_mastodon":{"url":"https:\/\/pubeurope.com\/@fr\/115708487553582678","error":""},"_links":{"self":[{"href":"https:\/\/www.europesays.com\/fr\/wp-json\/wp\/v2\/posts\/595540","targetHints":{"allow":["GET"]}}],"collection":[{"href":"https:\/\/www.europesays.com\/fr\/wp-json\/wp\/v2\/posts"}],"about":[{"href":"https:\/\/www.europesays.com\/fr\/wp-json\/wp\/v2\/types\/post"}],"author":[{"embeddable":true,"href":"https:\/\/www.europesays.com\/fr\/wp-json\/wp\/v2\/users\/2"}],"replies":[{"embeddable":true,"href":"https:\/\/www.europesays.com\/fr\/wp-json\/wp\/v2\/comments?post=595540"}],"version-history":[{"count":0,"href":"https:\/\/www.europesays.com\/fr\/wp-json\/wp\/v2\/posts\/595540\/revisions"}],"wp:featuredmedia":[{"embeddable":true,"href":"https:\/\/www.europesays.com\/fr\/wp-json\/wp\/v2\/media\/595541"}],"wp:attachment":[{"href":"https:\/\/www.europesays.com\/fr\/wp-json\/wp\/v2\/media?parent=595540"}],"wp:term":[{"taxonomy":"category","embeddable":true,"href":"https:\/\/www.europesays.com\/fr\/wp-json\/wp\/v2\/categories?post=595540"},{"taxonomy":"post_tag","embeddable":true,"href":"https:\/\/www.europesays.com\/fr\/wp-json\/wp\/v2\/tags?post=595540"}],"curies":[{"name":"wp","href":"https:\/\/api.w.org\/{rel}","templated":true}]}}