{"id":595546,"date":"2025-12-12T20:32:21","date_gmt":"2025-12-12T20:32:21","guid":{"rendered":"https:\/\/www.europesays.com\/fr\/595546\/"},"modified":"2025-12-12T20:32:21","modified_gmt":"2025-12-12T20:32:21","slug":"leditorial-de-gaetan-de-capele-face-a-la-concurrence-destructrice-de-logre-chinois-leurope-doit-reagir-durgence","status":"publish","type":"post","link":"https:\/\/www.europesays.com\/fr\/595546\/","title":{"rendered":"L\u2019\u00e9ditorial de Ga\u00ebtan de Cap\u00e8le\u00a0:\u00a0\u00abFace \u00e0 la concurrence destructrice de l\u2019ogre chinois, l\u2019Europe doit r\u00e9agir d\u2019urgence\u00bb"},"content":{"rendered":"<p>\n    Automobile, sid\u00e9rurgie, pharmacie\u2026 Aucun secteur n\u2019\u00e9tant d\u00e9sormais \u00e0 l\u2019abri, d\u2019autres suivront sans une r\u00e9action.<\/p>\n<p class=\"fig-paragraph\">Petit \u00e0 petit, l\u2019\u00e9tau se resserre. L\u2019ogre chinois, qui accaparera dans quelques ann\u00e9es la moiti\u00e9 de la production industrielle mondiale, poursuit son entreprise de destruction. Avec\u00a0<a href=\"http:\/\/www.lefigaro.fr\/societes\/brandt-le-gouvernement-ne-laisse-pas-tomber-l-entreprise-et-dit-souhaiter-un-nouveau-projet-20251212\" data-fig-type=\"NewsFlash\" data-gtm-custom-categorie=\"navigation\" data-gtm-custom-action=\"crossclick\" data-gtm-custom-label=\"Contextuel\" data-gtm-event=\"customEventSPE\" data-fig-domain=\"LEFIGARO\" rel=\"nofollow noopener\" target=\"_blank\">la faillite de Brandt<\/a>, lamin\u00e9 par cette irr\u00e9sistible concurrence, le dernier site fran\u00e7ais d\u2019\u00e9lectrom\u00e9nager ferme ses portes. C\u2019est une catastrophe \u00e9conomique, un d\u00e9sastre social et un nouveau symbole de la r\u00e9volution en cours apr\u00e8s\u00a0<a href=\"http:\/\/www.lefigaro.fr\/societes\/scrolling-nocturne-sur-internet-reunions-de-crise-et-operations-coup-de-poing-comment-l-etat-a-resserre-son-etau-sur-shein-20251201\" data-fig-type=\"Article\" data-gtm-custom-categorie=\"navigation\" data-gtm-custom-action=\"crossclick\" data-gtm-custom-label=\"Contextuel\" data-gtm-event=\"customEventSPE\" data-fig-domain=\"LEFIGARO\" rel=\"nofollow noopener\" target=\"_blank\">l\u2019affaire Shein<\/a>, synonyme de la liquidation du commerce. L\u2019arri\u00e8re-cour du miracle chinois est peu reluisante\u00a0: des milliers d\u2019ouvriers, souvent des femmes, fabriquent jour et nuit, dans des conditions indignes et pour des salaires de\u00a0mis\u00e8re, les produits qui d\u00e9cimeront nos entreprises.<\/p>\n<p class=\"fig-paragraph\">Automobile, sid\u00e9rurgie, pharmacie\u2026 Aucun secteur n\u2019\u00e9tant d\u00e9sormais \u00e0 l\u2019abri, d\u2019autres suivront sans une r\u00e9action d\u2019urgence. D\u2019abord de l\u2019Europe, qui a fait du consommateur l\u2019alpha et l\u2019om\u00e9ga de sa politique \u00e9conomique, quel qu\u2019en soit le prix. Lequel consommateur, soit dit en passant, se pr\u00e9cipite\u2026<\/p>\n<p class=\"fig-premium-paywall__infos\">\n        Cet article est r\u00e9serv\u00e9 aux abonn\u00e9s.        Il vous reste 58% \u00e0 d\u00e9couvrir.\n    <\/p>\n<p>                <img  data- alt=\"Le Figaro\" class=\"fig-img--complete fig-img\"\/><\/p>\n<p class=\"fig-premium-paywall__title\">Vente Flash<\/p>\n<p class=\"fig-premium-paywall__subtitle\">-50% sur l&rsquo;abonnement num\u00e9rique<\/p>\n<p class=\"fig-premium-paywall__connect\">\n                D\u00e9j\u00e0 abonn\u00e9\u00a0?                <a class=\"fig-premium-paywall__connect-link\" href=\"https:\/\/connect.lefigaro.fr\/login?client=horizon_web&amp;type=main&amp;redirect_uri=https%3A%2F%2Fwww.lefigaro.fr%2Fvox%2Feconomie%2Fl-editorial-de-gaetan-de-capele-face-a-la-concurrence-destructrice-de-l-ogre-chinois-l-europe-doit-reagir-d-urgence-20251212\" data-js-gtm=\"{&quot;customCategorie&quot;: &quot;conversion&quot;, &quot;customAction&quot;: &quot;before_Landing_Connexion_paywall_auto&quot;, &quot;customLabel&quot;: &quot;bGVmaWdhcm8uZnJfXzFmMGQ3OGQ1LTgyZDUtNjQ5Mi04NGRmLTc3ZjI0MjZkMmU1ZF9fQXJ0aWNsZQ==_L\u2019\u00e9ditorial de Ga\u00ebtan de Cap\u00e8le\u00a0:\u00a0\u00abFace \u00e0 la concurrence destructrice de l\u2019ogre chinois, l\u2019Europe doit r\u00e9agir d\u2019urgence\u00bb_293&quot;, &quot;customIDSPE&quot;: &quot;bGVmaWdhcm8uZnJfXzFmMGQ3OGQ1LTgyZDUtNjQ5Mi04NGRmLTc3ZjI0MjZkMmU1ZF9fQXJ0aWNsZQ==&quot;, &quot;event&quot;: &quot;customEventSPE&quot;}\" rel=\"nofollow noopener\" target=\"_blank\"><br \/>\n                    Connectez-vous<br \/>\n                <\/a>\n            <\/p>\n","protected":false},"excerpt":{"rendered":"Automobile, sid\u00e9rurgie, pharmacie\u2026 Aucun secteur n\u2019\u00e9tant d\u00e9sormais \u00e0 l\u2019abri, d\u2019autres suivront sans une r\u00e9action. Petit \u00e0 petit, l\u2019\u00e9tau&hellip;\n","protected":false},"author":2,"featured_media":595547,"comment_status":"","ping_status":"","sticky":false,"template":"","format":"standard","meta":{"footnotes":""},"categories":[1586],"tags":[11,309,8425,1777,674,1011,27,12,25,1104],"class_list":{"0":"post-595546","1":"post","2":"type-post","3":"status-publish","4":"format-standard","5":"has-post-thumbnail","7":"category-europe","8":"tag-actualites","9":"tag-chine","10":"tag-editorial-figaro","11":"tag-eu","12":"tag-europe","13":"tag-fr","14":"tag-france","15":"tag-news","16":"tag-republique-francaise","17":"tag-shein"},"share_on_mastodon":{"url":"https:\/\/pubeurope.com\/@fr\/115708503418594928","error":""},"_links":{"self":[{"href":"https:\/\/www.europesays.com\/fr\/wp-json\/wp\/v2\/posts\/595546","targetHints":{"allow":["GET"]}}],"collection":[{"href":"https:\/\/www.europesays.com\/fr\/wp-json\/wp\/v2\/posts"}],"about":[{"href":"https:\/\/www.europesays.com\/fr\/wp-json\/wp\/v2\/types\/post"}],"author":[{"embeddable":true,"href":"https:\/\/www.europesays.com\/fr\/wp-json\/wp\/v2\/users\/2"}],"replies":[{"embeddable":true,"href":"https:\/\/www.europesays.com\/fr\/wp-json\/wp\/v2\/comments?post=595546"}],"version-history":[{"count":0,"href":"https:\/\/www.europesays.com\/fr\/wp-json\/wp\/v2\/posts\/595546\/revisions"}],"wp:featuredmedia":[{"embeddable":true,"href":"https:\/\/www.europesays.com\/fr\/wp-json\/wp\/v2\/media\/595547"}],"wp:attachment":[{"href":"https:\/\/www.europesays.com\/fr\/wp-json\/wp\/v2\/media?parent=595546"}],"wp:term":[{"taxonomy":"category","embeddable":true,"href":"https:\/\/www.europesays.com\/fr\/wp-json\/wp\/v2\/categories?post=595546"},{"taxonomy":"post_tag","embeddable":true,"href":"https:\/\/www.europesays.com\/fr\/wp-json\/wp\/v2\/tags?post=595546"}],"curies":[{"name":"wp","href":"https:\/\/api.w.org\/{rel}","templated":true}]}}